{"id":29927,"date":"2025-09-04T16:46:34","date_gmt":"2025-09-04T13:46:34","guid":{"rendered":"https:\/\/akdenizhaber.com.tr\/?p=29927"},"modified":"2025-09-04T16:46:34","modified_gmt":"2025-09-04T13:46:34","slug":"buyuksehir-konyaaltinin-coban-haritasini-cikariyor","status":"publish","type":"post","link":"https:\/\/akdenizhaber.com.tr\/index.php\/2025\/09\/04\/buyuksehir-konyaaltinin-coban-haritasini-cikariyor\/","title":{"rendered":"B\u00fcy\u00fck\u015fehir Konyaalt\u0131\u2019n\u0131n \u201c\u00c7oban Haritas\u0131n\u0131\u201d \u00e7\u0131kar\u0131yor"},"content":{"rendered":"\n<p>Antalya B\u00fcy\u00fck\u015fehir Belediyesi \u201c\u00c7oban Haritas\u0131 Projesi\u201d kapsam\u0131nda Konyaalt\u0131\u2019nda \u00e7al\u0131\u015fmalar\u0131n\u0131 s\u00fcrd\u00fcr\u00fcyor. Konyaalt\u0131\u2019n\u0131n k\u0131rsal mahallelerinde hayvanc\u0131l\u0131k yapan \u00e7obanlar\u0131n yaylaklardaki konaklama alanlar\u0131n\u0131n koordinatlar\u0131 \u00e7\u0131kar\u0131l\u0131yor. Proje kapsam\u0131nda \u00e7obanlar yerinde ziyaret edilerek, veterinerlik hizmeti ve mineral ta\u015f\u0131 deste\u011fi sa\u011flan\u0131yor.<\/p>\n\n\n\n<p>Antalya B\u00fcy\u00fck\u015fehir Belediyesi\u2019nin \u00c7oban Haritas\u0131 Projesi ile Antalya genelinde \u00e7obanl\u0131k mesle\u011finin s\u00fcrd\u00fcr\u00fclebilirli\u011fi, tar\u0131mda yerelden kalk\u0131nman\u0131n desteklenmesi, \u015fehirlere g\u00f6\u00e7\u00fcn \u00f6nlenmesi ve t\u00fcketicinin sa\u011fl\u0131kl\u0131 g\u0131dayla bulu\u015fturulmas\u0131 hedefleniyor. Atalar\u0131n\u0131n konaklad\u0131\u011f\u0131 yerlerde \u00e7obanl\u0131k mesle\u011fini s\u00fcrd\u00fcren \u00e7obanlar\u0131n konumlar\u0131 yerinde ziyaret edilerek harita m\u00fchendisleri taraf\u0131ndan kay\u0131t alt\u0131na al\u0131n\u0131yor. Mera ve yaylaklar\u0131 kullanan \u00e7obanlarla yap\u0131lan anket \u00e7al\u0131\u015fmalar\u0131 ile ihtiya\u00e7lar\u0131 belirlenerek s\u00fcrd\u00fcr\u00fclebilir ve do\u011fru desteklemelerin yap\u0131lmas\u0131 i\u00e7in bilgi toplan\u0131yor. \u00c7al\u0131\u015fma kapsam\u0131nda \u00e7obanlar\u0131n ileti\u015fim bilgileri de al\u0131narak bir ileti\u015fim a\u011f\u0131 olu\u015fturuluyor.<\/p>\n\n\n\n<p>KONYAALTI\u2019NDA 100 \u00c7OBANA ULA\u015eILDI<\/p>\n\n\n\n<p>Korkuteli ve Elmal\u0131 il\u00e7elerinin ard\u0131ndan \u00e7oban haritas\u0131 \u00e7al\u0131\u015fmalar\u0131n\u0131n Konyaalt\u0131\u2019nda devam etti\u011fini belirten Ziraat M\u00fchendisi Erdost Ero\u011flu \u201c\u00c7oban Haritas\u0131 Projemiz kapsam\u0131nda ge\u00e7ti\u011fimiz y\u0131llarda Elmal\u0131 ve Korkuteli il\u00e7elerimizde \u00e7al\u0131\u015fmalar\u0131m\u0131z\u0131 tamamlam\u0131\u015ft\u0131k. Bu y\u0131l da Konyaalt\u0131 il\u00e7emizdeyiz. Konyaalt\u0131 Har\u0131myurt yaylas\u0131nda \u00e7obanlar\u0131m\u0131z\u0131 yerinde ziyaret ediyor, anket \u00e7al\u0131\u015fmam\u0131z\u0131 yap\u0131yoruz. Harita m\u00fchendisimiz \u00e7obanlar\u0131m\u0131z\u0131n kulland\u0131\u011f\u0131 yaylaklarda a\u011f\u0131llar\u0131n\u0131 kurduklar\u0131 konumlar\u0131 kay\u0131t alt\u0131na al\u0131yor. Kaliteyi artt\u0131rmak i\u00e7in vitamin ta\u015f\u0131 hibesinde bulunuyoruz. Bu kapsamda Konyaalt\u0131 il\u00e7emizde 10 mahallemizde 100 \u00e7oban\u0131m\u0131za ula\u015ft\u0131k. B\u00fcy\u00fck\u015fehir Belediyesi olarak \u00e7obanlar\u0131m\u0131z\u0131 desteklemeye ve \u00e7al\u0131\u015fmalar\u0131m\u0131z\u0131 di\u011fer il\u00e7elere ta\u015f\u0131maya devam edece\u011fiz\u201d dedi.<\/p>\n\n\n\n<p>BELED\u0130YEM\u0130ZE TE\u015eEKK\u00dcR EDER\u0130Z<\/p>\n\n\n\n<p>B\u00fcy\u00fck\u015fehir Belediyesine hibe desteklemelerinden vatanda\u015flar\u0131n memnun oldu\u011funu s\u00f6yleyen Doyran Mahallesi Muhtar\u0131 Mehmet Akkaya \u201cB\u00fcy\u00fck\u015fehir Belediyesi ekiplerimizle \u00e7oban haritas\u0131 \u00e7al\u0131\u015fmalar\u0131 kapsam\u0131nda Sakl\u0131kent Har\u0131myurt Yaylas\u0131 Odunluca mevkiinde \u00e7obanlar\u0131m\u0131zla bulu\u015ftuk. Besleme ta\u015f\u0131 olarak bilinen vitaminli yalama ta\u015flar\u0131 talepte bulunan \u00e7obanlar\u0131m\u0131za teslim ediliyor. B\u00fcy\u00fck\u015fehir Belediyemizin hibe desteklerinden vatanda\u015flar olarak memnunuz. Yakla\u015f\u0131k bu b\u00f6lgede 1500 k\u00fc\u00e7\u00fckba\u015f hayvan bulunuyor. Da\u011f, ta\u015f, ya\u011fmur, \u00e7amur demeden \u00fcretim yapan \u00e7obanlar\u0131m\u0131z sayesinde mutfaklar\u0131m\u0131za sa\u011fl\u0131kl\u0131 et giriyor. \u00c7obanl\u0131k mesle\u011fi t\u00fcm kamu kurumlar\u0131n\u0131n b\u00fcy\u00fck desteklerde bulunmas\u0131 gereken bir meslek haline geldi. B\u00fcy\u00fck\u015fehir Belediyemizin \u00e7obanlar\u0131m\u0131za sa\u011flad\u0131\u011f\u0131 desteklerden dolay\u0131 \u00e7ok te\u015fekk\u00fcr ederiz\u201d diye konu\u015ftu.<\/p>\n\n\n\n<p>HAYVANCILI\u011eA DESTEK ARTMALI<\/p>\n\n\n\n<p>Hayvanc\u0131l\u0131\u011fa deste\u011fin her zamankinden fazla ihtiya\u00e7 duyuldu\u011funu belirten \u00c7oban Eren Dal &nbsp;da, \u201cNe yaz\u0131k ki hayvanc\u0131l\u0131k mesle\u011fi sonlar\u0131na do\u011fru yakla\u015fmakta. Bizlerin \u00e7obanl\u0131k mesle\u011finde ayakta kalan son nesil oldu\u011funu d\u00fc\u015f\u00fcn\u00fcyorum. B\u00f6lgemizde hayvanc\u0131l\u0131k gittik\u00e7e azal\u0131yor.150 adet ke\u00e7im ve koyunum var. Eskiden mahallelimizin %90\u2019\u0131 hayvanc\u0131l\u0131k yap\u0131yordu. Bu say\u0131 giderek azald\u0131. Devletimizin de bu konuda \u00e7al\u0131\u015fma yapmas\u0131n\u0131 yaylalar\u0131m\u0131z\u0131n bo\u015f kalmamas\u0131n\u0131 istiyoruz. Hayvanc\u0131l\u0131\u011f\u0131n \u00fclke ekonomimize katk\u0131s\u0131 b\u00fcy\u00fck. Gen\u00e7lerimizin te\u015fvik edilmesini istiyoruz. Sa\u011f olsun B\u00fcy\u00fck\u015fehir Belediyemiz yard\u0131mc\u0131 oluyor, yalama ta\u015f\u0131 desteklerinde bulunuyor. Vitamin ta\u015f\u0131 hayvanlar\u0131m\u0131z\u0131n olmazsa olmaz\u0131. Vitamin ve mineraller hayvanat\u0131m\u0131z\u0131n geli\u015fimi i\u00e7in gerekli. Her zaman yan\u0131m\u0131zda olan B\u00fcy\u00fck\u015fehir Belediyemize \u00e7ok te\u015fekk\u00fcr ederiz\u201d dedi.<\/p>\n\n\n\n<p>Antalya B\u00fcy\u00fck\u015fehir Belediyesi \/ B\u00fclten<\/p>\n","protected":false},"excerpt":{"rendered":"<p>Antalya B\u00fcy\u00fck\u015fehir Belediyesi \u201c\u00c7oban Haritas\u0131 Projesi\u201d kapsam\u0131nda Konyaalt\u0131\u2019nda \u00e7al\u0131\u015fmalar\u0131n\u0131 s\u00fcrd\u00fcr\u00fcyor. Konyaalt\u0131\u2019n\u0131n k\u0131rsal mahallelerinde hayvanc\u0131l\u0131k yapan \u00e7obanlar\u0131n yaylaklardaki konaklama alanlar\u0131n\u0131n koordinatlar\u0131 \u00e7\u0131kar\u0131l\u0131yor. Proje kapsam\u0131nda \u00e7obanlar yerinde <a href=\"https:\/\/akdenizhaber.com.tr\/index.php\/2025\/09\/04\/buyuksehir-konyaaltinin-coban-haritasini-cikariyor\/\" class=\"read-more-link\">[more&#8230;]<\/a><\/p>\n","protected":false},"author":2,"featured_media":29928,"comment_status":"open","ping_status":"open","sticky":false,"template":"","format":"standard","meta":{"footnotes":""},"categories":[2],"tags":[],"class_list":["post-29927","post","type-post","status-publish","format-standard","has-post-thumbnail","hentry","category-gundem"],"_links":{"self":[{"href":"https:\/\/akdenizhaber.com.tr\/index.php\/wp-json\/wp\/v2\/posts\/29927","targetHints":{"allow":["GET"]}}],"collection":[{"href":"https:\/\/akdenizhaber.com.tr\/index.php\/wp-json\/wp\/v2\/posts"}],"about":[{"href":"https:\/\/akdenizhaber.com.tr\/index.php\/wp-json\/wp\/v2\/types\/post"}],"author":[{"embeddable":true,"href":"https:\/\/akdenizhaber.com.tr\/index.php\/wp-json\/wp\/v2\/users\/2"}],"replies":[{"embeddable":true,"href":"https:\/\/akdenizhaber.com.tr\/index.php\/wp-json\/wp\/v2\/comments?post=29927"}],"version-history":[{"count":1,"href":"https:\/\/akdenizhaber.com.tr\/index.php\/wp-json\/wp\/v2\/posts\/29927\/revisions"}],"predecessor-version":[{"id":29929,"href":"https:\/\/akdenizhaber.com.tr\/index.php\/wp-json\/wp\/v2\/posts\/29927\/revisions\/29929"}],"wp:featuredmedia":[{"embeddable":true,"href":"https:\/\/akdenizhaber.com.tr\/index.php\/wp-json\/wp\/v2\/media\/29928"}],"wp:attachment":[{"href":"https:\/\/akdenizhaber.com.tr\/index.php\/wp-json\/wp\/v2\/media?parent=29927"}],"wp:term":[{"taxonomy":"category","embeddable":true,"href":"https:\/\/akdenizhaber.com.tr\/index.php\/wp-json\/wp\/v2\/categories?post=29927"},{"taxonomy":"post_tag","embeddable":true,"href":"https:\/\/akdenizhaber.com.tr\/index.php\/wp-json\/wp\/v2\/tags?post=29927"}],"curies":[{"name":"wp","href":"https:\/\/api.w.org\/{rel}","templated":true}]}}