{"id":29899,"date":"2025-09-01T16:13:34","date_gmt":"2025-09-01T13:13:34","guid":{"rendered":"https:\/\/akdenizhaber.com.tr\/?p=29899"},"modified":"2025-09-01T16:13:35","modified_gmt":"2025-09-01T13:13:35","slug":"atso-baskani-hacisuleyman-saha-ile-masa-arasindaki-farklari-en-aza-indirmeliyiz","status":"publish","type":"post","link":"https:\/\/akdenizhaber.com.tr\/index.php\/2025\/09\/01\/atso-baskani-hacisuleyman-saha-ile-masa-arasindaki-farklari-en-aza-indirmeliyiz\/","title":{"rendered":"ATSO Ba\u015fkan\u0131 Hac\u0131s\u00fcleyman: \u201cSaha \u0130le Masa Aras\u0131ndaki Farklar\u0131 En Aza \u0130ndirmeliyiz\u201d"},"content":{"rendered":"\n<p>Ba\u015fkan Yusuf Hac\u0131s\u00fcleyman, \u201c\u00c7\u0131kacak olan y\u00f6netmeli\u011fi \u2018m\u00fckemmel\u2019 olarak de\u011fil, \u2018uygulanabilir\u2019 olmas\u0131 a\u00e7\u0131s\u0131ndan de\u011ferlendirmeliyiz\u201d<\/p>\n\n\n\n<p>T.C. \u00c7evre, \u015eehircilik ve \u0130klim De\u011fi\u015fikli\u011fi Bakanl\u0131\u011f\u0131, T\u00fcrkiye Odalar ve Borsalar Birli\u011fi (TOBB) ve Antalya Ticaret ve Sanayi Odas\u0131 (ATSO) i\u015f birli\u011fiyle d\u00fczenlenen \u201cBinalar\u0131n Yang\u0131ndan Korunmas\u0131 Hakk\u0131nda Y\u00f6netmelik Bilgilendirme Toplant\u0131s\u0131\u201d, ATSO ev sahipli\u011finde ger\u00e7ekle\u015ftirildi. Yang\u0131n g\u00fcvenli\u011fi konusunda g\u00fcncel geli\u015fmelerin, mevzuat d\u00fczenlemelerinin ve yeni y\u00f6netmelik tasla\u011f\u0131n\u0131n ele al\u0131nd\u0131\u011f\u0131 toplant\u0131ya; TOBB Y\u00f6netim Kurulu \u00dcyesi ve Antalya Ticaret Borsas\u0131 (ATB) Y\u00f6netim Kurulu Ba\u015fkan\u0131 Ali \u00c7and\u0131r, \u00c7evre, \u015eehircilik ve \u0130klim De\u011fi\u015fikli\u011fi Bakanl\u0131\u011f\u0131 Meslek Hizmetleri Genel M\u00fcd\u00fcr Yard\u0131mc\u0131s\u0131 Murat Bayram, Alanya TSO Y\u00f6netim Kurulu Ba\u015fkan\u0131 Eray Erdem, Manavgat TSO Y\u00f6netim Kurulu Ba\u015fkan\u0131 Seydi Tahsin G\u00fcng\u00f6r, Kumluca TSO Y\u00f6netim Kurulu Ba\u015fkan\u0131 Fahri \u00d6zen, ATSO Y\u00f6netim Kurulu Ba\u015fkan Yard\u0131mc\u0131s\u0131 Hakan Pakal\u0131n, Y\u00f6netim Kurulu Sayman \u00dcyesi Murat Toto\u015f, Y\u00f6netim Kurulu \u00dcyesi H\u00fcseyin Sar\u0131, sivil toplum ve kamu kurulu\u015flar\u0131n\u0131n temsilcileri ile i\u015f insanlar\u0131 kat\u0131ld\u0131.<\/p>\n\n\n\n<p>ATSO Y\u00f6netim Kurulu Ba\u015fkan\u0131 Yusuf Hac\u0131s\u00fcleyman, toplant\u0131n\u0131n a\u00e7\u0131l\u0131\u015f\u0131nda Antalya \u00f6l\u00e7e\u011finde T\u00fcrkiye\u2019yi ilgilendiren kritik bir toplant\u0131 yapt\u0131klar\u0131n\u0131 vurgulad\u0131. Yang\u0131n y\u00f6netmeli\u011fi ve uygulanabilirli\u011fi konusunu ATSO olarak s\u00fcrekli dile getirdiklerini ifade eden Ba\u015fkan Hac\u0131s\u00fcleyman, \u201cG\u00f6r\u00fc\u015flerimizi yaz\u0131l\u0131 olarak Bakanl\u0131\u011f\u0131m\u0131za ilettik. Bakanl\u0131\u011f\u0131m\u0131zda d\u00fczenlenen \u2018Binalar\u0131n Yang\u0131ndan Korunmas\u0131 Hakk\u0131nda Y\u00f6netmelik\u2019 komisyon toplant\u0131s\u0131nda \u00f6nerilerimizi sunduk. \u00c7\u0131kacak olan y\u00f6netmeli\u011fi \u2018m\u00fckemmel\u2019 olarak de\u011fil, \u2018uygulanabilir\u2019 olmas\u0131 a\u00e7\u0131s\u0131ndan de\u011ferlendirmeliyiz. Toplant\u0131m\u0131z\u0131n amac\u0131 da saha ile masa aras\u0131ndaki farkl\u0131l\u0131klar\u0131n en aza indirilmesidir\u201d dedi.<\/p>\n\n\n\n<p>Tescilli Binalarda Ya\u015fanan Sorunlara Dikkat \u00c7ekti<\/p>\n\n\n\n<p>Yang\u0131n y\u00f6netmeli\u011fi konusunun uzun s\u00fcredir g\u00fcndemlerinde oldu\u011funu ifade eden Ba\u015fkan Hac\u0131s\u00fcleyman, \u201cYa\u015fad\u0131\u011f\u0131m\u0131z felaketten sonra, denetimlerin ve bug\u00fcne kadar fazla g\u00fcndeme gelmeyen binalardaki yang\u0131n tedbirlerinin ve uygulamalar\u0131n\u0131n bo\u015fluklar\u0131n\u0131 g\u00f6rme durumunu ya\u015fad\u0131k. Eksiklerimiz var m\u0131? Evet. Ancak y\u00f6netmelikteki baz\u0131 maddelerin Antalya\u2019da yayg\u0131n ve ba\u015far\u0131l\u0131 bir \u015fekilde uyguland\u0131\u011f\u0131n\u0131 s\u00f6yleyebiliriz\u201d dedi.<\/p>\n\n\n\n<p>Antalya\u2019n\u0131n Kalei\u00e7i b\u00f6lgesinde ya\u015fanan tescilli binalara ili\u015fkin y\u00f6netmelik uyu\u015fmazl\u0131\u011f\u0131n\u0131n t\u00fcm T\u00fcrkiye\u2019de benzer \u015fekilde ya\u015fand\u0131\u011f\u0131n\u0131 kaydeden Ba\u015fkan Hac\u0131s\u00fcleyman, s\u00f6zlerini \u015f\u00f6yle s\u00fcrd\u00fcrd\u00fc;<\/p>\n\n\n\n<p>\u201cTescilli binalar\u0131m\u0131zda \u0130tfaiye M\u00fcd\u00fcrl\u00fc\u011f\u00fcm\u00fcz\u00fcn yang\u0131n y\u00f6netmeli\u011fini uygulama \u00e7abas\u0131 ile Koruma Kurulumuzun bu tarihi binalar\u0131 koruma yakla\u015f\u0131m\u0131 zaman zaman birbiriyle \u00e7eli\u015fti. Bir kurum \u2018Buraya rapor veremem\u2019 derken, di\u011fer kurum \u2018Buras\u0131 koruma alt\u0131nda, sak\u0131n bir de\u011fi\u015fiklik yapma\u2019 dedi. Bu durum yaln\u0131zca Kalei\u00e7i b\u00f6lgesinde de\u011fil, \u0130stanbul Fatih\u2019te, Safranbolu\u2019da ve \u00fclkemizin bir\u00e7ok yerinde ya\u015fan\u0131yor. Otellerimizin ruhsatlar\u0131 ask\u0131ya al\u0131nd\u0131, baz\u0131lar\u0131 iptal edildi, yeni yap\u0131lanlara ruhsat verilmedi. Bu da ciddi sorunlar do\u011furdu. Turizm, \u00fclkemizin ana gelir kaynaklar\u0131ndan biri. Dolay\u0131s\u0131yla turizmde ya\u015fanan en k\u00fc\u00e7\u00fck olumsuzluk, yaln\u0131zca \u00fclkemizin ekonomisini de\u011fil, Antalya ve \u0130stanbul gibi turistik merkezlerin ekonomisini de \u00e7ok daha fazla etkiliyor.<\/p>\n\n\n\n<p>Can G\u00fcvenli\u011fi Herkesin Birincil \u00d6nceli\u011fi<\/p>\n\n\n\n<p>Toplant\u0131n\u0131n a\u00e7\u0131l\u0131\u015f\u0131nda konu\u015fan TOBB Y\u00f6netim Kurulu \u00dcyesi ve Antalya Ticaret Borsas\u0131 (ATB) Ba\u015fkan\u0131 Ali \u00c7and\u0131r, herkesin birincil \u00f6nceli\u011finin can g\u00fcvenli\u011fi oldu\u011funu vurgulayarak, \u201cDolay\u0131s\u0131yla t\u00fcm i\u015fletmelerimiz, bu y\u00f6netmeli\u011fin getirdi\u011fi \u015fartlara uyum sa\u011flamak i\u00e7in b\u00fcy\u00fck bir gayret i\u00e7erisindedir. Ancak mevcut tesislerimizin birbirinden farkl\u0131 nitelikleri ve ihtiya\u00e7lar\u0131 bulundu\u011fu da bir ger\u00e7ektir. Son d\u00f6nemde s\u0131kla\u015fan denetimlerin ard\u0131ndan, \u00f6zellikle turizm sekt\u00f6r\u00fc ba\u015fta olmak \u00fczere bir\u00e7ok sekt\u00f6rden \u00e7e\u015fitli talepler taraf\u0131m\u0131za iletilmi\u015ftir\u201d dedi. \u00c7and\u0131r, talepler do\u011frultusunda ilgili kurumlarla g\u00f6r\u00fc\u015fmeler ger\u00e7ekle\u015ftirdiklerini belirterek, \u201cBirlik Ba\u015fkan\u0131m\u0131z Say\u0131n Rifat Hisarc\u0131kl\u0131o\u011flu ve TOBB T\u00fcrkiye Turizm Meclisi Ba\u015fkanl\u0131k Divan\u0131 ile birlikte Cumhurba\u015fkan\u0131 Yard\u0131mc\u0131m\u0131z Say\u0131n Cevdet Y\u0131lmaz\u2019\u0131 ziyaret ettik. Bu g\u00f6r\u00fc\u015fmenin ard\u0131ndan, piyasada arz yetersizli\u011fi bulunan malzemelerin temini i\u00e7in i\u015fletmelere 31 Aral\u0131k 2025 tarihine kadar s\u00fcre tan\u0131yan mevzuat d\u00fczenlemesi yay\u0131mland\u0131\u201d diye konu\u015ftu.<\/p>\n\n\n\n<p>Konu\u015fmalar\u0131n ard\u0131ndan, \u00c7evre, \u015eehircilik ve \u0130klim De\u011fi\u015fikli\u011fi Bakanl\u0131\u011f\u0131 Meslek Hizmetleri Genel M\u00fcd\u00fcr Yard\u0131mc\u0131s\u0131 Murat Bayram, \u201cBinalar\u0131n Yang\u0131ndan Korunmas\u0131 Hakk\u0131nda Y\u00f6netmelik De\u011fi\u015fikli\u011fine \u0130li\u015fkin Bilgilendirme\u201d ba\u015fl\u0131kl\u0131 sunumunu ger\u00e7ekle\u015ftirerek yeni tasla\u011f\u0131n getirdi\u011fi d\u00fczenlemeler ve uygulamada \u00f6ne \u00e7\u0131kan de\u011fi\u015fiklikler hakk\u0131nda kat\u0131l\u0131mc\u0131lara detayl\u0131 bilgi aktard\u0131. Toplant\u0131, Bakanl\u0131k uzman ve yetkililerinin kat\u0131l\u0131mc\u0131lar\u0131n y\u00f6neltti\u011fi sorular\u0131 yan\u0131tlad\u0131\u011f\u0131 interaktif oturumla tamamland\u0131.<\/p>\n\n\n\n<p>Antalya Ticaret ve Sanayi Odas\u0131 \/ B\u00fclten<\/p>\n","protected":false},"excerpt":{"rendered":"<p>Ba\u015fkan Yusuf Hac\u0131s\u00fcleyman, \u201c\u00c7\u0131kacak olan y\u00f6netmeli\u011fi \u2018m\u00fckemmel\u2019 olarak de\u011fil, \u2018uygulanabilir\u2019 olmas\u0131 a\u00e7\u0131s\u0131ndan de\u011ferlendirmeliyiz\u201d T.C. \u00c7evre, \u015eehircilik ve \u0130klim De\u011fi\u015fikli\u011fi Bakanl\u0131\u011f\u0131, T\u00fcrkiye Odalar ve Borsalar Birli\u011fi <a href=\"https:\/\/akdenizhaber.com.tr\/index.php\/2025\/09\/01\/atso-baskani-hacisuleyman-saha-ile-masa-arasindaki-farklari-en-aza-indirmeliyiz\/\" class=\"read-more-link\">[more&#8230;]<\/a><\/p>\n","protected":false},"author":2,"featured_media":29900,"comment_status":"open","ping_status":"open","sticky":false,"template":"","format":"standard","meta":{"footnotes":""},"categories":[2],"tags":[],"class_list":["post-29899","post","type-post","status-publish","format-standard","has-post-thumbnail","hentry","category-gundem"],"_links":{"self":[{"href":"https:\/\/akdenizhaber.com.tr\/index.php\/wp-json\/wp\/v2\/posts\/29899","targetHints":{"allow":["GET"]}}],"collection":[{"href":"https:\/\/akdenizhaber.com.tr\/index.php\/wp-json\/wp\/v2\/posts"}],"about":[{"href":"https:\/\/akdenizhaber.com.tr\/index.php\/wp-json\/wp\/v2\/types\/post"}],"author":[{"embeddable":true,"href":"https:\/\/akdenizhaber.com.tr\/index.php\/wp-json\/wp\/v2\/users\/2"}],"replies":[{"embeddable":true,"href":"https:\/\/akdenizhaber.com.tr\/index.php\/wp-json\/wp\/v2\/comments?post=29899"}],"version-history":[{"count":1,"href":"https:\/\/akdenizhaber.com.tr\/index.php\/wp-json\/wp\/v2\/posts\/29899\/revisions"}],"predecessor-version":[{"id":29902,"href":"https:\/\/akdenizhaber.com.tr\/index.php\/wp-json\/wp\/v2\/posts\/29899\/revisions\/29902"}],"wp:featuredmedia":[{"embeddable":true,"href":"https:\/\/akdenizhaber.com.tr\/index.php\/wp-json\/wp\/v2\/media\/29900"}],"wp:attachment":[{"href":"https:\/\/akdenizhaber.com.tr\/index.php\/wp-json\/wp\/v2\/media?parent=29899"}],"wp:term":[{"taxonomy":"category","embeddable":true,"href":"https:\/\/akdenizhaber.com.tr\/index.php\/wp-json\/wp\/v2\/categories?post=29899"},{"taxonomy":"post_tag","embeddable":true,"href":"https:\/\/akdenizhaber.com.tr\/index.php\/wp-json\/wp\/v2\/tags?post=29899"}],"curies":[{"name":"wp","href":"https:\/\/api.w.org\/{rel}","templated":true}]}}