{"id":29897,"date":"2025-09-01T16:13:29","date_gmt":"2025-09-01T13:13:29","guid":{"rendered":"https:\/\/akdenizhaber.com.tr\/?p=29897"},"modified":"2025-09-01T16:13:30","modified_gmt":"2025-09-01T13:13:30","slug":"vali-sahin-gelecek-bizimdir-daha-da-guclenecegiz","status":"publish","type":"post","link":"https:\/\/akdenizhaber.com.tr\/index.php\/2025\/09\/01\/vali-sahin-gelecek-bizimdir-daha-da-guclenecegiz\/","title":{"rendered":"Vali \u015eahin: Gelecek Bizimdir, Daha Da G\u00fc\u00e7lenece\u011fiz"},"content":{"rendered":"\n<p>30 A\u011fustos Zafer Bayram\u0131 dolay\u0131s\u0131yla, Antalya Valisi Hulusi \u015eahin ve e\u015fi Ebru \u015eahin ev sahipli\u011finde Zafer Bayram\u0131 Resepsiyonu d\u00fczenlendi.<br>30 A\u011fustos Zafer Bayram\u0131&#8217;n\u0131n 103. y\u0131l d\u00f6n\u00fcm\u00fc dolay\u0131s\u0131yla Antalya Valili\u011fi taraf\u0131ndan Zafer Bayram\u0131 Resepsiyonu d\u00fczenlendi. Antalya Valisi Hulusi \u015eahin ve e\u015fi Ebru \u015eahin\u2019in ev sahipli\u011finde ger\u00e7ekle\u015fen resepsiyona; Antalya Milletvekilleri, B\u00fcy\u00fck\u015fehir Belediye Ba\u015fkan Vekili B\u00fc\u015fra \u00d6zdemir, Akdeniz \u00dcniversitesi Rekt\u00f6r\u00fc Prof. Dr. \u00d6zlenen \u00d6zkan, Vali yard\u0131mc\u0131lar\u0131, B\u00f6lge Adliye Mahkemesi Ba\u015fkan\u0131 Orhan \u00d6zdemir, Cumhuriyet Ba\u015fsavc\u0131s\u0131 Yakup Ali Kahveci, Kaymakamlar, \u0130l\u00e7e Belediye Ba\u015fkanlar\u0131, Di\u015fi\u015fleri Bakanl\u0131\u011f\u0131 Antalya Temsilcisi Deha Erpek, 30 A\u011fustos Antalya Garnizon Komutan\u0131 T\u00fcmgeneral Alparslan K\u0131l\u0131\u00e7, \u0130l Jandarma Komutan\u0131 T\u00fcmgeneral Ahmet Kavukcu, \u0130l Emniyet M\u00fcd\u00fcr\u00fc \u0130lker Arslan, Sahil G\u00fcvenlik Antalya Grup Komutan\u0131 Yarbay Tolga Co\u015fkun, kamu kurum ve kurulu\u015flar\u0131n\u0131n y\u00f6neticileri, STK ve dernek temsilcileri, milli sporcular, \u015fehit yak\u0131nlar\u0131 ve gaziler ile bas\u0131n mensuplar\u0131 kat\u0131ld\u0131. Vali Hulusi \u015eahin ve e\u015fi Ebru \u015eahin, davetlileri kap\u0131da kar\u015f\u0131layarak Zafer Bayramlar\u0131n\u0131 tebrik etti.<br>30 A\u011fustos T\u00fcrk Tarihinin \u0130kinci Ergenekonu\u2019dur<br>Resepsiyonda yapt\u0131\u011f\u0131 konu\u015fmada &nbsp;A\u011fustos ay\u0131n\u0131n T\u00fcrk milletinin zaferden zafere ko\u015ftu\u011fu kutlu bir ay oldu\u011funu belirten Vali \u015eahin, \u201c19 May\u0131s 1919\u2019da Mustafa Kemal Pa\u015fa\u2019n\u0131n Samsun\u2019a \u00e7\u0131k\u0131\u015f\u0131yla ba\u015flayan s\u00fcre\u00e7te, \u0130stanbul d\u00e2hil olmak \u00fczere \u00fclkemizin b\u00fcy\u00fck bir b\u00f6l\u00fcm\u00fc i\u015fgal alt\u0131ndayd\u0131. Ordumuz, silah\u0131m\u0131z ve param\u0131z yoktu. Ancak 1919\u2019dan 1922\u2019ye uzanan s\u00fcre\u00e7te yeniden ordumuz kuruldu ve tarihin son imha sava\u015flar\u0131ndan biri yap\u0131larak d\u00fc\u015fman denize d\u00f6k\u00fcld\u00fc. 30 A\u011fustos\u2019ta T\u00fcrk milleti, tarih sahnesine yeni bir Ergenekon ile \u00e7\u0131kt\u0131. Y\u0131k\u0131lm\u0131\u015f ve t\u00fckenmi\u015f bir haldeki 13 milyon n\u00fcfuslu Anadolu, bug\u00fcn 85 milyon n\u00fcfusuyla ve g\u00fc\u00e7l\u00fc ordusuyla dosta g\u00fcven veren, d\u00fc\u015fmana da korku salan b\u00fcy\u00fck bir devlet haline geldi. Gelecek bizimdir; daha da b\u00fcy\u00fcyecek ve daha da g\u00fc\u00e7lenece\u011fiz.\u201d s\u00f6zlerini kaydetti.<br>Gelecek Nesillere Kar\u015f\u0131 Tarihi Sorumlulu\u011fumuz Var<br>Mill\u00ee M\u00fccadele y\u0131llar\u0131nda T\u00fcrk milletinin topyek\u00fbn ba\u011f\u0131ms\u0131zl\u0131k m\u00fccadelesi verdi\u011fini ifade eden Vali \u015eahin, \u201cSakarya Meydan Muharebesi\u2019nde verilen \u2018Hatt\u0131 m\u00fcdafaa yoktur, sath\u0131 m\u00fcdafaa vard\u0131r\u2019 emriyle Polatl\u0131l\u0131 ve Haymanal\u0131 kad\u0131nlar siperler kazd\u0131, ordumuza cephane ta\u015f\u0131d\u0131lar. Bir millet topyek\u00fbn m\u00fccadele etti\u011finde onu hi\u00e7bir g\u00fc\u00e7 y\u0131kamaz. T\u00fcrk milleti o g\u00fcnlerde u\u00e7urumun e\u015fi\u011finden d\u00f6nm\u00fc\u015ft\u00fcr. O b\u00fcy\u00fck kadro, fedak\u00e2rl\u0131klarla Anadolu\u2019yu d\u00fc\u015fmandan temizlemi\u015f ve Cumhuriyeti bizlere emanet etmi\u015ftir. Bizden sonraki nesilleri de bu ruhla yeti\u015ftirmeli, bu topraklar\u0131n ve bu Cumhuriyetin kolay kazan\u0131lmad\u0131\u011f\u0131n\u0131 evlatlar\u0131m\u0131za anlatmal\u0131y\u0131z. E\u011fer gelecek nesiller bu ruh ile yeti\u015firse gelecek bizimdir. Yeter ki bayra\u011f\u0131m\u0131z\u0131 ve onun simgeledi\u011fi de\u011ferleri i\u00e7selle\u015ftirsinler. Bunun i\u00e7in hepimize b\u00fcy\u00fck sorumluluklar d\u00fc\u015fmektedir. Hepimiz ecdad\u0131m\u0131za bunu bor\u00e7luyuz ve hep birlikte ba\u015faraca\u011f\u0131m\u0131za y\u00fcrekten inan\u0131yorum.\u201d ifadelerine yer verdi.<br>Konu\u015fmas\u0131n\u0131n ard\u0131ndan resepsiyon davetlileriyle tek tek sohbet eden Vali Hulusi \u015eahin ve e\u015fi Ebru \u015eahin, konuklarla hat\u0131ra foto\u011fraf\u0131 \u00e7ektirdi.<\/p>\n\n\n\n<p>Antalya Valili\u011fi \/ B\u00fclten<\/p>\n","protected":false},"excerpt":{"rendered":"<p>30 A\u011fustos Zafer Bayram\u0131 dolay\u0131s\u0131yla, Antalya Valisi Hulusi \u015eahin ve e\u015fi Ebru \u015eahin ev sahipli\u011finde Zafer Bayram\u0131 Resepsiyonu d\u00fczenlendi.30 A\u011fustos Zafer Bayram\u0131&#8217;n\u0131n 103. y\u0131l d\u00f6n\u00fcm\u00fc <a href=\"https:\/\/akdenizhaber.com.tr\/index.php\/2025\/09\/01\/vali-sahin-gelecek-bizimdir-daha-da-guclenecegiz\/\" class=\"read-more-link\">[more&#8230;]<\/a><\/p>\n","protected":false},"author":2,"featured_media":29898,"comment_status":"open","ping_status":"open","sticky":false,"template":"","format":"standard","meta":{"footnotes":""},"categories":[2],"tags":[],"class_list":["post-29897","post","type-post","status-publish","format-standard","has-post-thumbnail","hentry","category-gundem"],"_links":{"self":[{"href":"https:\/\/akdenizhaber.com.tr\/index.php\/wp-json\/wp\/v2\/posts\/29897","targetHints":{"allow":["GET"]}}],"collection":[{"href":"https:\/\/akdenizhaber.com.tr\/index.php\/wp-json\/wp\/v2\/posts"}],"about":[{"href":"https:\/\/akdenizhaber.com.tr\/index.php\/wp-json\/wp\/v2\/types\/post"}],"author":[{"embeddable":true,"href":"https:\/\/akdenizhaber.com.tr\/index.php\/wp-json\/wp\/v2\/users\/2"}],"replies":[{"embeddable":true,"href":"https:\/\/akdenizhaber.com.tr\/index.php\/wp-json\/wp\/v2\/comments?post=29897"}],"version-history":[{"count":1,"href":"https:\/\/akdenizhaber.com.tr\/index.php\/wp-json\/wp\/v2\/posts\/29897\/revisions"}],"predecessor-version":[{"id":29901,"href":"https:\/\/akdenizhaber.com.tr\/index.php\/wp-json\/wp\/v2\/posts\/29897\/revisions\/29901"}],"wp:featuredmedia":[{"embeddable":true,"href":"https:\/\/akdenizhaber.com.tr\/index.php\/wp-json\/wp\/v2\/media\/29898"}],"wp:attachment":[{"href":"https:\/\/akdenizhaber.com.tr\/index.php\/wp-json\/wp\/v2\/media?parent=29897"}],"wp:term":[{"taxonomy":"category","embeddable":true,"href":"https:\/\/akdenizhaber.com.tr\/index.php\/wp-json\/wp\/v2\/categories?post=29897"},{"taxonomy":"post_tag","embeddable":true,"href":"https:\/\/akdenizhaber.com.tr\/index.php\/wp-json\/wp\/v2\/tags?post=29897"}],"curies":[{"name":"wp","href":"https:\/\/api.w.org\/{rel}","templated":true}]}}