{"id":29881,"date":"2025-08-25T16:55:09","date_gmt":"2025-08-25T13:55:09","guid":{"rendered":"https:\/\/akdenizhaber.com.tr\/?p=29881"},"modified":"2025-08-25T16:55:10","modified_gmt":"2025-08-25T13:55:10","slug":"saadet-partisinden-radar-ve-eds-uygulamalarina-sert-tepki-bu-zulme-son-verin","status":"publish","type":"post","link":"https:\/\/akdenizhaber.com.tr\/index.php\/2025\/08\/25\/saadet-partisinden-radar-ve-eds-uygulamalarina-sert-tepki-bu-zulme-son-verin\/","title":{"rendered":"Saadet Partisi\u2019nden Radar ve EDS Uygulamalar\u0131na Sert Tepki: \u201cBu Zulme Son Verin!\u201d"},"content":{"rendered":"\n<p><\/p>\n\n\n\n<p>Antalya\u2019da son haftalarda h\u0131zla yayg\u0131nla\u015ft\u0131r\u0131lan Radar ve Elektronik Denetleme Sistemleri (EDS), \u015fehir genelinde vatanda\u015flar\u0131n b\u00fcy\u00fck tepkisini \u00e7ekiyor. S\u00fcr\u00fcc\u00fcler, cezalar\u0131n adeta bir \u201cgelir kap\u0131s\u0131\u201d haline geldi\u011fini savunurken; Saadet Partisi Antalya \u0130l Ba\u015fkanl\u0131\u011f\u0131 konuyla ilgili sert bir a\u00e7\u0131klama yapt\u0131.<\/p>\n\n\n\n<p><strong>Saha Geri Bildirimleri Dikkate Al\u0131nd\u0131<\/strong><\/p>\n\n\n\n<p>Saadet Partisi Antalya \u0130l Ba\u015fkan\u0131 Mehmet Fatih Tekin yapt\u0131\u011f\u0131 a\u00e7\u0131klamada, \u00f6zellikle son d\u00f6nemde radar cezalar\u0131n\u0131n artt\u0131\u011f\u0131na, uyar\u0131 ve bilgilendirme eksikli\u011fine dikkat \u00e7ekildi. Vatanda\u015flardan gelen yo\u011fun \u015fik\u00e2yetlerin ard\u0131ndan yap\u0131lan de\u011ferlendirmede, denetim ad\u0131 alt\u0131nda uygulanan bu sistemin \u015fehir trafi\u011fini d\u00fczenlemekten \u00e7ok, halk\u0131 ekonomik olarak zor durumda b\u0131rakt\u0131\u011f\u0131 vurguland\u0131.<\/p>\n\n\n\n<p><strong>Uyar\u0131 Levhas\u0131 Yok, H\u0131z S\u0131n\u0131rlar\u0131 Aniden De\u011fi\u015fiyor!<\/strong><\/p>\n\n\n\n<p>A\u00e7\u0131klamada, radar ve EDS noktalar\u0131n\u0131n yeterince belirtilmedi\u011fi, s\u00fcr\u00fcc\u00fclerin uyar\u0131lmadan cezaya maruz b\u0131rak\u0131ld\u0131\u011f\u0131 ifade edildi. Ana arterlerdeki ani h\u0131z limiti de\u011fi\u015fimlerinin ise adeta birer \u201cceza tuza\u011f\u0131\u201d niteli\u011finde oldu\u011fu vurguland\u0131.<\/p>\n\n\n\n<p>\u201cVatanda\u015f\u0131n can g\u00fcvenli\u011fini korumak bahanesiyle, adeta avlan\u0131r gibi ceza kesilmesi kabul edilemez. Bu sistemler hizmet i\u00e7in de\u011fil, halk\u0131n cebine g\u00f6z dikmek i\u00e7in kullan\u0131lmamal\u0131,\u201d denildi.<\/p>\n\n\n\n<p><strong>Turizme ve Esnafa Zarar Veriyor<\/strong><\/p>\n\n\n\n<p>Antalya\u2019n\u0131n turizm \u015fehri oldu\u011funa dikkat \u00e7eken Saadet Partisi, \u015fehir d\u0131\u015f\u0131ndan gelen turistlerin de bu uygulamalardan ma\u011fdur oldu\u011funu belirtti. Ticari ara\u00e7 s\u00fcr\u00fcc\u00fclerinin ve \u015fehir esnaf\u0131n\u0131n olumsuz etkilendi\u011fi, bu durumun Antalya hakk\u0131nda k\u00f6t\u00fc bir imaj olu\u015fturdu\u011fu kaydedildi.<\/p>\n\n\n\n<p><strong>G\u00fcvenlik Gerek\u00e7esi Adaletle Dengelenmeli<\/strong><\/p>\n\n\n\n<p>Saadet Partisi \u0130l Ba\u015fkan\u0131 Tekin, trafik g\u00fcvenli\u011finin \u00f6nemini kabul ettiklerini ancak adaletin g\u00f6zetilmedi\u011fi uygulamalar\u0131n halk nezdinde asla kar\u015f\u0131l\u0131k bulamayaca\u011f\u0131n\u0131 belirtti.<\/p>\n\n\n\n<p>\u201cRadar ve EDS uygulamalar\u0131 \u015feffafl\u0131k, uyar\u0131 ve makuliyet esas al\u0131nmadan s\u00fcrd\u00fcr\u00fclemez. Bu \u015fekilde devam ederse halk\u0131n g\u00f6z\u00fcnde yaln\u0131zca bir \u2018ceza tuza\u011f\u0131\u2019 olarak kalacakt\u0131r.\u201d<\/p>\n\n\n\n<p><strong>Saadet Partisi&#8217;nden 4 Maddelik Talep Listesi<\/strong><\/p>\n\n\n\n<p><strong>Radar ve EDS noktalar\u0131n\u0131n a\u00e7\u0131k ve net bi\u00e7imde tabela ve levhalarla belirtilmesi,<\/strong><\/p>\n\n\n\n<p><strong>H\u0131z s\u0131n\u0131rlar\u0131n\u0131n ani de\u011fil, kademeli ve makul \u015fekilde d\u00fczenlenmesi,<\/strong><\/p>\n\n\n\n<p><strong>Ceza de\u011fil, e\u011fitim odakl\u0131 trafik politikalar\u0131n\u0131n benimsenmesi,<\/strong><\/p>\n\n\n\n<p><strong>EDS ve radar gelirlerinin \u015feffaf \u015fekilde kamuoyuna a\u00e7\u0131klanmas\u0131.<\/strong><\/p>\n\n\n\n<p>Saadet Partisi, bu uygulamalar\u0131n keyfi olmaktan \u00e7\u0131kar\u0131lmas\u0131, halk\u0131n sesine kulak verilmesi ve \u015fehir y\u00f6netiminin adalet ekseninde yeniden \u015fekillendirilmesi gerekti\u011fini ifade ederek, m\u00fccadelesini s\u00fcrd\u00fcrece\u011fini belirtti.<\/p>\n\n\n\n<p><strong>\u201cBu kentte adalet yeniden in\u015fa edilecek. Antalya halk\u0131 sahipsiz de\u011fildir.\u201d<\/strong><\/p>\n\n\n\n<p>Haber Merkezi<\/p>\n","protected":false},"excerpt":{"rendered":"<p>Antalya\u2019da son haftalarda h\u0131zla yayg\u0131nla\u015ft\u0131r\u0131lan Radar ve Elektronik Denetleme Sistemleri (EDS), \u015fehir genelinde vatanda\u015flar\u0131n b\u00fcy\u00fck tepkisini \u00e7ekiyor. S\u00fcr\u00fcc\u00fcler, cezalar\u0131n adeta bir \u201cgelir kap\u0131s\u0131\u201d haline geldi\u011fini <a href=\"https:\/\/akdenizhaber.com.tr\/index.php\/2025\/08\/25\/saadet-partisinden-radar-ve-eds-uygulamalarina-sert-tepki-bu-zulme-son-verin\/\" class=\"read-more-link\">[more&#8230;]<\/a><\/p>\n","protected":false},"author":2,"featured_media":29882,"comment_status":"open","ping_status":"open","sticky":false,"template":"","format":"standard","meta":{"footnotes":""},"categories":[2],"tags":[],"class_list":["post-29881","post","type-post","status-publish","format-standard","has-post-thumbnail","hentry","category-gundem"],"_links":{"self":[{"href":"https:\/\/akdenizhaber.com.tr\/index.php\/wp-json\/wp\/v2\/posts\/29881","targetHints":{"allow":["GET"]}}],"collection":[{"href":"https:\/\/akdenizhaber.com.tr\/index.php\/wp-json\/wp\/v2\/posts"}],"about":[{"href":"https:\/\/akdenizhaber.com.tr\/index.php\/wp-json\/wp\/v2\/types\/post"}],"author":[{"embeddable":true,"href":"https:\/\/akdenizhaber.com.tr\/index.php\/wp-json\/wp\/v2\/users\/2"}],"replies":[{"embeddable":true,"href":"https:\/\/akdenizhaber.com.tr\/index.php\/wp-json\/wp\/v2\/comments?post=29881"}],"version-history":[{"count":1,"href":"https:\/\/akdenizhaber.com.tr\/index.php\/wp-json\/wp\/v2\/posts\/29881\/revisions"}],"predecessor-version":[{"id":29883,"href":"https:\/\/akdenizhaber.com.tr\/index.php\/wp-json\/wp\/v2\/posts\/29881\/revisions\/29883"}],"wp:featuredmedia":[{"embeddable":true,"href":"https:\/\/akdenizhaber.com.tr\/index.php\/wp-json\/wp\/v2\/media\/29882"}],"wp:attachment":[{"href":"https:\/\/akdenizhaber.com.tr\/index.php\/wp-json\/wp\/v2\/media?parent=29881"}],"wp:term":[{"taxonomy":"category","embeddable":true,"href":"https:\/\/akdenizhaber.com.tr\/index.php\/wp-json\/wp\/v2\/categories?post=29881"},{"taxonomy":"post_tag","embeddable":true,"href":"https:\/\/akdenizhaber.com.tr\/index.php\/wp-json\/wp\/v2\/tags?post=29881"}],"curies":[{"name":"wp","href":"https:\/\/api.w.org\/{rel}","templated":true}]}}