{"id":29828,"date":"2025-08-21T15:27:13","date_gmt":"2025-08-21T12:27:13","guid":{"rendered":"https:\/\/akdenizhaber.com.tr\/?p=29828"},"modified":"2025-08-21T15:27:14","modified_gmt":"2025-08-21T12:27:14","slug":"antalyanin-en-eski-kirtasiyesi-zincir-marketlere-karsi-direniyor","status":"publish","type":"post","link":"https:\/\/akdenizhaber.com.tr\/index.php\/2025\/08\/21\/antalyanin-en-eski-kirtasiyesi-zincir-marketlere-karsi-direniyor\/","title":{"rendered":"Antalya\u2019n\u0131n en eski k\u0131rtasiyesi zincir marketlere kar\u015f\u0131 direniyor"},"content":{"rendered":"\n<p>Kurulu\u015fu 1964 y\u0131l\u0131na uzanan ve Antalya\u2019n\u0131n en eski k\u0131rtasiyesi \u00fcnvan\u0131n\u0131 ta\u015f\u0131yan Temizi\u015f K\u0131rtasiye, 3 harfli zincir marketlere kar\u015f\u0131 ayakta kalma m\u00fccadelesini veriyor. K\u0131rtasiyenin sahibi Mesut Sucuo\u011flu, markalar\u0131n k\u0131rtasiyeye verdi\u011fi \u00fcr\u00fcn ile zincir marketlere verdi\u011fi \u00fcr\u00fcn aras\u0131nda kalite fark\u0131 oldu\u011funu s\u00f6yleyerek, velilere, \u201cOkul al\u0131\u015fveri\u015finizi k\u0131rtasiyeden yap\u0131n\u201d \u00e7a\u011fr\u0131s\u0131nda bulundu. &nbsp;<\/p>\n\n\n\n<p>Yeni e\u011fitim-\u00f6\u011fretim y\u0131l\u0131na k\u0131sa bir s\u00fcre kala k\u0131rtasiye esnaf\u0131 haz\u0131rl\u0131klar\u0131n\u0131 s\u00fcrd\u00fcr\u00fcyor. Antalya\u2019n\u0131n en eski k\u0131rtasiyesi olan Temizi\u015f K\u0131rtasiye\u2019nin sahibi ve ayn\u0131 zamanda Ekonomi \u0130\u015f Geli\u015ftirme ve Planlama Derne\u011fi (EK\u0130PDER) \u00fcyesi Mesut Sucuo\u011flu, sekt\u00f6r\u00fcn ya\u015fad\u0131\u011f\u0131 s\u0131k\u0131nt\u0131lara dikkat \u00e7ekti. 1964 y\u0131l\u0131ndan bu yana hizmet veren i\u015fletmenin yeni ku\u015fak temsilcisi olan Sucuo\u011flu, 33 y\u0131ll\u0131k esnaf deneyimiyle k\u0131rtasiye \u00fcr\u00fcnlerinde kalite fark\u0131n\u0131n \u00f6nemini vurgulad\u0131.<\/p>\n\n\n\n<p>RAFIMIZDA SADECE G\u00dcVEN\u0130L\u0130R \u00dcR\u00dcN VAR<\/p>\n\n\n\n<p>Sucuo\u011flu, \u00e7ocuklar\u0131n ihtiya\u00e7 duydu\u011fu t\u00fcm k\u0131rtasiye \u00fcr\u00fcnlerini CE belgeli, sa\u011fl\u0131\u011fa zararl\u0131 madde i\u00e7ermeyen \u00fcr\u00fcnlerle kar\u015f\u0131lad\u0131klar\u0131n\u0131 ifade etti. T\u00fcm \u00fcr\u00fcnlerin Ticaret Bakanl\u0131\u011f\u0131 taraf\u0131ndan s\u00fcrekli denetlendi\u011fini belirten Sucuo\u011flu, \u201cBiz k\u0131rtasiyeciler sadece kendi i\u015fimizi yap\u0131yoruz. Kaliteden \u00f6d\u00fcn vermeden en g\u00fcvenilir \u00fcr\u00fcnleri raflar\u0131m\u0131za koyuyoruz\u201d dedi.<\/p>\n\n\n\n<p>Z\u0130NC\u0130R MARKET SORUNU KIRTAS\u0130YEC\u0130LERE DE VURDU<\/p>\n\n\n\n<p>K\u0131rtasiye esnaf\u0131n\u0131n en b\u00fcy\u00fck sorunlar\u0131ndan birinin zincir marketler oldu\u011funu s\u00f6yleyen Sucuo\u011flu, bu marketlerde sat\u0131lan \u00fcr\u00fcnler ile k\u0131rtasiyecilerin \u00fcr\u00fcnleri aras\u0131nda ciddi kalite fark\u0131 bulundu\u011funu belirtti. \u201c\u00dc\u00e7 harfli marketler\u201d olarak tabir edilen bu zincirlerdeki \u00fcr\u00fcnlerin k\u0131rtasiyelerle k\u0131yaslanamayaca\u011f\u0131n\u0131 s\u00f6yleyen Sucuo\u011flu, k\u0131rtasiyecilerin daha uygun ve daha kaliteli fiyat politikalar\u0131yla hizmet sundu\u011funu ifade etti.<\/p>\n\n\n\n<p>Z\u0130NC\u0130R MARKETLER HER \u015eEY SATMASIN<\/p>\n\n\n\n<p>Perakende yasas\u0131n\u0131n \u00f6nemine de\u011finen Sucuo\u011flu, zincir marketlerde g\u0131da ve temizlik \u00fcr\u00fcnleri d\u0131\u015f\u0131ndaki sat\u0131\u015flar\u0131n engellenmesi gerekti\u011fini dile getirdi. Mesut Sucuo\u011flu, \u201cBizler k\u0131rtasiyemizde g\u0131da satam\u0131yorsak, marketler de k\u0131rtasiye \u00fcr\u00fcn\u00fc satmamal\u0131. Denetim ve yapt\u0131r\u0131mlar\u0131n artmas\u0131yla sekt\u00f6r nefes al\u0131r\u201d diyerek esnaf\u0131n taleplerini dile getirdi.<\/p>\n\n\n\n<p>KIRTAS\u0130YE KIRTAS\u0130YEC\u0130DEN ALINIR<\/p>\n\n\n\n<p>Sucuo\u011flu son olarak, k\u0131rtasiyecilerin sadece okul d\u00f6neminde de\u011fil, y\u0131l\u0131n 12 ay\u0131 hizmet verdi\u011fini hat\u0131rlatt\u0131. \u00c7e\u015fitli \u00fcr\u00fcn alternatifleri ve s\u00fcrekli stok imk\u00e2n\u0131yla vatanda\u015flar\u0131n yan\u0131nda olduklar\u0131n\u0131 belirten deneyimli esnaf, \u201cK\u0131rtasiye k\u0131rtasiyeciden al\u0131n\u0131r. Hem \u00e7ocuklar\u0131m\u0131z\u0131n sa\u011fl\u0131\u011f\u0131 hem de esnaf\u0131m\u0131z\u0131n ya\u015famas\u0131 i\u00e7in bu hassasiyetin korunmas\u0131 \u015fartt\u0131r\u201d diyerek s\u00f6zlerini noktalad\u0131.<\/p>\n\n\n\n<p>Haber Merkezi<\/p>\n","protected":false},"excerpt":{"rendered":"<p>Kurulu\u015fu 1964 y\u0131l\u0131na uzanan ve Antalya\u2019n\u0131n en eski k\u0131rtasiyesi \u00fcnvan\u0131n\u0131 ta\u015f\u0131yan Temizi\u015f K\u0131rtasiye, 3 harfli zincir marketlere kar\u015f\u0131 ayakta kalma m\u00fccadelesini veriyor. K\u0131rtasiyenin sahibi Mesut <a href=\"https:\/\/akdenizhaber.com.tr\/index.php\/2025\/08\/21\/antalyanin-en-eski-kirtasiyesi-zincir-marketlere-karsi-direniyor\/\" class=\"read-more-link\">[more&#8230;]<\/a><\/p>\n","protected":false},"author":2,"featured_media":29830,"comment_status":"open","ping_status":"open","sticky":false,"template":"","format":"standard","meta":{"footnotes":""},"categories":[2],"tags":[],"class_list":["post-29828","post","type-post","status-publish","format-standard","has-post-thumbnail","hentry","category-gundem"],"_links":{"self":[{"href":"https:\/\/akdenizhaber.com.tr\/index.php\/wp-json\/wp\/v2\/posts\/29828","targetHints":{"allow":["GET"]}}],"collection":[{"href":"https:\/\/akdenizhaber.com.tr\/index.php\/wp-json\/wp\/v2\/posts"}],"about":[{"href":"https:\/\/akdenizhaber.com.tr\/index.php\/wp-json\/wp\/v2\/types\/post"}],"author":[{"embeddable":true,"href":"https:\/\/akdenizhaber.com.tr\/index.php\/wp-json\/wp\/v2\/users\/2"}],"replies":[{"embeddable":true,"href":"https:\/\/akdenizhaber.com.tr\/index.php\/wp-json\/wp\/v2\/comments?post=29828"}],"version-history":[{"count":1,"href":"https:\/\/akdenizhaber.com.tr\/index.php\/wp-json\/wp\/v2\/posts\/29828\/revisions"}],"predecessor-version":[{"id":29831,"href":"https:\/\/akdenizhaber.com.tr\/index.php\/wp-json\/wp\/v2\/posts\/29828\/revisions\/29831"}],"wp:featuredmedia":[{"embeddable":true,"href":"https:\/\/akdenizhaber.com.tr\/index.php\/wp-json\/wp\/v2\/media\/29830"}],"wp:attachment":[{"href":"https:\/\/akdenizhaber.com.tr\/index.php\/wp-json\/wp\/v2\/media?parent=29828"}],"wp:term":[{"taxonomy":"category","embeddable":true,"href":"https:\/\/akdenizhaber.com.tr\/index.php\/wp-json\/wp\/v2\/categories?post=29828"},{"taxonomy":"post_tag","embeddable":true,"href":"https:\/\/akdenizhaber.com.tr\/index.php\/wp-json\/wp\/v2\/tags?post=29828"}],"curies":[{"name":"wp","href":"https:\/\/api.w.org\/{rel}","templated":true}]}}