{"id":29817,"date":"2025-08-18T16:01:41","date_gmt":"2025-08-18T13:01:41","guid":{"rendered":"https:\/\/akdenizhaber.com.tr\/?p=29817"},"modified":"2025-08-18T16:08:47","modified_gmt":"2025-08-18T13:08:47","slug":"manavgatli-koleksiyoncu-7-bin-antika-eserle-nostalji-yasatiyor","status":"publish","type":"post","link":"https:\/\/akdenizhaber.com.tr\/index.php\/2025\/08\/18\/manavgatli-koleksiyoncu-7-bin-antika-eserle-nostalji-yasatiyor\/","title":{"rendered":"Manavgatl\u0131 koleksiyoncu 7 bin antika eserle nostalji ya\u015fat\u0131yor"},"content":{"rendered":"\n<p>Antalya\u2019n\u0131n Manavgat il\u00e7esinde ya\u015fayan 68 ya\u015f\u0131ndaki Fatih Tatar, \u00e7ocukluk y\u0131llar\u0131nda ba\u015flayan koleksiyon tutkusunu y\u0131llar i\u00e7inde geli\u015ftirerek yakla\u015f\u0131k 7 bin objelik bir m\u00fcze olu\u015fturdu.<\/p>\n\n\n\n<p>Manavgat\u2019ta mobilya d\u00fckkan\u0131 i\u015fleten Fatih Tatar, mezatlardan ve antika pazarlar\u0131ndan ald\u0131\u011f\u0131, vatanda\u015flar\u0131n ba\u011f\u0131\u015flad\u0131\u011f\u0131 e\u015fyalarla y\u0131llar i\u00e7inde b\u00fcy\u00fck bir koleksiyon olu\u015fturdu. Tatar, t\u00fcm \u00fcr\u00fcnlerin \u00e7al\u0131\u015f\u0131r durumda oldu\u011funu belirterek, bug\u00fcne kadar 50 binden fazla ki\u015finin koleksiyonunu ziyaret etti\u011fini s\u00f6yledi.<\/p>\n\n\n\n<p>Eski \u00fct\u00fclerden \u00e7evirmeli telefonlara, lambal\u0131 radyolardan bisikletlere, Cumhuriyet\u2019in ilk y\u0131llar\u0131na ait terazilerden av t\u00fcfeklerine kadar pek \u00e7ok par\u00e7an\u0131n bulundu\u011fu koleksiyon, ziyaret\u00e7ilerini nostaljik bir yolculu\u011fa \u00e7\u0131kar\u0131yor.<\/p>\n\n\n\n<p>\u00dc\u00e7 tekerlekli bisikletle ba\u015flad\u0131<\/p>\n\n\n\n<p>Fatih Tatar, koleksiyon merak\u0131n\u0131n \u00e7ocukluk y\u0131llar\u0131na dayand\u0131\u011f\u0131n\u0131 belirterek, \u015funlar\u0131 s\u00f6yledi:<\/p>\n\n\n\n<p>&#8220;Koleksiyon fikri, 1960 y\u0131l\u0131nda sahip oldu\u011fum \u00fc\u00e7 tekerlekli bisikletle ba\u015flad\u0131. O y\u0131llarda imkanlar s\u0131n\u0131rl\u0131yd\u0131. Bir bisikletin arkas\u0131nda bir mahallenin \u00e7ocu\u011funun mutlu oldu\u011funu g\u00f6ren biri olarak, o bisikletin bizden sonraki nesillere anlatmak istedi\u011fi \u015feyler oldu\u011funu d\u00fc\u015f\u00fcnd\u00fcm.&#8221;<\/p>\n\n\n\n<p>Tatar, teknolojinin geli\u015fim s\u00fcrecine de tan\u0131kl\u0131k etti\u011fini aktararak, &#8220;Pompal\u0131 ocaktan t\u00fcp gaza, lambal\u0131 radyodan kaset\u00e7alara, siyah beyaz televizyonlardan renklilere ge\u00e7i\u015fi g\u00f6rd\u00fcm. Her bir \u00fcr\u00fcn, asl\u0131nda ge\u00e7mi\u015fin birer hat\u0131ras\u0131&#8221; dedi.<\/p>\n\n\n\n<p>\u00d6\u011frencilerden yo\u011fun ilgi<\/p>\n\n\n\n<p>Koleksiyona en \u00e7ok ilgiyi \u00f6\u011frencilerin g\u00f6sterdi\u011fini belirten Tatar, gen\u00e7lerin ge\u00e7mi\u015fi g\u00f6rmesinin \u00f6nemini vurgulad\u0131.<\/p>\n\n\n\n<p>M\u00fczenin \u00fccretsiz gezilebildi\u011fini hat\u0131rlatan Tatar, &#8220;Belediyemiz taraf\u0131ndan daha geni\u015f bir ortam sa\u011flan\u0131rsa, koleksiyonun daha rahat sergilenebilmesi i\u00e7in ben de fedakarl\u0131k yapmaya haz\u0131r\u0131m&#8221; ifadelerini kulland\u0131.<\/p>\n\n\n\n<p>B\u00fc\u015fra Deveci \/ Haber<\/p>\n","protected":false},"excerpt":{"rendered":"<p>Antalya\u2019n\u0131n Manavgat il\u00e7esinde ya\u015fayan 68 ya\u015f\u0131ndaki Fatih Tatar, \u00e7ocukluk y\u0131llar\u0131nda ba\u015flayan koleksiyon tutkusunu y\u0131llar i\u00e7inde geli\u015ftirerek yakla\u015f\u0131k 7 bin objelik bir m\u00fcze olu\u015fturdu. Manavgat\u2019ta mobilya <a href=\"https:\/\/akdenizhaber.com.tr\/index.php\/2025\/08\/18\/manavgatli-koleksiyoncu-7-bin-antika-eserle-nostalji-yasatiyor\/\" class=\"read-more-link\">[more&#8230;]<\/a><\/p>\n","protected":false},"author":2,"featured_media":29823,"comment_status":"open","ping_status":"open","sticky":false,"template":"","format":"standard","meta":{"footnotes":""},"categories":[2],"tags":[],"class_list":["post-29817","post","type-post","status-publish","format-standard","has-post-thumbnail","hentry","category-gundem"],"_links":{"self":[{"href":"https:\/\/akdenizhaber.com.tr\/index.php\/wp-json\/wp\/v2\/posts\/29817","targetHints":{"allow":["GET"]}}],"collection":[{"href":"https:\/\/akdenizhaber.com.tr\/index.php\/wp-json\/wp\/v2\/posts"}],"about":[{"href":"https:\/\/akdenizhaber.com.tr\/index.php\/wp-json\/wp\/v2\/types\/post"}],"author":[{"embeddable":true,"href":"https:\/\/akdenizhaber.com.tr\/index.php\/wp-json\/wp\/v2\/users\/2"}],"replies":[{"embeddable":true,"href":"https:\/\/akdenizhaber.com.tr\/index.php\/wp-json\/wp\/v2\/comments?post=29817"}],"version-history":[{"count":1,"href":"https:\/\/akdenizhaber.com.tr\/index.php\/wp-json\/wp\/v2\/posts\/29817\/revisions"}],"predecessor-version":[{"id":29819,"href":"https:\/\/akdenizhaber.com.tr\/index.php\/wp-json\/wp\/v2\/posts\/29817\/revisions\/29819"}],"wp:featuredmedia":[{"embeddable":true,"href":"https:\/\/akdenizhaber.com.tr\/index.php\/wp-json\/wp\/v2\/media\/29823"}],"wp:attachment":[{"href":"https:\/\/akdenizhaber.com.tr\/index.php\/wp-json\/wp\/v2\/media?parent=29817"}],"wp:term":[{"taxonomy":"category","embeddable":true,"href":"https:\/\/akdenizhaber.com.tr\/index.php\/wp-json\/wp\/v2\/categories?post=29817"},{"taxonomy":"post_tag","embeddable":true,"href":"https:\/\/akdenizhaber.com.tr\/index.php\/wp-json\/wp\/v2\/tags?post=29817"}],"curies":[{"name":"wp","href":"https:\/\/api.w.org\/{rel}","templated":true}]}}