{"id":29811,"date":"2025-08-18T15:34:07","date_gmt":"2025-08-18T12:34:07","guid":{"rendered":"https:\/\/akdenizhaber.com.tr\/?p=29811"},"modified":"2025-08-18T15:34:09","modified_gmt":"2025-08-18T12:34:09","slug":"vekil-kaya-alanyada-mango-hasadina-katildi-tropikal-meyve-ureticilerimiz-mutlaka-desteklenmelidir","status":"publish","type":"post","link":"https:\/\/akdenizhaber.com.tr\/index.php\/2025\/08\/18\/vekil-kaya-alanyada-mango-hasadina-katildi-tropikal-meyve-ureticilerimiz-mutlaka-desteklenmelidir\/","title":{"rendered":"Vekil Kaya, Alanya\u2019da mango hasad\u0131na kat\u0131ld\u0131: \u201cTropikal meyve \u00fcreticilerimiz mutlaka desteklenmelidir\u201d"},"content":{"rendered":"\n<p>CHP Antalya Milletvekili Aykut Kaya, Alanya\u2019da \u00fcreticilerle birlikte mango hasad\u0131na kat\u0131ld\u0131. Antalya\u2019n\u0131n Gazipa\u015fa, Alanya ve Manavgat il\u00e7elerini kapsayan b\u00f6lgede yakla\u015f\u0131k 45 \u00e7e\u015fit tropikal \u00fcr\u00fcn yeti\u015fti\u011fini belirten Kaya, \u201cBundan gurur duyuyoruz\u201d dedi.<\/p>\n\n\n\n<p>Kaya, sadece Alanya\u2019da 2 bin dekara yak\u0131n mango \u00fcretimi yap\u0131ld\u0131\u011f\u0131n\u0131 hat\u0131rlatarak, yerli mangolar\u0131n ithal \u00fcr\u00fcnlere g\u00f6re \u00e7ok daha aromal\u0131 ve kaliteli oldu\u011funu s\u00f6yledi. Ancak \u00fcreticilerin eme\u011finin kar\u015f\u0131l\u0131\u011f\u0131n\u0131 alamad\u0131\u011f\u0131na dikkat \u00e7eken Kaya, \u201cBin bir emekle ve y\u00fcksek maliyetlerle \u00fcretilen mangolar bug\u00fcn maliyetinin alt\u0131nda sat\u0131l\u0131yor\u201d ifadelerini kulland\u0131.<\/p>\n\n\n\n<p>Tar\u0131m ve Ticaret Bakan\u0131\u2019na \u00e7a\u011fr\u0131da bulunan CHP\u2019li Kaya, \u201cTropikal meyvelerin hasat d\u00f6neminde ithalat durdurulmal\u0131 ya da muzda oldu\u011fu gibi y\u00fcksek g\u00fcmr\u00fck vergileri getirilmelidir. \u00d6zellikle hasat d\u00f6nemlerinde tropikal meyve \u00fcreticilerimizin desteklenmesi hayati \u00f6nem ta\u015f\u0131maktad\u0131r\u201d dedi.<\/p>\n\n\n\n<p>Haber Merkezi<\/p>\n","protected":false},"excerpt":{"rendered":"<p>CHP Antalya Milletvekili Aykut Kaya, Alanya\u2019da \u00fcreticilerle birlikte mango hasad\u0131na kat\u0131ld\u0131. Antalya\u2019n\u0131n Gazipa\u015fa, Alanya ve Manavgat il\u00e7elerini kapsayan b\u00f6lgede yakla\u015f\u0131k 45 \u00e7e\u015fit tropikal \u00fcr\u00fcn yeti\u015fti\u011fini <a href=\"https:\/\/akdenizhaber.com.tr\/index.php\/2025\/08\/18\/vekil-kaya-alanyada-mango-hasadina-katildi-tropikal-meyve-ureticilerimiz-mutlaka-desteklenmelidir\/\" class=\"read-more-link\">[more&#8230;]<\/a><\/p>\n","protected":false},"author":2,"featured_media":29812,"comment_status":"open","ping_status":"open","sticky":false,"template":"","format":"standard","meta":{"footnotes":""},"categories":[2],"tags":[],"class_list":["post-29811","post","type-post","status-publish","format-standard","has-post-thumbnail","hentry","category-gundem"],"_links":{"self":[{"href":"https:\/\/akdenizhaber.com.tr\/index.php\/wp-json\/wp\/v2\/posts\/29811","targetHints":{"allow":["GET"]}}],"collection":[{"href":"https:\/\/akdenizhaber.com.tr\/index.php\/wp-json\/wp\/v2\/posts"}],"about":[{"href":"https:\/\/akdenizhaber.com.tr\/index.php\/wp-json\/wp\/v2\/types\/post"}],"author":[{"embeddable":true,"href":"https:\/\/akdenizhaber.com.tr\/index.php\/wp-json\/wp\/v2\/users\/2"}],"replies":[{"embeddable":true,"href":"https:\/\/akdenizhaber.com.tr\/index.php\/wp-json\/wp\/v2\/comments?post=29811"}],"version-history":[{"count":1,"href":"https:\/\/akdenizhaber.com.tr\/index.php\/wp-json\/wp\/v2\/posts\/29811\/revisions"}],"predecessor-version":[{"id":29813,"href":"https:\/\/akdenizhaber.com.tr\/index.php\/wp-json\/wp\/v2\/posts\/29811\/revisions\/29813"}],"wp:featuredmedia":[{"embeddable":true,"href":"https:\/\/akdenizhaber.com.tr\/index.php\/wp-json\/wp\/v2\/media\/29812"}],"wp:attachment":[{"href":"https:\/\/akdenizhaber.com.tr\/index.php\/wp-json\/wp\/v2\/media?parent=29811"}],"wp:term":[{"taxonomy":"category","embeddable":true,"href":"https:\/\/akdenizhaber.com.tr\/index.php\/wp-json\/wp\/v2\/categories?post=29811"},{"taxonomy":"post_tag","embeddable":true,"href":"https:\/\/akdenizhaber.com.tr\/index.php\/wp-json\/wp\/v2\/tags?post=29811"}],"curies":[{"name":"wp","href":"https:\/\/api.w.org\/{rel}","templated":true}]}}