{"id":29808,"date":"2025-08-18T15:33:20","date_gmt":"2025-08-18T12:33:20","guid":{"rendered":"https:\/\/akdenizhaber.com.tr\/?p=29808"},"modified":"2025-08-18T15:33:21","modified_gmt":"2025-08-18T12:33:21","slug":"manavgat-belediyesinden-genclere-unutulmaz-yaz-okulu-senligi","status":"publish","type":"post","link":"https:\/\/akdenizhaber.com.tr\/index.php\/2025\/08\/18\/manavgat-belediyesinden-genclere-unutulmaz-yaz-okulu-senligi\/","title":{"rendered":"Manavgat Belediyesi\u2019nden Gen\u00e7lere Unutulmaz Yaz Okulu \u015eenli\u011fi"},"content":{"rendered":"\n<p>Manavgat Belediyesi Side Gen\u00e7lik Merkezi taraf\u0131ndan d\u00fczenlenen <strong>Yaz Okulu \u015eenli\u011fi<\/strong>, renkli g\u00f6r\u00fcnt\u00fclere sahne oldu. Etkinli\u011fe Manavgat Belediye Ba\u015fkan Vekili <strong>Av. Mehmet \u00c7i\u00e7ek<\/strong> de kat\u0131larak, gen\u00e7lerle birlikte keyifli vakit ge\u00e7irdi.<\/p>\n\n\n\n<p>\u015eenlik boyunca <strong>modern dans g\u00f6sterileri<\/strong>, <strong>balon patlatma<\/strong>, <strong>su sava\u015flar\u0131<\/strong>, <strong>halat \u00e7ekme<\/strong> ve <strong>sandalye kapmaca<\/strong> gibi bir\u00e7ok e\u011flenceli oyun ve yar\u0131\u015fma d\u00fczenlendi. Gen\u00e7ler hem doyas\u0131ya e\u011flendi hem de yaz tatilini unutulmaz an\u0131larla s\u00fcsledi. Etkinlik alan\u0131, g\u00fcn boyu \u00e7ocuklar\u0131n ne\u015feli kahkahalar\u0131 ve yar\u0131\u015fmalardaki heyecanl\u0131 anlarla \u015fenlendi.<\/p>\n\n\n\n<p>Program kapsam\u0131nda, <strong>resim yar\u0131\u015fmas\u0131nda dereceye giren \u00f6\u011frenciler<\/strong> i\u00e7in de \u00f6zel bir \u00f6d\u00fcl t\u00f6reni yap\u0131ld\u0131. Gen\u00e7 yeteneklerin eserleri, kat\u0131l\u0131mc\u0131lar taraf\u0131ndan ilgiyle incelenirken, kazanan \u00f6\u011frencilere \u00f6d\u00fclleri Manavgat Belediye Ba\u015fkan Vekili Av. Mehmet \u00c7i\u00e7ek taraf\u0131ndan takdim edildi. \u00c7i\u00e7ek, \u00f6d\u00fcl t\u00f6reninde yapt\u0131\u011f\u0131 konu\u015fmada, gen\u00e7lerin sanatsal ve k\u00fclt\u00fcrel faaliyetlere kat\u0131l\u0131m\u0131n\u0131n \u00f6nemine vurgu yaparak, \u201cManavgat Belediyesi olarak \u00e7ocuklar\u0131m\u0131z\u0131n ve gen\u00e7lerimizin her alanda geli\u015fimini destekleyen projeler \u00fcretmeye devam edece\u011fiz.\u201d dedi.<\/p>\n\n\n\n<p>Ba\u015fkan Vekili \u00c7i\u00e7ek, etkinlik boyunca \u00e7ocuklarla oyunlar oynad\u0131, hat\u0131ra foto\u011fraflar\u0131 \u00e7ektirdi ve ailelerle sohbet etti.<\/p>\n\n\n\n<p>Manavgat Belediyesi \/ B\u00fclten<\/p>\n","protected":false},"excerpt":{"rendered":"<p>Manavgat Belediyesi Side Gen\u00e7lik Merkezi taraf\u0131ndan d\u00fczenlenen Yaz Okulu \u015eenli\u011fi, renkli g\u00f6r\u00fcnt\u00fclere sahne oldu. Etkinli\u011fe Manavgat Belediye Ba\u015fkan Vekili Av. Mehmet \u00c7i\u00e7ek de kat\u0131larak, gen\u00e7lerle <a href=\"https:\/\/akdenizhaber.com.tr\/index.php\/2025\/08\/18\/manavgat-belediyesinden-genclere-unutulmaz-yaz-okulu-senligi\/\" class=\"read-more-link\">[more&#8230;]<\/a><\/p>\n","protected":false},"author":2,"featured_media":29809,"comment_status":"open","ping_status":"open","sticky":false,"template":"","format":"standard","meta":{"footnotes":""},"categories":[2],"tags":[],"class_list":["post-29808","post","type-post","status-publish","format-standard","has-post-thumbnail","hentry","category-gundem"],"_links":{"self":[{"href":"https:\/\/akdenizhaber.com.tr\/index.php\/wp-json\/wp\/v2\/posts\/29808","targetHints":{"allow":["GET"]}}],"collection":[{"href":"https:\/\/akdenizhaber.com.tr\/index.php\/wp-json\/wp\/v2\/posts"}],"about":[{"href":"https:\/\/akdenizhaber.com.tr\/index.php\/wp-json\/wp\/v2\/types\/post"}],"author":[{"embeddable":true,"href":"https:\/\/akdenizhaber.com.tr\/index.php\/wp-json\/wp\/v2\/users\/2"}],"replies":[{"embeddable":true,"href":"https:\/\/akdenizhaber.com.tr\/index.php\/wp-json\/wp\/v2\/comments?post=29808"}],"version-history":[{"count":1,"href":"https:\/\/akdenizhaber.com.tr\/index.php\/wp-json\/wp\/v2\/posts\/29808\/revisions"}],"predecessor-version":[{"id":29810,"href":"https:\/\/akdenizhaber.com.tr\/index.php\/wp-json\/wp\/v2\/posts\/29808\/revisions\/29810"}],"wp:featuredmedia":[{"embeddable":true,"href":"https:\/\/akdenizhaber.com.tr\/index.php\/wp-json\/wp\/v2\/media\/29809"}],"wp:attachment":[{"href":"https:\/\/akdenizhaber.com.tr\/index.php\/wp-json\/wp\/v2\/media?parent=29808"}],"wp:term":[{"taxonomy":"category","embeddable":true,"href":"https:\/\/akdenizhaber.com.tr\/index.php\/wp-json\/wp\/v2\/categories?post=29808"},{"taxonomy":"post_tag","embeddable":true,"href":"https:\/\/akdenizhaber.com.tr\/index.php\/wp-json\/wp\/v2\/tags?post=29808"}],"curies":[{"name":"wp","href":"https:\/\/api.w.org\/{rel}","templated":true}]}}