{"id":29805,"date":"2025-08-18T15:32:36","date_gmt":"2025-08-18T12:32:36","guid":{"rendered":"https:\/\/akdenizhaber.com.tr\/?p=29805"},"modified":"2025-08-18T15:32:36","modified_gmt":"2025-08-18T12:32:36","slug":"lider-olmak","status":"publish","type":"post","link":"https:\/\/akdenizhaber.com.tr\/index.php\/2025\/08\/18\/lider-olmak\/","title":{"rendered":"L\u0130DER OLMAK!.."},"content":{"rendered":"\n<p>Hemen her \u015feyi yeti\u015ftiriyoruz, yada yeti\u015ftirenlere sahip bir \u00fclke de ya\u015f\u0131yoruz evvel Allah..<\/p>\n\n\n\n<figure class=\"wp-block-image size-large is-resized\"><img loading=\"lazy\" decoding=\"async\" width=\"1024\" height=\"1024\" src=\"https:\/\/akdenizhaber.com.tr\/wp-content\/uploads\/2025\/08\/08e51c99-b761-47c2-96c7-6f4caf31b3c3-1024x1024.jpg\" alt=\"\" class=\"wp-image-29806\" style=\"width:454px;height:auto\" srcset=\"https:\/\/akdenizhaber.com.tr\/wp-content\/uploads\/2025\/08\/08e51c99-b761-47c2-96c7-6f4caf31b3c3-1024x1024.jpg 1024w, https:\/\/akdenizhaber.com.tr\/wp-content\/uploads\/2025\/08\/08e51c99-b761-47c2-96c7-6f4caf31b3c3-300x300.jpg 300w, https:\/\/akdenizhaber.com.tr\/wp-content\/uploads\/2025\/08\/08e51c99-b761-47c2-96c7-6f4caf31b3c3-150x150.jpg 150w, https:\/\/akdenizhaber.com.tr\/wp-content\/uploads\/2025\/08\/08e51c99-b761-47c2-96c7-6f4caf31b3c3-768x768.jpg 768w, https:\/\/akdenizhaber.com.tr\/wp-content\/uploads\/2025\/08\/08e51c99-b761-47c2-96c7-6f4caf31b3c3.jpg 1440w\" sizes=\"auto, (max-width: 1024px) 100vw, 1024px\" \/><\/figure>\n\n\n\n<p>Meyveleri, sebzeleri ,meyve vermeyen a\u011fa\u00e7lar\u0131, \u00e7i\u00e7ekleri de b\u00fcy\u00fck bir ustal\u0131kla yeti\u015ftirdi\u011fi bir \u00fclkedir, g\u00fczel \u00fclkemiz T\u00fcrkiye..<\/p>\n\n\n\n<p>Yeti\u015ftirdi\u011fimiz bir \u00e7ok \u015fey, b\u00fcy\u00fck emekler verenlere bir \u015fey kazand\u0131rmasa, hatta zarar ettirse de ,biz yeti\u015ftirmeye devam ediyoruz millet olarak..<\/p>\n\n\n\n<p>Bunun yan\u0131nda, \u00f6zellikle son y\u0131llarda iyi liderler ,daha do\u011frusu bol miktarda lider yeti\u015ftirir olduk millet olarak..<\/p>\n\n\n\n<p>Lider&#8230;Hani \u015fu me\u015fhur \u0130ngiltere ba\u015fbakan\u0131, y\u00fczy\u0131llar nadir olarak dahi yeti\u015ftirir, \u015fu talihsizli\u011fimize bak\u0131n ki ,o b\u00fcy\u00fck dahi \u00e7a\u011f\u0131m\u0131zda T\u00fcrk ulusuna nasip oldu.. dedi\u011fi liderden de\u011fil elbet bolca yeti\u015ftirdi\u011fimiz ve sadece ,lider diyenlerin g\u00f6z\u00fcnde lider olanlar bu bahse konu, bollu\u011fu, enflasyonu ya\u015fanan, ya\u015fan\u0131p da , kalitesi, dolay\u0131s\u0131yla fiyat\u0131 d\u00fc\u015fen liderler..<\/p>\n\n\n\n<p>Lider ..<\/p>\n\n\n\n<p>\u00d6nder demek..<\/p>\n\n\n\n<p>Lider..<\/p>\n\n\n\n<p>Bulundu\u011fu \u00e7evreye yarar sa\u011flayan, s\u00fcregelen gelenekte k\u00f6kl\u00fc de\u011fi\u015fiklikler yapan ve \u00e7evreyi y\u00f6netmek i\u00e7in sorumluluk alan, sezgi, zek\u00e2 ve bilgiye dayal\u0131 karar ve uygulamalarla ta\u015f\u0131yan ki\u015fiye denir.<\/p>\n\n\n\n<p>Lider, elinde ki g\u00fcc\u00fc kullanabilme kapasitesine ba\u011fl\u0131 olarak \u00e7evresini etkileyen ki\u015fidir..<\/p>\n\n\n\n<p>Sahi, ka\u00e7 lider var tan\u0131y\u0131p bildi\u011finiz, bu \u00f6zellikleri \u00fczerinde ta\u015f\u0131yan?<\/p>\n\n\n\n<p>Bizde bu \u00f6zellikleri ta\u015f\u0131yan, lider .. denilecek ki\u015fi yok denilecek kadar az ama ,lider denilen, daha do\u011frusu siyasi parti genel ba\u015fkan\u0131 bir hayli fazla..<\/p>\n\n\n\n<p>Sahi T\u00fcrkiye de ka\u00e7 tane siyasi parti var?<\/p>\n\n\n\n<p>\u015eahsen ben bilmiyorum ve ancak Google a bakarsam \u00f6\u011frenirim ama o da tam do\u011fru olmaz&nbsp; \u00e7\u00fcnk\u00fc bizde ki siyasi parti kurulu\u015f h\u0131z\u0131na Google bile yeti\u015femez ve eminim bu sat\u0131rlar\u0131 yazarken bile bir siyasi parti kurulmu\u015f ve T\u00fcrkiye bir lider daha kazanm\u0131\u015ft\u0131r..<\/p>\n\n\n\n<p>Bazen bir d\u00fc\u011f\u00fcn de, bilmem ne yeme\u011finde herkes birbirine, ba\u015fkan\u0131m, say\u0131n ba\u015fkan\u0131m.. diye hitap eder ya, orada ba\u015fkan olmayan tek ben kal\u0131r\u0131m ya .. t\u0131pk\u0131 onun gibi ,her yerde bir oda ba\u015fkan\u0131 oldu\u011fu gibi, \u015fimdilerde de her taraf lider, daha do\u011frusu siyasi parti genel ba\u015fkan\u0131..<\/p>\n\n\n\n<p>Y\u00fcz y\u0131l da bir yeti\u015fen liderler \u015fimdi kabaktan bile h\u0131zl\u0131 ve \u00e7abuk yeti\u015fiyor bu g\u00fczel \u00fclke de..<\/p>\n\n\n\n<p>Birilerinin, d\u00fcnya lideri, bilge lider, T\u00fcrk d\u00fcnyas\u0131n\u0131n ger\u00e7ek lideri, \u0130slam d\u00fcnyas\u0131n\u0131n tek lideri demesi ger\u00e7ekleri de\u011fi\u015ftiriyor mu ?<\/p>\n\n\n\n<p>Ne deresiniz?.. Haks\u0131z m\u0131y\u0131m?..<\/p>\n\n\n\n<p>G\u00fcn\u00fcn\u00fcz g\u00fczel ola..<\/p>\n","protected":false},"excerpt":{"rendered":"<p>Hemen her \u015feyi yeti\u015ftiriyoruz, yada yeti\u015ftirenlere sahip bir \u00fclke de ya\u015f\u0131yoruz evvel Allah.. Meyveleri, sebzeleri ,meyve vermeyen a\u011fa\u00e7lar\u0131, \u00e7i\u00e7ekleri de b\u00fcy\u00fck bir ustal\u0131kla yeti\u015ftirdi\u011fi bir <a href=\"https:\/\/akdenizhaber.com.tr\/index.php\/2025\/08\/18\/lider-olmak\/\" class=\"read-more-link\">[more&#8230;]<\/a><\/p>\n","protected":false},"author":2,"featured_media":29304,"comment_status":"open","ping_status":"open","sticky":false,"template":"","format":"standard","meta":{"footnotes":""},"categories":[1,2],"tags":[],"class_list":["post-29805","post","type-post","status-publish","format-standard","has-post-thumbnail","hentry","category-blog","category-gundem"],"_links":{"self":[{"href":"https:\/\/akdenizhaber.com.tr\/index.php\/wp-json\/wp\/v2\/posts\/29805","targetHints":{"allow":["GET"]}}],"collection":[{"href":"https:\/\/akdenizhaber.com.tr\/index.php\/wp-json\/wp\/v2\/posts"}],"about":[{"href":"https:\/\/akdenizhaber.com.tr\/index.php\/wp-json\/wp\/v2\/types\/post"}],"author":[{"embeddable":true,"href":"https:\/\/akdenizhaber.com.tr\/index.php\/wp-json\/wp\/v2\/users\/2"}],"replies":[{"embeddable":true,"href":"https:\/\/akdenizhaber.com.tr\/index.php\/wp-json\/wp\/v2\/comments?post=29805"}],"version-history":[{"count":1,"href":"https:\/\/akdenizhaber.com.tr\/index.php\/wp-json\/wp\/v2\/posts\/29805\/revisions"}],"predecessor-version":[{"id":29807,"href":"https:\/\/akdenizhaber.com.tr\/index.php\/wp-json\/wp\/v2\/posts\/29805\/revisions\/29807"}],"wp:featuredmedia":[{"embeddable":true,"href":"https:\/\/akdenizhaber.com.tr\/index.php\/wp-json\/wp\/v2\/media\/29304"}],"wp:attachment":[{"href":"https:\/\/akdenizhaber.com.tr\/index.php\/wp-json\/wp\/v2\/media?parent=29805"}],"wp:term":[{"taxonomy":"category","embeddable":true,"href":"https:\/\/akdenizhaber.com.tr\/index.php\/wp-json\/wp\/v2\/categories?post=29805"},{"taxonomy":"post_tag","embeddable":true,"href":"https:\/\/akdenizhaber.com.tr\/index.php\/wp-json\/wp\/v2\/tags?post=29805"}],"curies":[{"name":"wp","href":"https:\/\/api.w.org\/{rel}","templated":true}]}}