{"id":29802,"date":"2025-08-18T15:31:48","date_gmt":"2025-08-18T12:31:48","guid":{"rendered":"https:\/\/akdenizhaber.com.tr\/?p=29802"},"modified":"2025-08-18T15:31:49","modified_gmt":"2025-08-18T12:31:49","slug":"cevre-dostu-ciftci-kart-projesi-yayginlasiyor","status":"publish","type":"post","link":"https:\/\/akdenizhaber.com.tr\/index.php\/2025\/08\/18\/cevre-dostu-ciftci-kart-projesi-yayginlasiyor\/","title":{"rendered":"\u00c7evre Dostu \u00c7ift\u00e7i Kart projesi yayg\u0131nla\u015f\u0131yor"},"content":{"rendered":"\n<p>Antalya B\u00fcy\u00fck\u015fehir Belediyesi, zirai ila\u00e7 ambalaj at\u0131klar\u0131n\u0131 azaltmak amac\u0131yla hayata ge\u00e7irdi\u011fi \u201c\u00c7evre Dostu \u00c7ift\u00e7i Kart Projesi\u201dni yayg\u0131nla\u015ft\u0131r\u0131yor. Bu kapsamda Aksu il\u00e7esindeki \u00e7ift\u00e7ilere bilin\u00e7lendirme ve otomatlar\u0131n kullan\u0131m\u0131na y\u00f6nelik e\u011fitim verdi.<\/p>\n\n\n\n<p>Antalya B\u00fcy\u00fck\u015fehir Belediyesi, 2022 y\u0131l\u0131nda hayata ge\u00e7irdi\u011fi \u201c\u00c7evre Dostu \u00c7ift\u00e7i Kart Projesi\u201dni Antalya genelinde yayg\u0131nla\u015ft\u0131rmay\u0131 s\u00fcrd\u00fcr\u00fcyor. Pilot uygulama olarak Kumluca, Finike ve Demre\u2019de ba\u015flat\u0131lan proje, Aksu, Serik, Alanya ve Kemer il\u00e7elerine de ula\u015ft\u0131. Projeyi tan\u0131tmak ve fark\u0131ndal\u0131k olu\u015fturmak amac\u0131yla Aksu Belediyesi toplant\u0131 salonunda d\u00fczenlenen e\u011fitimde, Aksulu \u00e7ift\u00e7ilere; zirai at\u0131klar\u0131n do\u011faya b\u0131rak\u0131ld\u0131\u011f\u0131nda neden olabilece\u011fi zararlar, dikkat edilmesi gereken hususlar anlat\u0131ld\u0131.<\/p>\n\n\n\n<p>HEM \u0130NSAN SA\u011eLI\u011eI HEM \u00c7EVREY\u0130 KORUYAN UYGULAMA<\/p>\n\n\n\n<p>Antalya B\u00fcy\u00fck\u015fehir Belediyesi \u0130klim De\u011fi\u015fikli\u011fi ve S\u0131f\u0131r At\u0131k Dairesi Ba\u015fkanl\u0131\u011f\u0131, S\u0131f\u0131r At\u0131k ve \u00c7evre E\u011fitim \u015eube M\u00fcd\u00fcr\u00fc Fulya Koral, toplantda zirai at\u0131k ambalajlar\u0131n\u0131n tehlikeli at\u0131k kategorisinde yer ald\u0131\u011f\u0131n\u0131 s\u00f6yledi. Koral \u201cAntalya, ayn\u0131 zamanda bir turizm kenti. Zirai at\u0131k ambalajlar\u0131n\u0131n ayr\u0131 toplanmas\u0131 ve geri kazand\u0131r\u0131lmas\u0131 amac\u0131yla 2022 y\u0131l\u0131nda \u2018\u00c7evre Dostu \u00c7ift\u00e7i Kart\u2019 projemizi ba\u015flatt\u0131k. Kumluca, Finike ve Demre il\u00e7elerinin ard\u0131ndan Aksu\u2019da da projeyi hayata ge\u00e7irdik. \u00c7evre Dostu \u00c7ift\u00e7i Kart Projesi, hem insan sa\u011fl\u0131\u011f\u0131n\u0131 hem de \u00e7evreyi koruyan bir uygulama. Projemizi Antalya genelinde yayg\u0131nla\u015ft\u0131rmak i\u00e7in \u00e7al\u0131\u015fmalar\u0131m\u0131za devam ediyoruz\u201d dedi.<\/p>\n\n\n\n<p>Z\u0130RA\u0130 ATIKLAR DO\u011eAYA DE\u011e\u0130L OTOMATLARA ATILACAK<\/p>\n\n\n\n<p>Aksu Belediyesi \u0130klim De\u011fi\u015fikli\u011fi ve S\u0131f\u0131r At\u0131k M\u00fcd\u00fcr Vekili Zeynep Demirel ise \u00c7evre Dostu \u00c7ift\u00e7i Kart Projesi\u2019nin Aksu\u2019da \u00fcretim yapan \u00e7ift\u00e7ilerin zirai at\u0131klar\u0131n\u0131 do\u011faya b\u0131rakmas\u0131n\u0131 \u00f6nleyecek \u00f6nemli bir \u00e7al\u0131\u015fma oldu\u011funu belirtti. Demirel, \u201c\u0130l\u00e7emize 5 adet otomat yerle\u015ftirdik ve B\u00fcy\u00fck\u015fehir Belediyesi\u2019nden \u00e7iplerimizi teslim ald\u0131k. Zirai ambalaj at\u0131klar\u0131n\u0131n \u00e7evreye ve sulara verdi\u011fi zararlar\u0131 anlatarak \u00e7ift\u00e7ilerimizi bu at\u0131klar\u0131 toplamaya te\u015fvik ediyoruz. Ayr\u0131ca, toplama kar\u015f\u0131l\u0131\u011f\u0131nda kazanabilecekleri \u00f6d\u00fcller ve teslim s\u00fcre\u00e7leri hakk\u0131nda bilgilendirme yapt\u0131k. Desteklerinden dolay\u0131 Antalya B\u00fcy\u00fck\u015fehir Belediyesi\u2019ne te\u015fekk\u00fcr ediyorum\u201d diye konu\u015ftu.<\/p>\n\n\n\n<p>B\u00dcY\u00dcK\u015eEH\u0130R\u2019E TE\u015eEKK\u00dcR<\/p>\n\n\n\n<p>Aksu Alayl\u0131 Mahalle Muhtar\u0131 ve ayn\u0131 zamanda \u00e7ift\u00e7i olan S\u00fcleyman Cihangir Y\u0131lmaz, mahallesinde \u00fcreticilik yapan \u00e7ift\u00e7ilere projeyi anlatarak yayg\u0131nla\u015ft\u0131r\u0131lmas\u0131n\u0131 sa\u011flayacaklar\u0131n\u0131 s\u00f6yledi. Y\u0131lmaz \u201cB\u00fcy\u00fck\u015fehir Belediyesi\u2019nin d\u00fczenledi\u011fi S\u0131f\u0131r At\u0131k Projesi toplant\u0131s\u0131 verimli ve ba\u015far\u0131l\u0131 ge\u00e7ti. Buradan edindi\u011fimiz bilgileri \u00e7ift\u00e7ilerimizle payla\u015faca\u011f\u0131z. Aksu, tar\u0131m\u0131n ba\u015fkenti ve burada zirai at\u0131k miktar\u0131 olduk\u00e7a fazla. Bu at\u0131klar\u0131n denizden, sudan ve topraktan ar\u0131nd\u0131r\u0131lmas\u0131 i\u00e7in s\u0131f\u0131r at\u0131k kutular\u0131na at\u0131lmas\u0131 \u00e7ok faydal\u0131 olacakt\u0131r. B\u00fcy\u00fck\u015fehir Belediyesi bu kapsamda \u00e7ok g\u00fczel bir proje geli\u015ftirmi\u015f. Kendilerine te\u015fekk\u00fcr ediyorum\u201d dedi.<\/p>\n\n\n\n<p>E\u011fitim sonunda \u00fcreticilere \u00c7ift\u00e7i Kart \u00e7ipleri teslim edilirken, kat\u0131l\u0131mc\u0131 \u00e7ift\u00e7i ve muhtarlara zeytin fidan\u0131 da\u011f\u0131t\u0131ld\u0131<\/p>\n\n\n\n<p>Antalya B\u00fcy\u00fck\u015fehir Belediyesi \/ B\u00fclten<\/p>\n","protected":false},"excerpt":{"rendered":"<p>Antalya B\u00fcy\u00fck\u015fehir Belediyesi, zirai ila\u00e7 ambalaj at\u0131klar\u0131n\u0131 azaltmak amac\u0131yla hayata ge\u00e7irdi\u011fi \u201c\u00c7evre Dostu \u00c7ift\u00e7i Kart Projesi\u201dni yayg\u0131nla\u015ft\u0131r\u0131yor. Bu kapsamda Aksu il\u00e7esindeki \u00e7ift\u00e7ilere bilin\u00e7lendirme ve otomatlar\u0131n <a href=\"https:\/\/akdenizhaber.com.tr\/index.php\/2025\/08\/18\/cevre-dostu-ciftci-kart-projesi-yayginlasiyor\/\" class=\"read-more-link\">[more&#8230;]<\/a><\/p>\n","protected":false},"author":2,"featured_media":29803,"comment_status":"open","ping_status":"open","sticky":false,"template":"","format":"standard","meta":{"footnotes":""},"categories":[2],"tags":[],"class_list":["post-29802","post","type-post","status-publish","format-standard","has-post-thumbnail","hentry","category-gundem"],"_links":{"self":[{"href":"https:\/\/akdenizhaber.com.tr\/index.php\/wp-json\/wp\/v2\/posts\/29802","targetHints":{"allow":["GET"]}}],"collection":[{"href":"https:\/\/akdenizhaber.com.tr\/index.php\/wp-json\/wp\/v2\/posts"}],"about":[{"href":"https:\/\/akdenizhaber.com.tr\/index.php\/wp-json\/wp\/v2\/types\/post"}],"author":[{"embeddable":true,"href":"https:\/\/akdenizhaber.com.tr\/index.php\/wp-json\/wp\/v2\/users\/2"}],"replies":[{"embeddable":true,"href":"https:\/\/akdenizhaber.com.tr\/index.php\/wp-json\/wp\/v2\/comments?post=29802"}],"version-history":[{"count":1,"href":"https:\/\/akdenizhaber.com.tr\/index.php\/wp-json\/wp\/v2\/posts\/29802\/revisions"}],"predecessor-version":[{"id":29804,"href":"https:\/\/akdenizhaber.com.tr\/index.php\/wp-json\/wp\/v2\/posts\/29802\/revisions\/29804"}],"wp:featuredmedia":[{"embeddable":true,"href":"https:\/\/akdenizhaber.com.tr\/index.php\/wp-json\/wp\/v2\/media\/29803"}],"wp:attachment":[{"href":"https:\/\/akdenizhaber.com.tr\/index.php\/wp-json\/wp\/v2\/media?parent=29802"}],"wp:term":[{"taxonomy":"category","embeddable":true,"href":"https:\/\/akdenizhaber.com.tr\/index.php\/wp-json\/wp\/v2\/categories?post=29802"},{"taxonomy":"post_tag","embeddable":true,"href":"https:\/\/akdenizhaber.com.tr\/index.php\/wp-json\/wp\/v2\/tags?post=29802"}],"curies":[{"name":"wp","href":"https:\/\/api.w.org\/{rel}","templated":true}]}}