{"id":29788,"date":"2025-08-15T18:34:02","date_gmt":"2025-08-15T15:34:02","guid":{"rendered":"https:\/\/akdenizhaber.com.tr\/?p=29788"},"modified":"2025-08-15T18:34:03","modified_gmt":"2025-08-15T15:34:03","slug":"niyazi-nefi-kara-ak-partiye-mi-geciyor-karadan-beklenen-cevap-geldi","status":"publish","type":"post","link":"https:\/\/akdenizhaber.com.tr\/index.php\/2025\/08\/15\/niyazi-nefi-kara-ak-partiye-mi-geciyor-karadan-beklenen-cevap-geldi\/","title":{"rendered":"Niyazi Nefi Kara AK Parti&#8217;ye mi ge\u00e7iyor? Kara&#8217;dan beklenen cevap geldi"},"content":{"rendered":"\n<p>Antalya Manavgat Belediye Ba\u015fkan\u0131 Niyazi Nefi Kara\u2019n\u0131n aylar \u00f6nce CHP\u2019den istifa edece\u011fi ve AK Parti\u2019ye ge\u00e7ece\u011fi iddialar\u0131na Kara\u2019dan cevap geldi.<\/p>\n\n\n\n<p>G\u00fcnlerdir konu\u015fulan ve bir\u00e7ok belediye ba\u015fkan\u0131n\u0131n ve meclis \u00fcyesinin CHP\u2019den AK Partiye ge\u00e7ece\u011fi iddia edilmi\u015f ve iddialar do\u011fru \u00e7\u0131km\u0131\u015ft\u0131. Ayd\u0131n Belediye Ba\u015fkan\u0131 \u00d6zlem \u00c7er\u00e7io\u011flu\u2019nun AK Partiye ge\u00e7mesi ile ba\u015flayan ge\u00e7i\u015f zincirinde bir\u00e7ok ba\u015fkanda CHP\u2019den istifa ederek AK Parti\u2019ye d\u00fcn \u00f6\u011flen saatlerinde ge\u00e7i\u015f yapm\u0131\u015ft\u0131. Bug\u00fcn ise Manavgat Belediye Ba\u015fkan\u0131 Niyazi Nefi Kara\u2019n\u0131n AK Parti\u2019ye ge\u00e7ti\u011fi iddialar\u0131 g\u00fcndeme geldi. Manavgat Belediye Ba\u015fkan\u0131 Niyazi Nefi Kara, \u2018r\u00fc\u015fvet\u2019 soru\u015fturmas\u0131 kapsam\u0131nda g\u00f6zalt\u0131na al\u0131nm\u0131\u015f ve sonras\u0131nda tutuklanarak cezaevine g\u00f6nderilmi\u015fti. Tutuklulu\u011fu devam eden Ba\u015fkan Kara, cezaevinden aylar \u00f6nce yap\u0131lan iddialara yan\u0131t verdi.<\/p>\n\n\n\n<p>BA\u015eKAN KARA\u2019DAN AK PART\u0130YE GE\u00c7\u0130YOR \u0130DD\u0130ALARINA YANIT<\/p>\n\n\n\n<p>Ba\u015fkan Kara\u2019n\u0131n AK Parti\u2019ye ge\u00e7ece\u011fi iddialar\u0131na cevap sosyal medyadan yay\u0131nland\u0131. Ba\u015fkan Kara\u2019n\u0131n sosyal medyas\u0131ndan yap\u0131lan a\u00e7\u0131klamada \u015fu ifadeler yer ald\u0131:<\/p>\n\n\n\n<p>\u201cKendince gazeteci ge\u00e7inen bir s\u00f6zde facebook fenomeni hesab\u0131nda benim iki ay \u00f6nce AKP\u2019ye kat\u0131lmak i\u00e7in g\u00f6r\u00fc\u015fmeler yapt\u0131\u011f\u0131m\u0131 yazm\u0131\u015f. Atadan dededen Cumhuriyet Halk Partili olan ve AKP ideolojisine ve politikalar\u0131na kar\u015f\u0131 her daim m\u00fccadele vermi\u015f biri olarak bana b\u00f6yle bir iftira atmak a\u00e7\u0131k bir haysiyetsizlik ve karaktersizlik \u00f6rne\u011fidir. Cumhuriyet Halk Partisi benim evimdir, ailemdir. Bu hep b\u00f6yledir ve b\u00f6yle olacakt\u0131r. Siz de\u011ferli dostlar\u0131ma ve hem\u015fehrilerime \u00e7a\u011fr\u0131m bu ve bunun gibi \u015fah\u0131slar\u0131n yalan ve iftiralar\u0131n\u0131 ciddiye almamalar\u0131d\u0131r. Sayg\u0131 ve sevgilerimle.\u201d<\/p>\n\n\n\n<p>HABER MERKEZ\u0130<\/p>\n","protected":false},"excerpt":{"rendered":"<p>Antalya Manavgat Belediye Ba\u015fkan\u0131 Niyazi Nefi Kara\u2019n\u0131n aylar \u00f6nce CHP\u2019den istifa edece\u011fi ve AK Parti\u2019ye ge\u00e7ece\u011fi iddialar\u0131na Kara\u2019dan cevap geldi. G\u00fcnlerdir konu\u015fulan ve bir\u00e7ok belediye <a href=\"https:\/\/akdenizhaber.com.tr\/index.php\/2025\/08\/15\/niyazi-nefi-kara-ak-partiye-mi-geciyor-karadan-beklenen-cevap-geldi\/\" class=\"read-more-link\">[more&#8230;]<\/a><\/p>\n","protected":false},"author":2,"featured_media":29433,"comment_status":"open","ping_status":"open","sticky":false,"template":"","format":"standard","meta":{"footnotes":""},"categories":[2],"tags":[],"class_list":["post-29788","post","type-post","status-publish","format-standard","has-post-thumbnail","hentry","category-gundem"],"_links":{"self":[{"href":"https:\/\/akdenizhaber.com.tr\/index.php\/wp-json\/wp\/v2\/posts\/29788","targetHints":{"allow":["GET"]}}],"collection":[{"href":"https:\/\/akdenizhaber.com.tr\/index.php\/wp-json\/wp\/v2\/posts"}],"about":[{"href":"https:\/\/akdenizhaber.com.tr\/index.php\/wp-json\/wp\/v2\/types\/post"}],"author":[{"embeddable":true,"href":"https:\/\/akdenizhaber.com.tr\/index.php\/wp-json\/wp\/v2\/users\/2"}],"replies":[{"embeddable":true,"href":"https:\/\/akdenizhaber.com.tr\/index.php\/wp-json\/wp\/v2\/comments?post=29788"}],"version-history":[{"count":1,"href":"https:\/\/akdenizhaber.com.tr\/index.php\/wp-json\/wp\/v2\/posts\/29788\/revisions"}],"predecessor-version":[{"id":29789,"href":"https:\/\/akdenizhaber.com.tr\/index.php\/wp-json\/wp\/v2\/posts\/29788\/revisions\/29789"}],"wp:featuredmedia":[{"embeddable":true,"href":"https:\/\/akdenizhaber.com.tr\/index.php\/wp-json\/wp\/v2\/media\/29433"}],"wp:attachment":[{"href":"https:\/\/akdenizhaber.com.tr\/index.php\/wp-json\/wp\/v2\/media?parent=29788"}],"wp:term":[{"taxonomy":"category","embeddable":true,"href":"https:\/\/akdenizhaber.com.tr\/index.php\/wp-json\/wp\/v2\/categories?post=29788"},{"taxonomy":"post_tag","embeddable":true,"href":"https:\/\/akdenizhaber.com.tr\/index.php\/wp-json\/wp\/v2\/tags?post=29788"}],"curies":[{"name":"wp","href":"https:\/\/api.w.org\/{rel}","templated":true}]}}