{"id":29785,"date":"2025-08-12T15:29:49","date_gmt":"2025-08-12T12:29:49","guid":{"rendered":"https:\/\/akdenizhaber.com.tr\/?p=29785"},"modified":"2025-08-12T15:29:49","modified_gmt":"2025-08-12T12:29:49","slug":"gulsum-ozer-istifa-etti-vefasizlik-beni-yurekten-yaraladi","status":"publish","type":"post","link":"https:\/\/akdenizhaber.com.tr\/index.php\/2025\/08\/12\/gulsum-ozer-istifa-etti-vefasizlik-beni-yurekten-yaraladi\/","title":{"rendered":"G\u00fcls\u00fcm \u00d6zer \u0130stifa Etti                                           \u201cVefas\u0131zl\u0131k Beni Y\u00fcrekten Yaralad\u0131\u201d"},"content":{"rendered":"\n<p><\/p>\n\n\n\n<p>4 Temmuz tarihinde Manavgat Belediyesi&#8217;ne y\u00f6nelik r\u00fc\u015fvet soru\u015fturmas\u0131 kapsam\u0131nda g\u00f6zalt\u0131 karar\u0131 ile birlikte tutuklanarak Il\u0131ca cezaevine konulan ve 7 A\u011fustos tarihinde tahliye olan Belediye ba\u015fkan yard\u0131mc\u0131s\u0131 G\u00fcls\u00fcm \u00d6zer ya\u015fananlar\u0131n kendisi i\u00e7in \u00e7ok zor bir s\u00fcre\u00e7 oldu\u011funa dikkat \u00e7ekerek, vefas\u0131zl\u0131k \u00f6rne\u011fini cezaevinde en iyi bi\u00e7imde ya\u015fayan biri olarak ba\u015fta CHP \u00fcyeli\u011fi olmak \u00fczere, belediye meclis \u00fcyeli\u011fi ve belediye ba\u015fkan yard\u0131mc\u0131l\u0131\u011f\u0131ndan istifa etti\u011fini a\u00e7\u0131klad\u0131.<\/p>\n\n\n\n<p>Ya\u015fam\u0131 boyunca hi\u00e7bir ko\u015fulda ak\u00e7al\u0131 i\u015flerle ili\u015fkisinin olmad\u0131\u011f\u0131n\u0131, Manavgat\u2019a hizmet etmek ad\u0131na CHP saflar\u0131ndan belediye meclis \u00fcyesi se\u00e7ilerek se\u00e7ildi\u011fi g\u00fcnden operasyonun ba\u015flad\u0131\u011f\u0131 g\u00fcne kadar ge\u00e7en s\u00fcre\u00e7te gecesini g\u00fcnd\u00fcz\u00fcne katarak Manavgat i\u00e7in \u00e7al\u0131\u015ft\u0131\u011f\u0131n\u0131 ifade eden G\u00fcls\u00fcm \u00d6zer istifa gerek\u00e7esini \u015f\u00f6yle a\u00e7\u0131klad\u0131;<\/p>\n\n\n\n<p>\u201cYa\u015fad\u0131\u011f\u0131m bu s\u00fcre\u00e7te ald\u0131\u011f\u0131m travmadan dolay\u0131, psikolojim bozuldu. Bundan sonraki s\u00fcre\u00e7te faydal\u0131 olamayaca\u011f\u0131m\u0131 d\u00fc\u015f\u00fcnd\u00fc\u011f\u00fcmden dolay\u0131 belediye meclis \u00fcyeli\u011fi ve ba\u015fkan yard\u0131mc\u0131l\u0131\u011f\u0131ndan istifa ediyorum.<\/p>\n\n\n\n<p>Ayn\u0131 zamanda CHP \u00fcyeli\u011finden de istifa ediyorum. \u00c7\u00fcnk\u00fc bu zor g\u00fcn\u00fcmde yan\u0131mda yer almayan destek \u00e7\u0131kmayanlar\u0131n \u015f\u00f6yle ki; bana il ba\u015fkanl\u0131\u011f\u0131 taraf\u0131ndan g\u00f6nderilen Avukat\u0131n ad\u0131m\u0131 bile bilmemesi bana sorumsuzluk geldi. Cezaevinden \u00e7\u0131k\u0131\u015f\u0131m\u0131n bir haftaya yakla\u015fmas\u0131na kar\u015f\u0131n hala \u015fahs\u0131m\u0131 \u0130l ba\u015fkan\u0131n\u0131n bile aray\u0131p sormamas\u0131 davas\u0131na inand\u0131\u011f\u0131m CHP \u00fcyesi olarak \u00e7ok d\u00fc\u015f\u00fcnd\u00fcr\u00fcc\u00fc geldi. Ben ayn\u0131 zamanda Antalya B\u00fcy\u00fck\u015fehir Belediyesi \u0130l Meclis \u00fcyesiyim. S\u00f6ylemek istediklerim bunlarla da k\u0131s\u0131tl\u0131 de\u011fil, ziyaretime gelen baz\u0131 milletvekilleri ad\u0131m\u0131 dahi bilmiyordu. Her \u015feyin \u201cm\u0131\u015f\u201d gibi yap\u0131l\u0131yor olmas\u0131 beni \u00e7ok \u00fczd\u00fc. T\u00fcm bu nedenler \u015fahs\u0131m\u0131 \u00e7ok \u00fczd\u00fc\u011f\u00fcnden ve psikolojimin bozulmas\u0131 nedeni ile istifa yolunu se\u00e7ti\u011fimi t\u00fcm kamuoyuna bildiririm\u201d dedi.<\/p>\n\n\n\n<p>T\u00dcM MANAVGAT\u2019A TE\u015eEKK\u00dcRLER<\/p>\n\n\n\n<p>G\u00fcls\u00fcm \u00d6zer,\u201d Ya\u015fad\u0131\u011f\u0131m zorlu s\u00fcre\u00e7te \u015fahs\u0131m\u0131 bir an olsun yaln\u0131z b\u0131rakmayan aileme akrabalar\u0131ma, arkada\u015flar\u0131ma, belediye personeline, en \u00f6nemlisi bana can\u0131 g\u00f6n\u00fclden inanan dualar\u0131n\u0131 esirgemeyen Manavgat halk\u0131na sonsuz te\u015fekk\u00fcrler\u201d diyerek s\u00f6zlerini tamamlad\u0131.<\/p>\n\n\n\n<p>B\u00fc\u015fra Deveci \/ Haber<\/p>\n","protected":false},"excerpt":{"rendered":"<p>4 Temmuz tarihinde Manavgat Belediyesi&#8217;ne y\u00f6nelik r\u00fc\u015fvet soru\u015fturmas\u0131 kapsam\u0131nda g\u00f6zalt\u0131 karar\u0131 ile birlikte tutuklanarak Il\u0131ca cezaevine konulan ve 7 A\u011fustos tarihinde tahliye olan Belediye ba\u015fkan <a href=\"https:\/\/akdenizhaber.com.tr\/index.php\/2025\/08\/12\/gulsum-ozer-istifa-etti-vefasizlik-beni-yurekten-yaraladi\/\" class=\"read-more-link\">[more&#8230;]<\/a><\/p>\n","protected":false},"author":2,"featured_media":29786,"comment_status":"open","ping_status":"open","sticky":false,"template":"","format":"standard","meta":{"footnotes":""},"categories":[2],"tags":[],"class_list":["post-29785","post","type-post","status-publish","format-standard","has-post-thumbnail","hentry","category-gundem"],"_links":{"self":[{"href":"https:\/\/akdenizhaber.com.tr\/index.php\/wp-json\/wp\/v2\/posts\/29785","targetHints":{"allow":["GET"]}}],"collection":[{"href":"https:\/\/akdenizhaber.com.tr\/index.php\/wp-json\/wp\/v2\/posts"}],"about":[{"href":"https:\/\/akdenizhaber.com.tr\/index.php\/wp-json\/wp\/v2\/types\/post"}],"author":[{"embeddable":true,"href":"https:\/\/akdenizhaber.com.tr\/index.php\/wp-json\/wp\/v2\/users\/2"}],"replies":[{"embeddable":true,"href":"https:\/\/akdenizhaber.com.tr\/index.php\/wp-json\/wp\/v2\/comments?post=29785"}],"version-history":[{"count":1,"href":"https:\/\/akdenizhaber.com.tr\/index.php\/wp-json\/wp\/v2\/posts\/29785\/revisions"}],"predecessor-version":[{"id":29787,"href":"https:\/\/akdenizhaber.com.tr\/index.php\/wp-json\/wp\/v2\/posts\/29785\/revisions\/29787"}],"wp:featuredmedia":[{"embeddable":true,"href":"https:\/\/akdenizhaber.com.tr\/index.php\/wp-json\/wp\/v2\/media\/29786"}],"wp:attachment":[{"href":"https:\/\/akdenizhaber.com.tr\/index.php\/wp-json\/wp\/v2\/media?parent=29785"}],"wp:term":[{"taxonomy":"category","embeddable":true,"href":"https:\/\/akdenizhaber.com.tr\/index.php\/wp-json\/wp\/v2\/categories?post=29785"},{"taxonomy":"post_tag","embeddable":true,"href":"https:\/\/akdenizhaber.com.tr\/index.php\/wp-json\/wp\/v2\/tags?post=29785"}],"curies":[{"name":"wp","href":"https:\/\/api.w.org\/{rel}","templated":true}]}}