{"id":29781,"date":"2025-08-11T16:49:30","date_gmt":"2025-08-11T13:49:30","guid":{"rendered":"https:\/\/akdenizhaber.com.tr\/?p=29781"},"modified":"2025-08-11T16:49:31","modified_gmt":"2025-08-11T13:49:31","slug":"chp-ilce-baskani-oykun-basar-biz-buyuk-bir-aileyiz-aciyi-da-mutlulugu-da-birlikte-yasariz","status":"publish","type":"post","link":"https:\/\/akdenizhaber.com.tr\/index.php\/2025\/08\/11\/chp-ilce-baskani-oykun-basar-biz-buyuk-bir-aileyiz-aciyi-da-mutlulugu-da-birlikte-yasariz\/","title":{"rendered":"CHP \u0130l\u00e7e Ba\u015fkan\u0131 Oykun Ba\u015far; \u201cBiz b\u00fcy\u00fck bir aileyiz, Ac\u0131y\u0131 da, mutlulu\u011fu da birlikte ya\u015far\u0131z\u201d"},"content":{"rendered":"\n<p>25 Ocak 2023 tarihinden bu yana Cumhuriyet Halk Partisi Manavgat il\u00e7e ba\u015fkanl\u0131\u011f\u0131 g\u00f6revini s\u00fcrd\u00fcren Oykun Ba\u015far, yap\u0131lacak olan il\u00e7e kongresinde yeniden il\u00e7e ba\u015fkanl\u0131\u011f\u0131na aday oldu\u011funu a\u00e7\u0131klad\u0131.<\/p>\n\n\n\n<p>Cumhuriyet Halk Partisinin \u00e7ok b\u00fcy\u00fck bir aile oldu\u011funu en son ailece ya\u015fad\u0131klar\u0131 b\u00fcy\u00fck ac\u0131n\u0131n orta\u011f\u0131 olan t\u00fcm dostlar\u0131 ile bir kez daha ya\u015faman\u0131n onurunu ya\u015fad\u0131klar\u0131na dikkat \u00e7eken Oykun Ba\u015far, \u201c25 Ocak 2023 tarihinden bu yana Atat\u00fcrk \u0130lke ve Devrimleri \u0131\u015f\u0131\u011f\u0131nda, g\u00f6n\u00fcll\u00fc hizmet ruhunu \u00f6z\u00fcmseyip ya\u015fama ge\u00e7irerek s\u00fcrd\u00fcrd\u00fc\u011f\u00fcm CHP il\u00e7e ba\u015fkanl\u0131\u011f\u0131 d\u00f6nemimde \u00e7ok yak\u0131n bir zaman \u00f6ncesi ailece ya\u015fam\u0131\u015f oldu\u011fumuz tarifi m\u00fcmk\u00fcn olmayan b\u00fcy\u00fck ac\u0131ya ra\u011fmen bir kez daha elimi ta\u015f\u0131n alt\u0131na koymaktan geri kalmamam ve g\u00f6revden ka\u00e7mamam gerekti\u011fine olan inanc\u0131mla kongrede ba\u015fkan aday\u0131 oldu\u011fumu siz \u00e7ok de\u011ferli parti emek\u00e7ilerimizle payla\u015fmaktan b\u00fcy\u00fck onur duyuyorum\u201d dedi.<\/p>\n\n\n\n<p>CHP Manavgat \u0130l\u00e7e Ba\u015fkan\u0131 Oykun Ba\u015far, yeniden aday oldu\u011funu CHP ailesi ve Manavgatl\u0131larla \u015f\u00f6yle payla\u015ft\u0131;<\/p>\n\n\n\n<p>&nbsp;\u201cCumhuriyet Halk Partisi Ailemizin \u00c7ok De\u011ferli \u00fcyeleri ve emek\u00e7ileri; B\u00fcy\u00fck \u00d6nder Gazi Mustafa Kemal Atat\u00fcrk ve silah arkada\u015flar\u0131n\u0131n verdi\u011fi, d\u00fcnya tarihinde e\u015fi benzeri g\u00f6r\u00fclmemi\u015f bir kurtulu\u015f m\u00fccadelesinin eseri olan T\u00fcrkiye Cumhuriyeti\u2019ni kurmu\u015f olman\u0131n onurunu ta\u015f\u0131yan Cumhuriyet Halk Partimiz \u0130l ve \u0130l\u00e7elerimizde kongre s\u00fcrecine girmi\u015f bulunmaktad\u0131r.<\/p>\n\n\n\n<p>Kongrelerimiz; Cumhuriyet Halk Partimize olan sadakat ve ba\u011fl\u0131l\u0131k duygular\u0131m\u0131z\u0131n bir g\u00f6stergesi, \u00f6rg\u00fct bilincimizi kuvvetlendirdi\u011fimiz birlik, beraberlik ve dayan\u0131\u015fma duygular\u0131m\u0131z\u0131n doruk noktas\u0131na ula\u015ft\u0131\u011f\u0131 g\u00fcnlerimizdir.<\/p>\n\n\n\n<p>\u00dcyesi olmaktan her zaman onur duydu\u011fum ve Atat\u00fcrk \u0130lke ve Devrimleri \u0131\u015f\u0131\u011f\u0131nda, g\u00f6n\u00fcll\u00fc hizmet ruhunu \u00f6z\u00fcmseyip ya\u015fama ge\u00e7irerek s\u00fcrd\u00fcrd\u00fc\u011f\u00fcm;<\/p>\n\n\n\n<p>CHP il\u00e7e ba\u015fkanl\u0131\u011f\u0131na yeniden aday olma karar\u0131 alm\u0131\u015f bulunmaktay\u0131m,<\/p>\n\n\n\n<p>Yak\u0131n ge\u00e7mi\u015fte ya\u015fad\u0131\u011f\u0131m b\u00fcy\u00fck ac\u0131ya ra\u011fmen bir kez daha elimi ta\u015f\u0131n alt\u0131na koymaktan imtina etmemem gerekti\u011fine olan inanc\u0131mla bu yola \u00e7\u0131km\u0131\u015f bulunmaktay\u0131m. Cumhuriyet\u2019e ve T\u00fcrkiye Cumhuriyeti\u2019nin gelece\u011finin Cumhuriyet Halk Partisinde ger\u00e7ekle\u015fece\u011fine olan inanc\u0131m\u0131zla; Bu onurlu yolda m\u00fccadelemizi hep birlikte b\u00fcy\u00fcterek, el ele kol kola omuz omuza vererek g\u00fcc\u00fcm\u00fcz\u00fc ve birlikteli\u011fimizi art\u0131rarak, \u00f6n\u00fcm\u00fczdeki d\u00f6nemlere yeni sayfalar ekleyerek hep birlikte yapaca\u011f\u0131m\u0131z \u00e7al\u0131\u015fmalarla Cumhuriyet Halk Partimizi iktidara ula\u015ft\u0131rmakta kararl\u0131 ve azimli olaca\u011f\u0131z.<\/p>\n\n\n\n<p>G\u00f6rev s\u00fcrem boyunca bug\u00fcne kadar verdi\u011finiz ve bug\u00fcnden sonra da verece\u011finiz k\u0131ymetli deste\u011finize olan inanc\u0131mla; T\u00fcm Cumhuriyet Halk Partisi ailemize sonsuz te\u015fekk\u00fcrlerimi sunuyorum. Bildi\u011finiz gibi yak\u0131n ge\u00e7mi\u015fte \u00e7ok b\u00fcy\u00fck bir ac\u0131 ya\u015fad\u0131m. Bu zorlu g\u00fcnlerimin tamam\u0131nda yan\u0131mda olan, beni ve ailemi yaln\u0131z b\u0131rakmayan t\u00fcm Cumhuriyet Halk Partisi ailemize desteklerinden dolay\u0131 te\u015fekk\u00fcr ediyorum\u201d dedi.<\/p>\n\n\n\n<p>B\u00fc\u015fra Deveci \/ Haber<\/p>\n","protected":false},"excerpt":{"rendered":"<p>25 Ocak 2023 tarihinden bu yana Cumhuriyet Halk Partisi Manavgat il\u00e7e ba\u015fkanl\u0131\u011f\u0131 g\u00f6revini s\u00fcrd\u00fcren Oykun Ba\u015far, yap\u0131lacak olan il\u00e7e kongresinde yeniden il\u00e7e ba\u015fkanl\u0131\u011f\u0131na aday oldu\u011funu <a href=\"https:\/\/akdenizhaber.com.tr\/index.php\/2025\/08\/11\/chp-ilce-baskani-oykun-basar-biz-buyuk-bir-aileyiz-aciyi-da-mutlulugu-da-birlikte-yasariz\/\" class=\"read-more-link\">[more&#8230;]<\/a><\/p>\n","protected":false},"author":2,"featured_media":29782,"comment_status":"open","ping_status":"open","sticky":false,"template":"","format":"standard","meta":{"footnotes":""},"categories":[2],"tags":[],"class_list":["post-29781","post","type-post","status-publish","format-standard","has-post-thumbnail","hentry","category-gundem"],"_links":{"self":[{"href":"https:\/\/akdenizhaber.com.tr\/index.php\/wp-json\/wp\/v2\/posts\/29781","targetHints":{"allow":["GET"]}}],"collection":[{"href":"https:\/\/akdenizhaber.com.tr\/index.php\/wp-json\/wp\/v2\/posts"}],"about":[{"href":"https:\/\/akdenizhaber.com.tr\/index.php\/wp-json\/wp\/v2\/types\/post"}],"author":[{"embeddable":true,"href":"https:\/\/akdenizhaber.com.tr\/index.php\/wp-json\/wp\/v2\/users\/2"}],"replies":[{"embeddable":true,"href":"https:\/\/akdenizhaber.com.tr\/index.php\/wp-json\/wp\/v2\/comments?post=29781"}],"version-history":[{"count":1,"href":"https:\/\/akdenizhaber.com.tr\/index.php\/wp-json\/wp\/v2\/posts\/29781\/revisions"}],"predecessor-version":[{"id":29783,"href":"https:\/\/akdenizhaber.com.tr\/index.php\/wp-json\/wp\/v2\/posts\/29781\/revisions\/29783"}],"wp:featuredmedia":[{"embeddable":true,"href":"https:\/\/akdenizhaber.com.tr\/index.php\/wp-json\/wp\/v2\/media\/29782"}],"wp:attachment":[{"href":"https:\/\/akdenizhaber.com.tr\/index.php\/wp-json\/wp\/v2\/media?parent=29781"}],"wp:term":[{"taxonomy":"category","embeddable":true,"href":"https:\/\/akdenizhaber.com.tr\/index.php\/wp-json\/wp\/v2\/categories?post=29781"},{"taxonomy":"post_tag","embeddable":true,"href":"https:\/\/akdenizhaber.com.tr\/index.php\/wp-json\/wp\/v2\/tags?post=29781"}],"curies":[{"name":"wp","href":"https:\/\/api.w.org\/{rel}","templated":true}]}}