{"id":29778,"date":"2025-08-11T16:48:39","date_gmt":"2025-08-11T13:48:39","guid":{"rendered":"https:\/\/akdenizhaber.com.tr\/?p=29778"},"modified":"2025-08-11T16:48:39","modified_gmt":"2025-08-11T13:48:39","slug":"chp-manavgat-ilce-baskani-adayi-salih-ciftci-birlik-ve-beraberlik-icin-yola-ciktim","status":"publish","type":"post","link":"https:\/\/akdenizhaber.com.tr\/index.php\/2025\/08\/11\/chp-manavgat-ilce-baskani-adayi-salih-ciftci-birlik-ve-beraberlik-icin-yola-ciktim\/","title":{"rendered":"CHP Manavgat \u0130l\u00e7e Ba\u015fkan\u0131 Aday\u0131 Salih \u00c7ift\u00e7i; \u201cBirlik ve Beraberlik \u0130\u00e7in Yola \u00c7\u0131kt\u0131m\u201d"},"content":{"rendered":"\n<p><\/p>\n\n\n\n<p>Yakla\u015f\u0131k bir y\u0131ld\u0131r sahada CHP Manavgat il\u00e7e ba\u015fkanl\u0131\u011f\u0131 adayl\u0131k \u00e7al\u0131\u015fmalar\u0131n\u0131 s\u00fcrd\u00fcren i\u015f insan\u0131 Salih \u00c7ift\u00e7i ge\u00e7ti\u011fimiz g\u00fcnlerde resmen il\u00e7e ba\u015fkanl\u0131\u011f\u0131na aday oldu\u011funu a\u00e7\u0131klad\u0131.<\/p>\n\n\n\n<p>Ekibi ile birlikte gece \u2013 g\u00fcnd\u00fcz \u00e7al\u0131\u015fmalar\u0131n\u0131 s\u00fcrd\u00fcrd\u00fcklerini ay\u0131r\u0131mc\u0131l\u0131k de\u011fil birle\u015ftirici bir g\u00fc\u00e7le CHP il\u00e7e ba\u015fkanl\u0131\u011f\u0131na aday oldu\u011funu s\u00f6yleyen Salih \u00c7ift\u00e7i, ya\u015fanan s\u00fcre\u00e7te CHP\u2019nin daha g\u00fc\u00e7l\u00fc olmas\u0131 ad\u0131na ta\u015f\u0131n alt\u0131na eline koyduklar\u0131n\u0131 ifade ederek \u015f\u00f6yle konu\u015ftu;<\/p>\n\n\n\n<p>\u201cG\u00fczel Manavgat\u2019\u0131m\u0131z\u0131n Ayd\u0131nl\u0131k \u0130nsanlar\u0131, Sayg\u0131de\u011fer Cumhuriyet Halk Partililerimiz, Fedak\u00e2r Yol Arkada\u015flar\u0131m; \u00dclkemizin ve Manavgat\u2019\u0131m\u0131z\u0131n cendereden ge\u00e7ti\u011fi bu zor g\u00fcnlerde, Cumhuriyeti kuran, tam ba\u011f\u0131ms\u0131zl\u0131k idealini kurulu\u015f felsefesine yans\u0131tan Cumhuriyet Halk Partimizin, Manavgat\u2019ta yeniden el ele, y\u00fcrek y\u00fcre\u011fe vererek \u015fahlanma vakti gelmi\u015ftir.<\/p>\n\n\n\n<p>As\u0131rlara uzanan B\u00fcy\u00fck Lider Mustafa Kemal Atat\u00fcrk \u00f6nderli\u011finde, milletimizin verdi\u011fi b\u00fcy\u00fck kurtulu\u015f m\u00fccadelesi sonucu kurulan Cumhuriyet Halk Partimizde, hi\u00e7bir zaman zorluklar, g\u00fc\u00e7l\u00fckler bizleri y\u0131ld\u0131ramam\u0131\u015ft\u0131r.<\/p>\n\n\n\n<p>\u015eimdi \u00f6rg\u00fct\u00fcn ger\u00e7ek g\u00fcc\u00fcn\u00fc ortaya \u00e7\u0131karma, iktidara giden yolda birbirimize kenetlenme vaktidir. Siyaseti belli z\u00fcmrelerle de\u011fil, t\u00fcm \u00fcyelerimizle birlikte yapma vaktidir. Gece direklere t\u0131rmanarak bayraklar\u0131m\u0131z\u0131 asan gen\u00e7lerimizi, ev ev, mahalle mahalle gezerek \u00e7al\u0131\u015fma yapan ve sand\u0131klar\u0131m\u0131z\u0131 bekleyen t\u00fcm parti emek\u00e7ilerimizi, Cumhuriyet Halk Partisini y\u00fcre\u011finde ya\u015fatan herkesi kucaklama vaktidir.<\/p>\n\n\n\n<p>G\u00fcn; ki\u015filere ba\u011f\u0131ml\u0131 de\u011fil, ilkelere ba\u011fl\u0131 siyaset yapma g\u00fcn\u00fcd\u00fcr.<\/p>\n\n\n\n<p>Manavgat\u2019ta partimize g\u00f6n\u00fcl veren, Cumhuriyet Halk Partili olmay\u0131 ger\u00e7ekten ruhunda \u00f6z\u00fcmsemi\u015f, her platformda bir nefer gibi var g\u00fcc\u00fcyle emek veren herkesi \u00f6tekile\u015ftiren, k\u00fcst\u00fcren ve d\u0131\u015flayan; h\u0131rslara, egolara, g\u00fcndelik siyasi hesaplara dayal\u0131 k\u0131s\u0131r \u00e7eki\u015fmelere son verme zaman\u0131 gelmi\u015ftir.<\/p>\n\n\n\n<p>Parti k\u00fclt\u00fcr\u00fcn\u00fcn, partililik bilincinin \u00f6n planda tutuldu\u011fu, birle\u015ftirici, herkesi kucaklay\u0131c\u0131 bir tav\u0131r ve kararl\u0131 duru\u015f g\u00f6sterilmesi, demokratik ilke ve kurallar\u0131n tam anlam\u0131yla uygulanmas\u0131, i\u00e7inden ge\u00e7ti\u011fimiz zorlu d\u00f6nemde hayati \u00f6nem ta\u015f\u0131maktad\u0131r.<\/p>\n\n\n\n<p>Gerek 19 Mart\u2019tan \u00f6nce gerekse 19 Mart\u2019tan sonra, Partimizin Genel Ba\u015fkan\u0131 Sn. \u00d6zg\u00fcr \u00d6zel\u2019in, \u0130BB Ba\u015fkan\u0131 ve Partimizin Cumhurba\u015fkan\u0131 aday\u0131 Sn. Ekrem \u0130mamo\u011flu\u2019nun Cumhuriyet Halk Partimize y\u00f6nelik sistemli sald\u0131r\u0131lara ve anti-demokratik uygulamalara kar\u015f\u0131 t\u00fcm benlikleriyle verdikleri yo\u011fun m\u00fccadele ve g\u00f6sterdikleri diren\u00e7 \u00e7ok \u00f6nemli olup, bu demokrasi m\u00fccadelesine topyek\u00fbn el ele destek olmal\u0131y\u0131z.<\/p>\n\n\n\n<p>Manavgat\u2019ta, tabandan tavana \u00f6rg\u00fct\u00fcm\u00fcz\u00fcn ger\u00e7ek g\u00fcc\u00fcn\u00fc g\u00f6sterecek, gen\u00e7, dinamik, etkili bir de\u011fi\u015fim ve \u00f6rg\u00fctlenme yapmak; gen\u00e7, dinamik kadrolar\u0131m\u0131z\u0131n \u00f6n\u00fcn\u00fc a\u00e7arak t\u00fcm g\u00fc\u00e7leriyle \u00e7al\u0131\u015f\u0131p de\u011fer \u00fcretebilmelerine olanak sa\u011flamak; topluma y\u00f6n veren, topluma hizmeti \u00f6nceleyen etkili bir yerel siyaset olu\u015fturmak gerekti\u011fi a\u00e7\u0131kt\u0131r.<\/p>\n\n\n\n<p>Kimseyi \u00f6tekile\u015ftirmeden, kad\u0131n, erkek, gen\u00e7, ya\u015fl\u0131, engelli herkesi kucaklayarak, \u201c\u015fucu bucu\u201d anlay\u0131\u015f\u0131na son vererek; k\u00f6kl\u00fc ge\u00e7mi\u015fe sahip, \u00f6rg\u00fctl\u00fcl\u00fck bilinci y\u00fcksek Cumhuriyet Halk Partimizi, her kesimle b\u00fct\u00fcnle\u015ftirmeye acilen ihtiya\u00e7 vard\u0131r.<\/p>\n\n\n\n<p>T\u00fcm bunlar\u0131n bilinciyle, ge\u00e7mi\u015ften bug\u00fcne kadarki birikim ve de\u011ferlerimizle; \u201cG\u00f6n\u00fcl ba\u011flar\u0131n\u0131n maddi menfaatleri yok etti\u011fi bir d\u00fcnya\u201d felsefesini d\u00fcstur edinmi\u015f, do\u011fruluk, d\u00fcr\u00fcstl\u00fck, vefa, insanl\u0131k de\u011ferleriyle bezenmi\u015f \u00f6mr\u00fcn\u00fc Cumhuriyet Halk Partisi\u2019ne adayan rahmetli babam Hasan \u00c7ift\u00e7iden ald\u0131\u011f\u0131m terbiye ile; \u00e7ocuklu\u011fumdan beri g\u00f6\u011fs\u00fcmde gururla ta\u015f\u0131d\u0131\u011f\u0131m Cumhuriyet Halk Partisi g\u00f6n\u00fcll\u00fcl\u00fc\u011f\u00fc ile; Cumhuriyet Halk Partisi Manavgat \u0130l\u00e7e Gen\u00e7lik Kollar\u0131 Ba\u015fkanl\u0131\u011f\u0131 yapt\u0131\u011f\u0131m d\u00f6nemden bug\u00fcne kadar partimizin g\u00f6n\u00fcll\u00fc bir neferi ve her ko\u015fulda var g\u00fcc\u00fcmle partimiz i\u00e7in \u00e7al\u0131\u015f\u0131p, amas\u0131z fakats\u0131z her yerde emek vermeye \u00e7abalayan bir yol arkada\u015f\u0131n\u0131z olarak; de\u011fi\u015fimden gelen g\u00fc\u00e7le hep birlikte g\u00fczel i\u015fler ba\u015farmak; demokrasinin y\u0131k\u0131lmaz kalesi Cumhuriyet Halk Partimizi Manavgat\u2019ta ve t\u00fcm T\u00fcrkiye\u2019de daha ileriye ta\u015f\u0131mak i\u00e7in, Cumhuriyet Halk Partisi Manavgat il\u00e7e ba\u015fkanl\u0131\u011f\u0131na aday oldu\u011fumu de\u011ferli partililerimizin takdirine sunar\u0131m\u201d dedi.<\/p>\n\n\n\n<p>B\u00fc\u015fra Deveci \/ Haber<\/p>\n","protected":false},"excerpt":{"rendered":"<p>Yakla\u015f\u0131k bir y\u0131ld\u0131r sahada CHP Manavgat il\u00e7e ba\u015fkanl\u0131\u011f\u0131 adayl\u0131k \u00e7al\u0131\u015fmalar\u0131n\u0131 s\u00fcrd\u00fcren i\u015f insan\u0131 Salih \u00c7ift\u00e7i ge\u00e7ti\u011fimiz g\u00fcnlerde resmen il\u00e7e ba\u015fkanl\u0131\u011f\u0131na aday oldu\u011funu a\u00e7\u0131klad\u0131. Ekibi ile <a href=\"https:\/\/akdenizhaber.com.tr\/index.php\/2025\/08\/11\/chp-manavgat-ilce-baskani-adayi-salih-ciftci-birlik-ve-beraberlik-icin-yola-ciktim\/\" class=\"read-more-link\">[more&#8230;]<\/a><\/p>\n","protected":false},"author":2,"featured_media":29779,"comment_status":"open","ping_status":"open","sticky":false,"template":"","format":"standard","meta":{"footnotes":""},"categories":[1],"tags":[],"class_list":["post-29778","post","type-post","status-publish","format-standard","has-post-thumbnail","hentry","category-blog"],"_links":{"self":[{"href":"https:\/\/akdenizhaber.com.tr\/index.php\/wp-json\/wp\/v2\/posts\/29778","targetHints":{"allow":["GET"]}}],"collection":[{"href":"https:\/\/akdenizhaber.com.tr\/index.php\/wp-json\/wp\/v2\/posts"}],"about":[{"href":"https:\/\/akdenizhaber.com.tr\/index.php\/wp-json\/wp\/v2\/types\/post"}],"author":[{"embeddable":true,"href":"https:\/\/akdenizhaber.com.tr\/index.php\/wp-json\/wp\/v2\/users\/2"}],"replies":[{"embeddable":true,"href":"https:\/\/akdenizhaber.com.tr\/index.php\/wp-json\/wp\/v2\/comments?post=29778"}],"version-history":[{"count":1,"href":"https:\/\/akdenizhaber.com.tr\/index.php\/wp-json\/wp\/v2\/posts\/29778\/revisions"}],"predecessor-version":[{"id":29780,"href":"https:\/\/akdenizhaber.com.tr\/index.php\/wp-json\/wp\/v2\/posts\/29778\/revisions\/29780"}],"wp:featuredmedia":[{"embeddable":true,"href":"https:\/\/akdenizhaber.com.tr\/index.php\/wp-json\/wp\/v2\/media\/29779"}],"wp:attachment":[{"href":"https:\/\/akdenizhaber.com.tr\/index.php\/wp-json\/wp\/v2\/media?parent=29778"}],"wp:term":[{"taxonomy":"category","embeddable":true,"href":"https:\/\/akdenizhaber.com.tr\/index.php\/wp-json\/wp\/v2\/categories?post=29778"},{"taxonomy":"post_tag","embeddable":true,"href":"https:\/\/akdenizhaber.com.tr\/index.php\/wp-json\/wp\/v2\/tags?post=29778"}],"curies":[{"name":"wp","href":"https:\/\/api.w.org\/{rel}","templated":true}]}}