{"id":29760,"date":"2025-08-11T15:26:42","date_gmt":"2025-08-11T12:26:42","guid":{"rendered":"https:\/\/akdenizhaber.com.tr\/?p=29760"},"modified":"2025-08-11T15:26:42","modified_gmt":"2025-08-11T12:26:42","slug":"vekil-aykut-kaya-kucuk-aksu-barajindan-seslendi-bu-yatirim-yillardir-atil-duruyor","status":"publish","type":"post","link":"https:\/\/akdenizhaber.com.tr\/index.php\/2025\/08\/11\/vekil-aykut-kaya-kucuk-aksu-barajindan-seslendi-bu-yatirim-yillardir-atil-duruyor\/","title":{"rendered":"Vekil Aykut Kaya, K\u00fc\u00e7\u00fck Aksu Baraj\u0131\u2019ndan Seslendi: \u201cBu Yat\u0131r\u0131m Y\u0131llard\u0131r At\u0131l Duruyor\u201d"},"content":{"rendered":"\n<p>CHP Antalya Milletvekili Aykut Kaya, Serik\u2019te yap\u0131m\u0131 y\u0131llard\u0131r tamamlanmayan K\u00fc\u00e7\u00fck Aksu Baraj\u0131\u2019ndan seslendi. Hem tar\u0131msal sulama, hem i\u00e7me suyu hem de elektrik \u00fcretimi sa\u011flamak amac\u0131yla planlanan baraj\u0131n 2014 y\u0131l\u0131nda ihalesi yap\u0131lm\u0131\u015f, ayn\u0131 y\u0131l \u00e7al\u0131\u015fmalar ba\u015flat\u0131lm\u0131\u015ft\u0131. 2017 A\u011fustos ay\u0131nda bitirilece\u011fi s\u00f6z\u00fc verilmesine ra\u011fmen aradan ge\u00e7en y\u0131llarda yaln\u0131zca yakla\u015f\u0131k y\u00fczde 20\u2019si tamamland\u0131.<\/p>\n\n\n\n<p>Kaya, \u201cBu baraj tamamlanm\u0131\u015f olsayd\u0131 Gebiz, Ak\u00e7ap\u0131nar, Hac\u0131osmanlar, Yumaklar, T\u00f6ng\u00fc\u00e7l\u00fc ve Tekke mahallelerimizin tar\u0131msal ve i\u00e7me suyu ihtiyac\u0131 kar\u015f\u0131lanacakt\u0131. Bug\u00fcn su olmad\u0131\u011f\u0131 i\u00e7in bu mahallelerimizde verimli tar\u0131msal \u00fcretim yap\u0131lam\u0131yor; sadece bu\u011fday ve arpa ekilebiliyor. Oysa su sa\u011flansayd\u0131 narenciyeden patl\u0131cana, biberden kavun ve karpuza kadar bir\u00e7ok \u00fcr\u00fcn yeti\u015ftirilebilecekti\u201d dedi.<\/p>\n\n\n\n<p>Y\u0131llard\u0131r ilerleme sa\u011flanmayan projenin at\u0131l kald\u0131\u011f\u0131n\u0131 belirten Kaya, \u201cK\u00fc\u00e7\u00fck Aksu Baraj\u0131\u2019n\u0131n derhal tamamlanmas\u0131n\u0131 Serikli hem\u015fehrilerimiz ad\u0131na iktidardan talep ediyoruz\u201d ifadelerini kulland\u0131.<\/p>\n\n\n\n<p>Haber Merkezi<\/p>\n","protected":false},"excerpt":{"rendered":"<p>CHP Antalya Milletvekili Aykut Kaya, Serik\u2019te yap\u0131m\u0131 y\u0131llard\u0131r tamamlanmayan K\u00fc\u00e7\u00fck Aksu Baraj\u0131\u2019ndan seslendi. Hem tar\u0131msal sulama, hem i\u00e7me suyu hem de elektrik \u00fcretimi sa\u011flamak amac\u0131yla <a href=\"https:\/\/akdenizhaber.com.tr\/index.php\/2025\/08\/11\/vekil-aykut-kaya-kucuk-aksu-barajindan-seslendi-bu-yatirim-yillardir-atil-duruyor\/\" class=\"read-more-link\">[more&#8230;]<\/a><\/p>\n","protected":false},"author":2,"featured_media":29761,"comment_status":"open","ping_status":"open","sticky":false,"template":"","format":"standard","meta":{"footnotes":""},"categories":[2],"tags":[],"class_list":["post-29760","post","type-post","status-publish","format-standard","has-post-thumbnail","hentry","category-gundem"],"_links":{"self":[{"href":"https:\/\/akdenizhaber.com.tr\/index.php\/wp-json\/wp\/v2\/posts\/29760","targetHints":{"allow":["GET"]}}],"collection":[{"href":"https:\/\/akdenizhaber.com.tr\/index.php\/wp-json\/wp\/v2\/posts"}],"about":[{"href":"https:\/\/akdenizhaber.com.tr\/index.php\/wp-json\/wp\/v2\/types\/post"}],"author":[{"embeddable":true,"href":"https:\/\/akdenizhaber.com.tr\/index.php\/wp-json\/wp\/v2\/users\/2"}],"replies":[{"embeddable":true,"href":"https:\/\/akdenizhaber.com.tr\/index.php\/wp-json\/wp\/v2\/comments?post=29760"}],"version-history":[{"count":1,"href":"https:\/\/akdenizhaber.com.tr\/index.php\/wp-json\/wp\/v2\/posts\/29760\/revisions"}],"predecessor-version":[{"id":29762,"href":"https:\/\/akdenizhaber.com.tr\/index.php\/wp-json\/wp\/v2\/posts\/29760\/revisions\/29762"}],"wp:featuredmedia":[{"embeddable":true,"href":"https:\/\/akdenizhaber.com.tr\/index.php\/wp-json\/wp\/v2\/media\/29761"}],"wp:attachment":[{"href":"https:\/\/akdenizhaber.com.tr\/index.php\/wp-json\/wp\/v2\/media?parent=29760"}],"wp:term":[{"taxonomy":"category","embeddable":true,"href":"https:\/\/akdenizhaber.com.tr\/index.php\/wp-json\/wp\/v2\/categories?post=29760"},{"taxonomy":"post_tag","embeddable":true,"href":"https:\/\/akdenizhaber.com.tr\/index.php\/wp-json\/wp\/v2\/tags?post=29760"}],"curies":[{"name":"wp","href":"https:\/\/api.w.org\/{rel}","templated":true}]}}