{"id":29748,"date":"2025-08-08T17:28:38","date_gmt":"2025-08-08T14:28:38","guid":{"rendered":"https:\/\/akdenizhaber.com.tr\/?p=29748"},"modified":"2025-08-08T17:28:38","modified_gmt":"2025-08-08T14:28:38","slug":"manavgat-anahtar-partiden-sert-cikis-milliyetciligimizi-sorgulayanlar-terorle-yan-yana-yuruyenlerdir","status":"publish","type":"post","link":"https:\/\/akdenizhaber.com.tr\/index.php\/2025\/08\/08\/manavgat-anahtar-partiden-sert-cikis-milliyetciligimizi-sorgulayanlar-terorle-yan-yana-yuruyenlerdir\/","title":{"rendered":"MANAVGAT ANAHTAR PART\u0130\u2019DEN SERT \u00c7IKI\u015e: \u201cM\u0130LL\u0130YET\u00c7\u0130L\u0130\u011e\u0130M\u0130Z\u0130 SORGULAYANLAR, TER\u00d6RLE YAN YANA Y\u00dcR\u00dcYENLERD\u0130R\u201d"},"content":{"rendered":"\n<p><br>Anahtar Parti Manavgat \u0130l\u00e7e Ba\u015fkanI G\u00dcL ADV\u0130YE \u00d6ZDEN, Meclis\u2019te kurulan Milli Dayan\u0131\u015fma ve Demokrasi Komisyonu\u2019na ve yeni \u00e7\u00f6z\u00fcm s\u00fcreci iddialar\u0131na ili\u015fkin sert a\u00e7\u0131klamalarda bulundu. \u0130l Ba\u015fkan\u0131, Genel Ba\u015fkan Yavuz A\u011f\u0131ralio\u011flu\u2019nun a\u00e7\u0131klamalar\u0131na tam destek verdiklerini belirterek, \u201cMilletin vicdan\u0131 ad\u0131na susmayaca\u011f\u0131z\u201d dedi.<br>\u201cBiz sadece milletimizle ittifak yapar\u0131z\u201d<br>\u0130l\u00e7e Ba\u015fkan\u0131 \u00d6ZDEN, Anahtar Parti\u2019nin m\u00fcstakil bir duru\u015f sergiledi\u011fini ve hi\u00e7bir siyasi pazarl\u0131\u011f\u0131n par\u00e7as\u0131 olmayacaklar\u0131n\u0131 \u015fu s\u00f6zlerle ifade etti:<br>\u201cBiz Anahtar Parti olarak ne iktidar\u0131n eski hesaplar\u0131na ortak oluruz, ne de muhalefetin suskunlu\u011funa teslim oluruz. Siyasetimizi yaln\u0131zca milletin r\u0131zas\u0131na yasl\u0131yoruz. Komisyonlar\u0131n, masalar\u0131n de\u011fil; milletin sofras\u0131n\u0131n taraf\u0131nday\u0131z.\u201d<br>\u201c\u015eehitlerimizin onurunu siyasi pazarl\u0131klara kurban etmeyin\u201d<br>\u0130l\u00e7e Ba\u015fkan\u0131 \u00d6ZDEN, \u00e7\u00f6z\u00fcm s\u00fcreci benzeri giri\u015fimlerin \u015fehitlerin hat\u0131ras\u0131n\u0131 zedeledi\u011fini ve devletin vakar\u0131yla oynand\u0131\u011f\u0131n\u0131 belirterek \u015funlar\u0131 s\u00f6yledi:<br>\u201cBiz y\u0131llard\u0131r evlatlar\u0131m\u0131z\u0131 topra\u011fa vatan diye koyarken, \u015fimdi o vatan\u0131n kaderini da\u011fdan inenlere teslim ediyorsunuz. As\u0131l bedeli bu milletin \u00e7ocuklar\u0131 \u00f6d\u00fcyor. Bu vebal sizin y\u00f6netsel yetersizli\u011finizdir. Devleti y\u00f6netemeyip, bedeli halka y\u00fckleyemezsiniz!\u201d<br>\u201cD\u00fcn lanetlediklerinize bug\u00fcn bar\u0131\u015f g\u00fcvercini diyorsunuz\u201d<br>\u00d6ZDEN, iktidar\u0131n ter\u00f6rle m\u00fccadeledeki \u00e7eli\u015fkili tutumuna da sert tepki g\u00f6sterdi:<br>\u201cD\u00fcn \u00f6calan\u2019a en a\u011f\u0131r s\u00f6zleri s\u00f6yleyenlerin, bug\u00fcn onu siyasi \u00e7\u00f6z\u00fcm akt\u00f6r\u00fc gibi pazarlamas\u0131 milletin haf\u0131zas\u0131nda kara bir leke olarak kalacakt\u0131r. Bu \u00e7eli\u015fkileri me\u015frula\u015ft\u0131rmak i\u00e7in kurulan her masa, milletin akl\u0131yla alay etmektir.\u201d<br>\u201cBu komisyon \u00e7\u00f6z\u00fcm de\u011fil, kamuflajd\u0131r\u201d<br>Milli Dayan\u0131\u015fma Komisyonu\u2019na y\u00f6nelik ele\u015ftirilerini s\u00fcrd\u00fcren G\u00dcL ADV\u0130YE \u00d6ZDEN \u015fu ifadeleri kulland\u0131:<br>\u201cBu komisyon, ba\u015far\u0131s\u0131zl\u0131\u011f\u0131n, g\u00fcnah ortakl\u0131\u011f\u0131n\u0131n \u00fczerini \u00f6rten bir perde. Halk art\u0131k bu masalara inanm\u0131yor. Ayn\u0131 senaryonun yeni oyuncularla yeniden sahnelenmesini kabul etmeyece\u011fiz. Bu bir komisyon de\u011fil, bir siyaset m\u00fchendisli\u011fidir.\u201d<br>\u201cBu millet sizin deneme tahtan\u0131z de\u011fil, b\u0131kt\u0131k art\u0131k\u201d<br>A\u00e7\u0131klaman\u0131n sonunda halk\u0131n i\u00e7inde biriken \u00f6fkeyi dile getiren \u0130l\u00e7e Ba\u015fkan\u0131 \u00d6ZDEN, \u015f\u00f6yle seslendi: \u201cHer s\u00f6ylediklerinin tersini yap\u0131p sonra da bizden itimat bekleyenlerden b\u0131kt\u0131k. Vatan\u0131 maliyet hesab\u0131yla tartanlardan, milliyet\u00e7ili\u011fimizi sorgulay\u0131p PKK\u2019yla masaya oturanlardan usand\u0131k. Bu milletin vicdan\u0131 susturulamaz. Biz susmayaca\u011f\u0131z!\u201d<br>\u0130l\u00e7e Ba\u015fkan\u0131 G\u00dcL ADV\u0130YE \u00d6ZDEN, a\u00e7\u0131klamas\u0131n\u0131n sonunda toplumun her kesimine hitap ederek \u015fu \u00e7a\u011fr\u0131y\u0131 yapt\u0131: \u201cBug\u00fcn burada sadece bir ele\u015ftiri yapm\u0131yoruz; ayn\u0131 zamanda bir \u00e7a\u011fr\u0131da bulunuyoruz. Y\u00fcre\u011fi s\u0131zlayan, akl\u0131 yaral\u0131 olan herkes i\u00e7in buraday\u0131z. Umudu k\u0131r\u0131lm\u0131\u015f, emekleri bo\u015fa \u00e7\u0131km\u0131\u015f MHP\u2019lilere\u2026 25 y\u0131ld\u0131r inand\u0131\u011f\u0131 de\u011ferlerin hoyrat\u00e7a harcand\u0131\u011f\u0131n\u0131 g\u00f6ren AK Partili karde\u015flerime\u2026 Cumhuriyetin ve devletin gelece\u011finden endi\u015fe duyan CHP\u2019lilere\u2026 Evlatlar\u0131n\u0131, onurunu, y\u0131llar\u0131n\u0131 Marksist-Leninist PKK\u2019ya kapt\u0131rm\u0131\u015f muhafazak\u00e2r, vicdan sahibi K\u00fcrt karde\u015flerime sesleniyorum:<br>Siz yaln\u0131z de\u011filsiniz.<br>Bu topraklarda h\u00e2l\u00e2 akl\u0131yla konu\u015fan, kalbiyle duyan, vicdan\u0131yla y\u00fcr\u00fcyen bir siyasi hareket var: Anahtar Parti.<br>Bu milletin, bu devletin, bu vatan\u0131n y\u00fck\u00fcn\u00fc omuzlamaya talibiz.<br>Gelin, beraber y\u00fcr\u00fcyelim. \u00c7\u00fcnk\u00fc biz sadece iktidara de\u011fil, millete talibiz.\u201d<\/p>\n\n\n\n<p>haber merkezi<\/p>\n","protected":false},"excerpt":{"rendered":"<p>Anahtar Parti Manavgat \u0130l\u00e7e Ba\u015fkanI G\u00dcL ADV\u0130YE \u00d6ZDEN, Meclis\u2019te kurulan Milli Dayan\u0131\u015fma ve Demokrasi Komisyonu\u2019na ve yeni \u00e7\u00f6z\u00fcm s\u00fcreci iddialar\u0131na ili\u015fkin sert a\u00e7\u0131klamalarda bulundu. \u0130l <a href=\"https:\/\/akdenizhaber.com.tr\/index.php\/2025\/08\/08\/manavgat-anahtar-partiden-sert-cikis-milliyetciligimizi-sorgulayanlar-terorle-yan-yana-yuruyenlerdir\/\" class=\"read-more-link\">[more&#8230;]<\/a><\/p>\n","protected":false},"author":2,"featured_media":29749,"comment_status":"open","ping_status":"open","sticky":false,"template":"","format":"standard","meta":{"footnotes":""},"categories":[2],"tags":[],"class_list":["post-29748","post","type-post","status-publish","format-standard","has-post-thumbnail","hentry","category-gundem"],"_links":{"self":[{"href":"https:\/\/akdenizhaber.com.tr\/index.php\/wp-json\/wp\/v2\/posts\/29748","targetHints":{"allow":["GET"]}}],"collection":[{"href":"https:\/\/akdenizhaber.com.tr\/index.php\/wp-json\/wp\/v2\/posts"}],"about":[{"href":"https:\/\/akdenizhaber.com.tr\/index.php\/wp-json\/wp\/v2\/types\/post"}],"author":[{"embeddable":true,"href":"https:\/\/akdenizhaber.com.tr\/index.php\/wp-json\/wp\/v2\/users\/2"}],"replies":[{"embeddable":true,"href":"https:\/\/akdenizhaber.com.tr\/index.php\/wp-json\/wp\/v2\/comments?post=29748"}],"version-history":[{"count":1,"href":"https:\/\/akdenizhaber.com.tr\/index.php\/wp-json\/wp\/v2\/posts\/29748\/revisions"}],"predecessor-version":[{"id":29750,"href":"https:\/\/akdenizhaber.com.tr\/index.php\/wp-json\/wp\/v2\/posts\/29748\/revisions\/29750"}],"wp:featuredmedia":[{"embeddable":true,"href":"https:\/\/akdenizhaber.com.tr\/index.php\/wp-json\/wp\/v2\/media\/29749"}],"wp:attachment":[{"href":"https:\/\/akdenizhaber.com.tr\/index.php\/wp-json\/wp\/v2\/media?parent=29748"}],"wp:term":[{"taxonomy":"category","embeddable":true,"href":"https:\/\/akdenizhaber.com.tr\/index.php\/wp-json\/wp\/v2\/categories?post=29748"},{"taxonomy":"post_tag","embeddable":true,"href":"https:\/\/akdenizhaber.com.tr\/index.php\/wp-json\/wp\/v2\/tags?post=29748"}],"curies":[{"name":"wp","href":"https:\/\/api.w.org\/{rel}","templated":true}]}}