{"id":29716,"date":"2025-08-04T15:45:58","date_gmt":"2025-08-04T12:45:58","guid":{"rendered":"https:\/\/akdenizhaber.com.tr\/?p=29716"},"modified":"2025-08-04T15:46:16","modified_gmt":"2025-08-04T12:46:16","slug":"ak-partiden-masiada-ziyaret","status":"publish","type":"post","link":"https:\/\/akdenizhaber.com.tr\/index.php\/2025\/08\/04\/ak-partiden-masiada-ziyaret\/","title":{"rendered":"Ak Parti\u2019den MAS\u0130AD\u2019A Ziyaret"},"content":{"rendered":"\n<p>Ak Parti il\u00e7e Ba\u015fkan\u0131 Niyazi \u00dcnal ile Ak Parti Antalya milletvekili Dr. Tuba Vural \u00c7okal ge\u00e7ti\u011fimiz hafta Manavgat Sanayici i\u015f adamlar\u0131 derne\u011finin yeni y\u00f6netimini ziyaret ederek hay\u0131rl\u0131 olsun dileklerinde bulundu.<\/p>\n\n\n\n<figure class=\"wp-block-image size-large\"><img loading=\"lazy\" decoding=\"async\" width=\"1024\" height=\"676\" src=\"https:\/\/akdenizhaber.com.tr\/wp-content\/uploads\/2025\/08\/5913b225-d61d-4d18-8985-c0cb711b27ec-1-1024x676.jpg\" alt=\"\" class=\"wp-image-29720\" srcset=\"https:\/\/akdenizhaber.com.tr\/wp-content\/uploads\/2025\/08\/5913b225-d61d-4d18-8985-c0cb711b27ec-1-1024x676.jpg 1024w, https:\/\/akdenizhaber.com.tr\/wp-content\/uploads\/2025\/08\/5913b225-d61d-4d18-8985-c0cb711b27ec-1-300x198.jpg 300w, https:\/\/akdenizhaber.com.tr\/wp-content\/uploads\/2025\/08\/5913b225-d61d-4d18-8985-c0cb711b27ec-1-768x507.jpg 768w, https:\/\/akdenizhaber.com.tr\/wp-content\/uploads\/2025\/08\/5913b225-d61d-4d18-8985-c0cb711b27ec-1.jpg 1440w\" sizes=\"auto, (max-width: 1024px) 100vw, 1024px\" \/><\/figure>\n\n\n\n<p>Ziyaret kapsam\u0131nda ev sahipli\u011fi yapan MAS\u0130AD y\u00f6netim kurulu ba\u015fkan\u0131 Ahmet Emre Cengiz ve y\u00f6netim kurulu \u00fcyelerinin kat\u0131l\u0131m\u0131 ile ger\u00e7ekle\u015fti.<\/p>\n\n\n\n<p>Ak Parti Antalya milletvekili Dr. Tuba Vural \u00c7okal, gen\u00e7le\u015fen MAS\u0130AD ekibini ziyaretten duyduklar\u0131 memnuniyeti dile getirerek \u201cNazik ev sahiplikleri ve verimli sohbetleri i\u00e7in kendilerine te\u015fekk\u00fcr ediyor, \u00e7al\u0131\u015fmalar\u0131nda ba\u015far\u0131lar diliyoruz\u201d dedi.<\/p>\n\n\n\n<p>MAS\u0130AD y\u00f6netim kurulu ba\u015fkan\u0131 Ahmet Emre Cengiz ise MAS\u0130AD y\u00f6netim kurulu ad\u0131na Ak Parti milletvekili Dr. Tuba Vural \u00c7okal\u2019a, Ak Parti il\u00e7e ba\u015fkan\u0131 Niyazi \u00dcnal ile il\u00e7e te\u015fkilat\u0131 y\u00f6neticilerine ziyaretlerinden dolay\u0131 \u00e7ok te\u015fekk\u00fcr etti.<\/p>\n\n\n\n<p>Ba\u015fkan Ahmet Emre Cengiz ziyaret kapsam\u0131nda \u00f6ncelikle i\u015f d\u00fcnyas\u0131 ile birlikte Manavgat\u2019\u0131n sorunlar\u0131n\u0131 kar\u015f\u0131l\u0131kl\u0131 fikir al\u0131\u015fveri\u015fi \u00e7er\u00e7evesinde aktard\u0131klar\u0131na dikkat \u00e7ekerek \u201cAk Parti Antalya milletvekilimiz Say\u0131n Dr. Tuba Vural \u00c7okal ile il\u00e7e ba\u015fkan\u0131m\u0131z Say\u0131n Niyazi \u00dcnal beyefendiye \u00e7ok te\u015fekk\u00fcr ediyoruz. Kar\u015f\u0131l\u0131kl\u0131 fikir al\u0131\u015fveri\u015fimiz \u00e7ok verimli bir isti\u015fare ile sonu\u00e7land\u0131. Kendilerine bir kez daha y\u00f6netim kurulum ad\u0131na te\u015fekk\u00fcr ediyorum\u201d dedi.<\/p>\n\n\n\n<p>B\u00fc\u015fra Deveci \/ Haber<\/p>\n","protected":false},"excerpt":{"rendered":"<p>Ak Parti il\u00e7e Ba\u015fkan\u0131 Niyazi \u00dcnal ile Ak Parti Antalya milletvekili Dr. Tuba Vural \u00c7okal ge\u00e7ti\u011fimiz hafta Manavgat Sanayici i\u015f adamlar\u0131 derne\u011finin yeni y\u00f6netimini ziyaret <a href=\"https:\/\/akdenizhaber.com.tr\/index.php\/2025\/08\/04\/ak-partiden-masiada-ziyaret\/\" class=\"read-more-link\">[more&#8230;]<\/a><\/p>\n","protected":false},"author":2,"featured_media":29718,"comment_status":"open","ping_status":"open","sticky":false,"template":"","format":"standard","meta":{"footnotes":""},"categories":[2],"tags":[],"class_list":["post-29716","post","type-post","status-publish","format-standard","has-post-thumbnail","hentry","category-gundem"],"_links":{"self":[{"href":"https:\/\/akdenizhaber.com.tr\/index.php\/wp-json\/wp\/v2\/posts\/29716","targetHints":{"allow":["GET"]}}],"collection":[{"href":"https:\/\/akdenizhaber.com.tr\/index.php\/wp-json\/wp\/v2\/posts"}],"about":[{"href":"https:\/\/akdenizhaber.com.tr\/index.php\/wp-json\/wp\/v2\/types\/post"}],"author":[{"embeddable":true,"href":"https:\/\/akdenizhaber.com.tr\/index.php\/wp-json\/wp\/v2\/users\/2"}],"replies":[{"embeddable":true,"href":"https:\/\/akdenizhaber.com.tr\/index.php\/wp-json\/wp\/v2\/comments?post=29716"}],"version-history":[{"count":2,"href":"https:\/\/akdenizhaber.com.tr\/index.php\/wp-json\/wp\/v2\/posts\/29716\/revisions"}],"predecessor-version":[{"id":29721,"href":"https:\/\/akdenizhaber.com.tr\/index.php\/wp-json\/wp\/v2\/posts\/29716\/revisions\/29721"}],"wp:featuredmedia":[{"embeddable":true,"href":"https:\/\/akdenizhaber.com.tr\/index.php\/wp-json\/wp\/v2\/media\/29718"}],"wp:attachment":[{"href":"https:\/\/akdenizhaber.com.tr\/index.php\/wp-json\/wp\/v2\/media?parent=29716"}],"wp:term":[{"taxonomy":"category","embeddable":true,"href":"https:\/\/akdenizhaber.com.tr\/index.php\/wp-json\/wp\/v2\/categories?post=29716"},{"taxonomy":"post_tag","embeddable":true,"href":"https:\/\/akdenizhaber.com.tr\/index.php\/wp-json\/wp\/v2\/tags?post=29716"}],"curies":[{"name":"wp","href":"https:\/\/api.w.org\/{rel}","templated":true}]}}