{"id":29690,"date":"2025-08-04T15:36:56","date_gmt":"2025-08-04T12:36:56","guid":{"rendered":"https:\/\/akdenizhaber.com.tr\/?p=29690"},"modified":"2025-08-04T15:36:57","modified_gmt":"2025-08-04T12:36:57","slug":"manavgat-belediyesi-yesil-alanlarda-bakim-ve-onarim-calismalarini-surduruyor","status":"publish","type":"post","link":"https:\/\/akdenizhaber.com.tr\/index.php\/2025\/08\/04\/manavgat-belediyesi-yesil-alanlarda-bakim-ve-onarim-calismalarini-surduruyor\/","title":{"rendered":"Manavgat Belediyesi Ye\u015fil Alanlarda Bak\u0131m ve Onar\u0131m \u00c7al\u0131\u015fmalar\u0131n\u0131 S\u00fcrd\u00fcr\u00fcyor"},"content":{"rendered":"\n<p>Manavgat Belediyesi Park ve Bah\u00e7eler M\u00fcd\u00fcrl\u00fc\u011f\u00fc ekipleri, kent genelindeki park ve ye\u015fil alanlarda bak\u0131m, onar\u0131m, boyama ve temizlik \u00e7al\u0131\u015fmalar\u0131na devam ediyor.<\/p>\n\n\n\n<p>Vatanda\u015flar\u0131n daha temiz, d\u00fczenli ve estetik bir \u00e7evrede vakit ge\u00e7irebilmesi amac\u0131yla y\u00fcr\u00fct\u00fclen \u00e7al\u0131\u015fmalar kapsam\u0131nda, park mobilyalar\u0131n\u0131n bak\u0131m ve boyama i\u015flemleri ger\u00e7ekle\u015ftirilirken, ye\u015fil alanlarda genel temizlik ve \u00e7evre d\u00fczenlemesi de titizlikle s\u00fcrd\u00fcr\u00fcl\u00fcyor.<\/p>\n\n\n\n<p>Belediyeden yap\u0131lan a\u00e7\u0131klamada, \u201cDo\u011fayla i\u00e7 i\u00e7e bir kent hedefiyle ye\u015fil dokumuzu korumaya ve geli\u015ftirmeye devam ediyoruz. Park ve Bah\u00e7eler M\u00fcd\u00fcrl\u00fc\u011f\u00fc ekiplerimiz, vatanda\u015flar\u0131m\u0131z\u0131n keyifle vakit ge\u00e7irebilece\u011fi alanlar olu\u015fturmak i\u00e7in \u00f6zveriyle \u00e7al\u0131\u015fmaktad\u0131r.\u201d denildi.<\/p>\n\n\n\n<p>Manavgat Belediyesi \/ B\u00fclten<\/p>\n","protected":false},"excerpt":{"rendered":"<p>Manavgat Belediyesi Park ve Bah\u00e7eler M\u00fcd\u00fcrl\u00fc\u011f\u00fc ekipleri, kent genelindeki park ve ye\u015fil alanlarda bak\u0131m, onar\u0131m, boyama ve temizlik \u00e7al\u0131\u015fmalar\u0131na devam ediyor. Vatanda\u015flar\u0131n daha temiz, d\u00fczenli <a href=\"https:\/\/akdenizhaber.com.tr\/index.php\/2025\/08\/04\/manavgat-belediyesi-yesil-alanlarda-bakim-ve-onarim-calismalarini-surduruyor\/\" class=\"read-more-link\">[more&#8230;]<\/a><\/p>\n","protected":false},"author":2,"featured_media":29691,"comment_status":"open","ping_status":"open","sticky":false,"template":"","format":"standard","meta":{"footnotes":""},"categories":[2],"tags":[],"class_list":["post-29690","post","type-post","status-publish","format-standard","has-post-thumbnail","hentry","category-gundem"],"_links":{"self":[{"href":"https:\/\/akdenizhaber.com.tr\/index.php\/wp-json\/wp\/v2\/posts\/29690","targetHints":{"allow":["GET"]}}],"collection":[{"href":"https:\/\/akdenizhaber.com.tr\/index.php\/wp-json\/wp\/v2\/posts"}],"about":[{"href":"https:\/\/akdenizhaber.com.tr\/index.php\/wp-json\/wp\/v2\/types\/post"}],"author":[{"embeddable":true,"href":"https:\/\/akdenizhaber.com.tr\/index.php\/wp-json\/wp\/v2\/users\/2"}],"replies":[{"embeddable":true,"href":"https:\/\/akdenizhaber.com.tr\/index.php\/wp-json\/wp\/v2\/comments?post=29690"}],"version-history":[{"count":1,"href":"https:\/\/akdenizhaber.com.tr\/index.php\/wp-json\/wp\/v2\/posts\/29690\/revisions"}],"predecessor-version":[{"id":29692,"href":"https:\/\/akdenizhaber.com.tr\/index.php\/wp-json\/wp\/v2\/posts\/29690\/revisions\/29692"}],"wp:featuredmedia":[{"embeddable":true,"href":"https:\/\/akdenizhaber.com.tr\/index.php\/wp-json\/wp\/v2\/media\/29691"}],"wp:attachment":[{"href":"https:\/\/akdenizhaber.com.tr\/index.php\/wp-json\/wp\/v2\/media?parent=29690"}],"wp:term":[{"taxonomy":"category","embeddable":true,"href":"https:\/\/akdenizhaber.com.tr\/index.php\/wp-json\/wp\/v2\/categories?post=29690"},{"taxonomy":"post_tag","embeddable":true,"href":"https:\/\/akdenizhaber.com.tr\/index.php\/wp-json\/wp\/v2\/tags?post=29690"}],"curies":[{"name":"wp","href":"https:\/\/api.w.org\/{rel}","templated":true}]}}