{"id":29688,"date":"2025-08-04T15:38:54","date_gmt":"2025-08-04T12:38:54","guid":{"rendered":"https:\/\/akdenizhaber.com.tr\/?p=29688"},"modified":"2025-08-04T15:38:55","modified_gmt":"2025-08-04T12:38:55","slug":"manavgat-belediyesi-gures-kulubu-pehlivanlari-gokbel-er-meydanindan-madalyalarla-dondu","status":"publish","type":"post","link":"https:\/\/akdenizhaber.com.tr\/index.php\/2025\/08\/04\/manavgat-belediyesi-gures-kulubu-pehlivanlari-gokbel-er-meydanindan-madalyalarla-dondu\/","title":{"rendered":"Manavgat Belediyesi G\u00fcre\u015f Kul\u00fcb\u00fc Pehlivanlar\u0131 G\u00f6kbel Er Meydan\u0131\u2019ndan Madalyalarla D\u00f6nd\u00fc"},"content":{"rendered":"\n<p>Manavgat Belediyesi G\u00fcre\u015f Kul\u00fcb\u00fc pehlivanlar\u0131, Alanya Belediyesi taraf\u0131ndan bu y\u0131l 19\u2019uncusu d\u00fczenlenen G\u00f6kbel Ya\u011fl\u0131 Pehlivan G\u00fcre\u015fleri\u2019nde \u00f6nemli ba\u015far\u0131lara imza att\u0131. T\u00fcrkiye\u2019nin d\u00f6rt bir yan\u0131ndan gelen \u00e7ok say\u0131da g\u00fcre\u015f\u00e7inin kol ba\u011flad\u0131\u011f\u0131 m\u00fcsabakalarda, Manavgat Belediyesi ad\u0131na er meydan\u0131na \u00e7\u0131kan pehlivanlar \u00e7e\u015fitli boylarda derece elde ederek Manavgat\u2019\u0131 gururland\u0131rd\u0131.<\/p>\n\n\n\n<p>Manavgat Belediyesi G\u00fcre\u015f Kul\u00fcb\u00fc sporcular\u0131n\u0131n dereceleri \u015fu \u015fekilde:<\/p>\n\n\n\n<p><strong>Te\u015fvik 1 Boyu:<\/strong><br>Ali K\u00fc\u00e7\u00fck-Birinci<br>Mehmet \u0130brad\u0131-\u00dc\u00e7\u00fcnc\u00fc<\/p>\n\n\n\n<p><strong>Te\u015fvik 2 Boyu:<\/strong><br>Umut Altay-\u0130kinci<\/p>\n\n\n\n<p><strong>Deste K\u00fc\u00e7\u00fck Boy:<\/strong><br>Mehmet Ba\u015fkan Bozkurt-\u0130kinci<\/p>\n\n\n\n<p><strong>Deste B\u00fcy\u00fck Boy:<\/strong><br>Alper K\u00fc\u00e7\u00fck-\u00dc\u00e7\u00fcnc\u00fc<\/p>\n\n\n\n<p>Manavgat Belediyesi \/ B\u00fclten<\/p>\n","protected":false},"excerpt":{"rendered":"<p>Manavgat Belediyesi G\u00fcre\u015f Kul\u00fcb\u00fc pehlivanlar\u0131, Alanya Belediyesi taraf\u0131ndan bu y\u0131l 19\u2019uncusu d\u00fczenlenen G\u00f6kbel Ya\u011fl\u0131 Pehlivan G\u00fcre\u015fleri\u2019nde \u00f6nemli ba\u015far\u0131lara imza att\u0131. T\u00fcrkiye\u2019nin d\u00f6rt bir yan\u0131ndan gelen <a href=\"https:\/\/akdenizhaber.com.tr\/index.php\/2025\/08\/04\/manavgat-belediyesi-gures-kulubu-pehlivanlari-gokbel-er-meydanindan-madalyalarla-dondu\/\" class=\"read-more-link\">[more&#8230;]<\/a><\/p>\n","protected":false},"author":2,"featured_media":29696,"comment_status":"open","ping_status":"open","sticky":false,"template":"","format":"standard","meta":{"footnotes":""},"categories":[2],"tags":[],"class_list":["post-29688","post","type-post","status-publish","format-standard","has-post-thumbnail","hentry","category-gundem"],"_links":{"self":[{"href":"https:\/\/akdenizhaber.com.tr\/index.php\/wp-json\/wp\/v2\/posts\/29688","targetHints":{"allow":["GET"]}}],"collection":[{"href":"https:\/\/akdenizhaber.com.tr\/index.php\/wp-json\/wp\/v2\/posts"}],"about":[{"href":"https:\/\/akdenizhaber.com.tr\/index.php\/wp-json\/wp\/v2\/types\/post"}],"author":[{"embeddable":true,"href":"https:\/\/akdenizhaber.com.tr\/index.php\/wp-json\/wp\/v2\/users\/2"}],"replies":[{"embeddable":true,"href":"https:\/\/akdenizhaber.com.tr\/index.php\/wp-json\/wp\/v2\/comments?post=29688"}],"version-history":[{"count":1,"href":"https:\/\/akdenizhaber.com.tr\/index.php\/wp-json\/wp\/v2\/posts\/29688\/revisions"}],"predecessor-version":[{"id":29697,"href":"https:\/\/akdenizhaber.com.tr\/index.php\/wp-json\/wp\/v2\/posts\/29688\/revisions\/29697"}],"wp:featuredmedia":[{"embeddable":true,"href":"https:\/\/akdenizhaber.com.tr\/index.php\/wp-json\/wp\/v2\/media\/29696"}],"wp:attachment":[{"href":"https:\/\/akdenizhaber.com.tr\/index.php\/wp-json\/wp\/v2\/media?parent=29688"}],"wp:term":[{"taxonomy":"category","embeddable":true,"href":"https:\/\/akdenizhaber.com.tr\/index.php\/wp-json\/wp\/v2\/categories?post=29688"},{"taxonomy":"post_tag","embeddable":true,"href":"https:\/\/akdenizhaber.com.tr\/index.php\/wp-json\/wp\/v2\/tags?post=29688"}],"curies":[{"name":"wp","href":"https:\/\/api.w.org\/{rel}","templated":true}]}}