{"id":29686,"date":"2025-08-04T15:36:29","date_gmt":"2025-08-04T12:36:29","guid":{"rendered":"https:\/\/akdenizhaber.com.tr\/?p=29686"},"modified":"2025-08-04T15:36:30","modified_gmt":"2025-08-04T12:36:30","slug":"manavgat-belediyesinden-genclere-yks-tercih-danismanligi-destegi","status":"publish","type":"post","link":"https:\/\/akdenizhaber.com.tr\/index.php\/2025\/08\/04\/manavgat-belediyesinden-genclere-yks-tercih-danismanligi-destegi\/","title":{"rendered":"Manavgat Belediyesi\u2019nden Gen\u00e7lere YKS Tercih Dan\u0131\u015fmanl\u0131\u011f\u0131 Deste\u011fi"},"content":{"rendered":"\n<p>Manavgat Belediyesi, Y\u00fcksek\u00f6\u011fretim Kurumlar\u0131 S\u0131nav\u0131 (YKS) sonras\u0131 tercih s\u00fcrecinde \u00f6\u011frencilere ve ailelerine destek olmak amac\u0131yla \u00fccretsiz tercih dan\u0131\u015fmanl\u0131\u011f\u0131 hizmetini s\u00fcrd\u00fcr\u00fcyor.<\/p>\n\n\n\n<p>Uzman rehber \u00f6\u011fretmenler e\u015fli\u011finde y\u00fcr\u00fct\u00fclen dan\u0131\u015fmanl\u0131k hizmeti, Atat\u00fcrk K\u00fclt\u00fcr Merkezi\u2019nde 11 A\u011fustos 2025 tarihine kadar her g\u00fcn 09.00-18.00 saatleri aras\u0131nda \u00f6\u011frencilere rehberlik ediyor.<\/p>\n\n\n\n<p>\u00dcniversite tercihi konusunda karars\u0131zl\u0131k ya\u015fayan ya da profesyonel deste\u011fe ihtiya\u00e7 duyan \u00f6\u011frenciler, bu hizmet sayesinde ilgi alanlar\u0131, ba\u015far\u0131 s\u0131ralamalar\u0131 ve kariyer hedefleri do\u011frultusunda daha sa\u011fl\u0131kl\u0131 tercihler yapabiliyor.<\/p>\n\n\n\n<p>Manavgat Belediyesi\u2019nden yap\u0131lan a\u00e7\u0131klamada, \u201cGen\u00e7lerimizin hayatlar\u0131n\u0131n bu kritik d\u00f6neminde yanlar\u0131nda olmaktan b\u00fcy\u00fck bir memnuniyet duyuyoruz. T\u00fcm \u00f6\u011frencilerimizi ve velilerimizi tercih dan\u0131\u015fma hizmetimizden faydalanmak \u00fczere Atat\u00fcrk K\u00fclt\u00fcr Merkezi\u2019ne bekliyoruz.\u201d ifadelerine yer verildi.<\/p>\n\n\n\n<p>Manavgat Belediyesi \/ B\u00fclten<\/p>\n","protected":false},"excerpt":{"rendered":"<p>Manavgat Belediyesi, Y\u00fcksek\u00f6\u011fretim Kurumlar\u0131 S\u0131nav\u0131 (YKS) sonras\u0131 tercih s\u00fcrecinde \u00f6\u011frencilere ve ailelerine destek olmak amac\u0131yla \u00fccretsiz tercih dan\u0131\u015fmanl\u0131\u011f\u0131 hizmetini s\u00fcrd\u00fcr\u00fcyor. Uzman rehber \u00f6\u011fretmenler e\u015fli\u011finde y\u00fcr\u00fct\u00fclen <a href=\"https:\/\/akdenizhaber.com.tr\/index.php\/2025\/08\/04\/manavgat-belediyesinden-genclere-yks-tercih-danismanligi-destegi\/\" class=\"read-more-link\">[more&#8230;]<\/a><\/p>\n","protected":false},"author":2,"featured_media":29687,"comment_status":"open","ping_status":"open","sticky":false,"template":"","format":"standard","meta":{"footnotes":""},"categories":[2],"tags":[],"class_list":["post-29686","post","type-post","status-publish","format-standard","has-post-thumbnail","hentry","category-gundem"],"_links":{"self":[{"href":"https:\/\/akdenizhaber.com.tr\/index.php\/wp-json\/wp\/v2\/posts\/29686","targetHints":{"allow":["GET"]}}],"collection":[{"href":"https:\/\/akdenizhaber.com.tr\/index.php\/wp-json\/wp\/v2\/posts"}],"about":[{"href":"https:\/\/akdenizhaber.com.tr\/index.php\/wp-json\/wp\/v2\/types\/post"}],"author":[{"embeddable":true,"href":"https:\/\/akdenizhaber.com.tr\/index.php\/wp-json\/wp\/v2\/users\/2"}],"replies":[{"embeddable":true,"href":"https:\/\/akdenizhaber.com.tr\/index.php\/wp-json\/wp\/v2\/comments?post=29686"}],"version-history":[{"count":1,"href":"https:\/\/akdenizhaber.com.tr\/index.php\/wp-json\/wp\/v2\/posts\/29686\/revisions"}],"predecessor-version":[{"id":29689,"href":"https:\/\/akdenizhaber.com.tr\/index.php\/wp-json\/wp\/v2\/posts\/29686\/revisions\/29689"}],"wp:featuredmedia":[{"embeddable":true,"href":"https:\/\/akdenizhaber.com.tr\/index.php\/wp-json\/wp\/v2\/media\/29687"}],"wp:attachment":[{"href":"https:\/\/akdenizhaber.com.tr\/index.php\/wp-json\/wp\/v2\/media?parent=29686"}],"wp:term":[{"taxonomy":"category","embeddable":true,"href":"https:\/\/akdenizhaber.com.tr\/index.php\/wp-json\/wp\/v2\/categories?post=29686"},{"taxonomy":"post_tag","embeddable":true,"href":"https:\/\/akdenizhaber.com.tr\/index.php\/wp-json\/wp\/v2\/tags?post=29686"}],"curies":[{"name":"wp","href":"https:\/\/api.w.org\/{rel}","templated":true}]}}