{"id":29678,"date":"2025-07-31T15:54:40","date_gmt":"2025-07-31T12:54:40","guid":{"rendered":"https:\/\/akdenizhaber.com.tr\/?p=29678"},"modified":"2025-07-31T15:54:41","modified_gmt":"2025-07-31T12:54:41","slug":"kaymakam-basarili-ogrencileri-odullendirdi","status":"publish","type":"post","link":"https:\/\/akdenizhaber.com.tr\/index.php\/2025\/07\/31\/kaymakam-basarili-ogrencileri-odullendirdi\/","title":{"rendered":"Kaymakam Ba\u015far\u0131l\u0131 \u00d6\u011frencileri \u00d6d\u00fcllendirdi"},"content":{"rendered":"\n<p>LGS\u2019de 500 tam puan alan \u00f6\u011frenciler ile YKS\u2019de \u0130lk 1000\u2019e giren \u00f6\u011frenciler Manavgat Kaymakam\u0131 Adil Karata\u015f\u2019\u0131 makam\u0131nda ziyaret etti. \u0130l\u00e7e Milli E\u011fitim M\u00fcd\u00fcr\u00fc Ali Hakan \u00d6z\u2019\u00fcn de haz\u0131r bulundu\u011fu ziyarette, Kaymakam Karata\u015f ba\u015far\u0131l\u0131 \u00f6\u011frencileri kutlad\u0131 ve ba\u015far\u0131lar\u0131n\u0131n devam\u0131n\u0131 diledi.<\/p>\n\n\n\n<p>\u00dclkemiz genelinde 963 bin 142 \u00f6\u011frencinin girdi\u011fi Liselere Ge\u00e7i\u015f Sistemi S\u0131nav\u0131nda 500 tam puan alarak 1. olan \u00f6\u011frenciler ile,2 milyon 351 bin 641 ki\u015finin girdi\u011fi Y\u00fcksek \u00f6\u011fretim Kurumlar\u0131 S\u0131nav\u0131n\u0131n farkl\u0131 alanlar\u0131nda, \u00fclke genelinde ilk 1000\u2019e giren \u00f6\u011frencileri ve aileleri ni makam\u0131nda kabul eden Manavgat Kaymakam\u0131 Say\u0131n Adil Karata\u015f, \u00f6\u011frencileri ba\u015far\u0131lar\u0131ndan dolay\u0131 \u00e7e\u015fitli hediyelerle \u00f6d\u00fcllendirdi.<\/p>\n\n\n\n<p>Ziyarete aileleri ile birlikte gelen \u00f6\u011frenciler ve \u00f6\u011frencilerin aileleriyle sohbet eden Kaymakam Adil Karata\u015f, yo\u011fun bir emek ve disiplinli \u00e7al\u0131\u015fma sonucu gelen bu ba\u015far\u0131lar\u0131ndan dolay\u0131 \u00f6\u011frencileri tebrik etti. Bu ba\u015far\u0131larla \u00f6\u011frencilerimizle gurur duydu\u011funu, sadece kendisinin de\u011fil emek veren ailelerimizin, y\u00f6netici ve \u00f6\u011fretmenlerimizin de kendisi ile ayn\u0131 duygular\u0131 payla\u015ft\u0131klar\u0131n\u0131 ifade etti. \u00d6\u011frencilerin elde ettikleri ba\u015far\u0131 sonras\u0131 gelece\u011fe dair planlamalar\u0131, hedefleri ile ilgili payla\u015f\u0131mlar\u0131n ard\u0131ndan, kaymakam Adil Karata\u015f, hayatta ba\u015far\u0131l\u0131 olabilmek i\u00e7in gerekli olan disiplinli \u00e7al\u0131\u015fma al\u0131\u015fkanl\u0131klar\u0131n\u0131n bundan sonraki ya\u015famlar\u0131nda da s\u00fcrmesi temennisinde bulundu. \u2018Sizler gibi gen\u00e7lerimiz sayesinde gelece\u011fe g\u00fcvenle bakabiliyoruz, sizler \u00fclkemizin gelece\u011fisiniz.&nbsp; Daha bu ya\u015flarda g\u00f6stermi\u015f oldu\u011funuz gayret ve ba\u015far\u0131y\u0131 \u00f6m\u00fcr boyu s\u00fcrd\u00fcrmeniz milletimizi her daim bir ad\u0131m daha ileriye ta\u015f\u0131yacakt\u0131r\u2019 dedi.<\/p>\n\n\n\n<p>Kaymakam Adil Karata\u015f, ba\u015far\u0131l\u0131 \u00f6\u011frencilerin ziyaretinden duydu\u011fu memnuniyeti dile getirdi. \u00d6\u011frenciler ve ailelerle hat\u0131ra foto\u011fraf\u0131 \u00e7ekildi.<\/p>\n\n\n\n<p>B\u00fc\u015fra Deveci \/ Haber<\/p>\n","protected":false},"excerpt":{"rendered":"<p>LGS\u2019de 500 tam puan alan \u00f6\u011frenciler ile YKS\u2019de \u0130lk 1000\u2019e giren \u00f6\u011frenciler Manavgat Kaymakam\u0131 Adil Karata\u015f\u2019\u0131 makam\u0131nda ziyaret etti. \u0130l\u00e7e Milli E\u011fitim M\u00fcd\u00fcr\u00fc Ali Hakan <a href=\"https:\/\/akdenizhaber.com.tr\/index.php\/2025\/07\/31\/kaymakam-basarili-ogrencileri-odullendirdi\/\" class=\"read-more-link\">[more&#8230;]<\/a><\/p>\n","protected":false},"author":2,"featured_media":29679,"comment_status":"open","ping_status":"open","sticky":false,"template":"","format":"standard","meta":{"footnotes":""},"categories":[2],"tags":[],"class_list":["post-29678","post","type-post","status-publish","format-standard","has-post-thumbnail","hentry","category-gundem"],"_links":{"self":[{"href":"https:\/\/akdenizhaber.com.tr\/index.php\/wp-json\/wp\/v2\/posts\/29678","targetHints":{"allow":["GET"]}}],"collection":[{"href":"https:\/\/akdenizhaber.com.tr\/index.php\/wp-json\/wp\/v2\/posts"}],"about":[{"href":"https:\/\/akdenizhaber.com.tr\/index.php\/wp-json\/wp\/v2\/types\/post"}],"author":[{"embeddable":true,"href":"https:\/\/akdenizhaber.com.tr\/index.php\/wp-json\/wp\/v2\/users\/2"}],"replies":[{"embeddable":true,"href":"https:\/\/akdenizhaber.com.tr\/index.php\/wp-json\/wp\/v2\/comments?post=29678"}],"version-history":[{"count":1,"href":"https:\/\/akdenizhaber.com.tr\/index.php\/wp-json\/wp\/v2\/posts\/29678\/revisions"}],"predecessor-version":[{"id":29680,"href":"https:\/\/akdenizhaber.com.tr\/index.php\/wp-json\/wp\/v2\/posts\/29678\/revisions\/29680"}],"wp:featuredmedia":[{"embeddable":true,"href":"https:\/\/akdenizhaber.com.tr\/index.php\/wp-json\/wp\/v2\/media\/29679"}],"wp:attachment":[{"href":"https:\/\/akdenizhaber.com.tr\/index.php\/wp-json\/wp\/v2\/media?parent=29678"}],"wp:term":[{"taxonomy":"category","embeddable":true,"href":"https:\/\/akdenizhaber.com.tr\/index.php\/wp-json\/wp\/v2\/categories?post=29678"},{"taxonomy":"post_tag","embeddable":true,"href":"https:\/\/akdenizhaber.com.tr\/index.php\/wp-json\/wp\/v2\/tags?post=29678"}],"curies":[{"name":"wp","href":"https:\/\/api.w.org\/{rel}","templated":true}]}}