{"id":29675,"date":"2025-07-31T15:54:07","date_gmt":"2025-07-31T12:54:07","guid":{"rendered":"https:\/\/akdenizhaber.com.tr\/?p=29675"},"modified":"2025-07-31T15:54:07","modified_gmt":"2025-07-31T12:54:07","slug":"anahtar-partisine-kadin-baskan-gul-adviye-ozden-ilce-baskani-oldu","status":"publish","type":"post","link":"https:\/\/akdenizhaber.com.tr\/index.php\/2025\/07\/31\/anahtar-partisine-kadin-baskan-gul-adviye-ozden-ilce-baskani-oldu\/","title":{"rendered":"Anahtar Partisine Kad\u0131n Ba\u015fkan                                         G\u00fcl Adviye \u00d6zden \u0130l\u00e7e Ba\u015fkan\u0131 Oldu"},"content":{"rendered":"\n<p><\/p>\n\n\n\n<p>Ge\u00e7ti\u011fimiz g\u00fcnlerde istifa ile bo\u015falan Anahtar Parti Manavgat il\u00e7e ba\u015fkanl\u0131\u011f\u0131 g\u00f6revine G\u00fcl Adviye \u00d6zden getirildi.<\/p>\n\n\n\n<p>Daha \u00f6nceki y\u00f6netimde de kad\u0131n kollar\u0131 ba\u015fkan\u0131 olarak g\u00f6rev yapan G\u00fcl Adviye \u00d6zden kendisini bu g\u00f6reve lay\u0131k g\u00f6renleri mahcup etmeyece\u011fini ve Anahtar Partinin \u00e7\u0131tas\u0131n\u0131n Manavgat\u2019ta daha y\u00fckseklere \u00e7\u0131kmas\u0131 ad\u0131na arkada\u015flar\u0131 birlikte canla ba\u015fla \u00e7al\u0131\u015faca\u011f\u0131n\u0131 s\u00f6yledi.<\/p>\n\n\n\n<p>\u00c7i\u00e7e\u011fi burnunda yeni il\u00e7e ba\u015fkan\u0131 G\u00fcl Adviye \u00d6zden il\u00e7e ba\u015fkanl\u0131\u011f\u0131 g\u00f6revine getirilmesi nedeniyle \u015f\u00f6yle konu\u015ftu;<\/p>\n\n\n\n<p>\u201cAnahtar Parti Manavgat \u0130l\u00e7e Ba\u015fkanl\u0131\u011f\u0131 g\u00f6revine, y\u00f6netim kurulumuzun oylar\u0131 ve deste\u011fiyle se\u00e7ilmi\u015f bulunmaktay\u0131m. Bu onurlu g\u00f6revi devralmama vesile olan de\u011ferli y\u00f6netim kurulu \u00fcyelerimize, Genel Ba\u015fkan\u0131m\u0131z Yavuz A\u011f\u0131ralio\u011flu ve Genel Ba\u015fkan Yard\u0131mc\u0131m\u0131z Ayhan Erel&#8217;e te\u015fekk\u00fcr ediyorum.<\/p>\n\n\n\n<p>Manavgat\u2019ta Anahtar Parti\u2019nin sesi daha g\u00fcr \u00e7\u0131ks\u0131n, halk\u0131m\u0131zla daha g\u00fc\u00e7l\u00fc bir g\u00f6n\u00fcl ba\u011f\u0131 kurulsun diye; birlik, adalet ve kararl\u0131l\u0131kla \u00e7al\u0131\u015faca\u011f\u0131z. Hep birlikte, yeni bir siyasi k\u00fclt\u00fcr ve g\u00fc\u00e7l\u00fc bir T\u00fcrkiye i\u00e7in yola devam, Yeni umutlar yeni ba\u015flang\u0131\u00e7lar do\u011furur, yeni ba\u015flang\u0131\u00e7lar da yeni bir d\u00fczeni getirir. Bizler de bu g\u00fczel y\u00fcre\u011fe ve inanca sahip olduktan sonra el ele Anahtar Parti olarak \u00e7ok b\u00fcy\u00fck ba\u015far\u0131lara hep birlikte imza ataca\u011f\u0131z. Ay y\u0131ld\u0131zl\u0131 al bayra\u011f\u0131n g\u00f6lgesinde inanc\u0131 fikri k\u00f6k\u00fc ne olursa olsun bu topraklarda huzurla, onurla, karde\u015f\u00e7e ya\u015famak istiyorum diyen herkesi Anahtar Partiye davet ediyorum\u201d dedi.<\/p>\n\n\n\n<p>B\u00fc\u015fra Deveci \/ Haber<\/p>\n","protected":false},"excerpt":{"rendered":"<p>Ge\u00e7ti\u011fimiz g\u00fcnlerde istifa ile bo\u015falan Anahtar Parti Manavgat il\u00e7e ba\u015fkanl\u0131\u011f\u0131 g\u00f6revine G\u00fcl Adviye \u00d6zden getirildi. Daha \u00f6nceki y\u00f6netimde de kad\u0131n kollar\u0131 ba\u015fkan\u0131 olarak g\u00f6rev yapan <a href=\"https:\/\/akdenizhaber.com.tr\/index.php\/2025\/07\/31\/anahtar-partisine-kadin-baskan-gul-adviye-ozden-ilce-baskani-oldu\/\" class=\"read-more-link\">[more&#8230;]<\/a><\/p>\n","protected":false},"author":2,"featured_media":29676,"comment_status":"open","ping_status":"open","sticky":false,"template":"","format":"standard","meta":{"footnotes":""},"categories":[2],"tags":[],"class_list":["post-29675","post","type-post","status-publish","format-standard","has-post-thumbnail","hentry","category-gundem"],"_links":{"self":[{"href":"https:\/\/akdenizhaber.com.tr\/index.php\/wp-json\/wp\/v2\/posts\/29675","targetHints":{"allow":["GET"]}}],"collection":[{"href":"https:\/\/akdenizhaber.com.tr\/index.php\/wp-json\/wp\/v2\/posts"}],"about":[{"href":"https:\/\/akdenizhaber.com.tr\/index.php\/wp-json\/wp\/v2\/types\/post"}],"author":[{"embeddable":true,"href":"https:\/\/akdenizhaber.com.tr\/index.php\/wp-json\/wp\/v2\/users\/2"}],"replies":[{"embeddable":true,"href":"https:\/\/akdenizhaber.com.tr\/index.php\/wp-json\/wp\/v2\/comments?post=29675"}],"version-history":[{"count":1,"href":"https:\/\/akdenizhaber.com.tr\/index.php\/wp-json\/wp\/v2\/posts\/29675\/revisions"}],"predecessor-version":[{"id":29677,"href":"https:\/\/akdenizhaber.com.tr\/index.php\/wp-json\/wp\/v2\/posts\/29675\/revisions\/29677"}],"wp:featuredmedia":[{"embeddable":true,"href":"https:\/\/akdenizhaber.com.tr\/index.php\/wp-json\/wp\/v2\/media\/29676"}],"wp:attachment":[{"href":"https:\/\/akdenizhaber.com.tr\/index.php\/wp-json\/wp\/v2\/media?parent=29675"}],"wp:term":[{"taxonomy":"category","embeddable":true,"href":"https:\/\/akdenizhaber.com.tr\/index.php\/wp-json\/wp\/v2\/categories?post=29675"},{"taxonomy":"post_tag","embeddable":true,"href":"https:\/\/akdenizhaber.com.tr\/index.php\/wp-json\/wp\/v2\/tags?post=29675"}],"curies":[{"name":"wp","href":"https:\/\/api.w.org\/{rel}","templated":true}]}}