{"id":29671,"date":"2025-07-31T15:53:32","date_gmt":"2025-07-31T12:53:32","guid":{"rendered":"https:\/\/akdenizhaber.com.tr\/?p=29671"},"modified":"2025-07-31T15:53:32","modified_gmt":"2025-07-31T12:53:32","slug":"manavgat-belediyesporun-gelecegi-icin-birlik-mesaji","status":"publish","type":"post","link":"https:\/\/akdenizhaber.com.tr\/index.php\/2025\/07\/31\/manavgat-belediyesporun-gelecegi-icin-birlik-mesaji\/","title":{"rendered":"Manavgat Belediyespor\u2019un Gelece\u011fi \u0130\u00e7in Birlik Mesaj\u0131"},"content":{"rendered":"\n<p>Manavgat Belediyesi Ba\u015fkan Vekili Av. Mehmet \u00c7i\u00e7ek\u2019in \u00f6nc\u00fcl\u00fc\u011f\u00fcnde, Manavgat Belediyespor\u2019un gelece\u011fini ele almak \u00fczere Atat\u00fcrk K\u00fclt\u00fcr Merkezi\u2019nde geni\u015f kat\u0131l\u0131ml\u0131 bir de\u011ferlendirme toplant\u0131s\u0131 d\u00fczenlendi. Toplant\u0131ya; oda ba\u015fkanlar\u0131, sivil toplum kurulu\u015flar\u0131n\u0131n temsilcileri, taraftar gruplar\u0131, spor camias\u0131 ve \u00e7ok say\u0131da vatanda\u015f kat\u0131l\u0131m sa\u011flad\u0131.<\/p>\n\n\n\n<p>Toplant\u0131da, kul\u00fcb\u00fcn mevcut durumu ve gelece\u011fe y\u00f6nelik vizyonu \u00e7ok y\u00f6nl\u00fc \u015fekilde ele al\u0131n\u0131rken, kat\u0131l\u0131mc\u0131lar\u0131n g\u00f6r\u00fc\u015f ve \u00f6nerileri dinlendi. Ortak ama\u00e7 olarak, Manavgat Belediyespor\u2019un daha sa\u011flam temellere dayal\u0131, s\u00fcrd\u00fcr\u00fclebilir bir yap\u0131ya kavu\u015fturulmas\u0131 ve profesyonel bir anlay\u0131\u015fla y\u00f6netilmesi gerekti\u011fi vurguland\u0131.<\/p>\n\n\n\n<p>\u00c7\u0130\u00c7EK: \u201cMANAVGAT BELED\u0130YESPOR B\u0130Z\u0130M ORTAK DE\u011eER\u0130M\u0130ZD\u0130R\u201d<\/p>\n\n\n\n<p>Toplant\u0131da konu\u015fan Manavgat Belediyesi Ba\u015fkan Vekili Av. Mehmet \u00c7i\u00e7ek, Manavgat Belediyespor\u2019un \u015fehir i\u00e7in ta\u015f\u0131d\u0131\u011f\u0131 \u00f6neme dikkat \u00e7ekerek \u015fu a\u00e7\u0131klamalarda bulundu:<\/p>\n\n\n\n<p>\u201cManavgat Belediyespor, Manavgat\u2019\u0131m\u0131z\u0131n bir de\u011feridir. Halk\u0131m\u0131z y\u0131llard\u0131r sevgisini g\u00f6steriyor. 1999 y\u0131l\u0131nda 3. Lige y\u00fckseldik fakat farkl\u0131 etkenlerle yine d\u00fc\u015ft\u00fck. Bug\u00fcn toplanma amac\u0131m\u0131z; bu tak\u0131m\u0131 t\u00fcm payda\u015flar olarak, bu i\u015fi profesyonelce y\u00fcr\u00fctecek bir ekibe teslim etmek. Biz belediyecili\u011fimizi yapal\u0131m, tak\u0131m\u0131 y\u00f6netenler de i\u015fini yaps\u0131n.<\/p>\n\n\n\n<p>Profesyonel ligde m\u00fccadele eden kad\u0131n voleybol tak\u0131m\u0131m\u0131z\u0131n ve B\u00f6lgesel Amat\u00f6r Lig\u2019de yer alan futbol tak\u0131m\u0131m\u0131z\u0131n, Manavgat halk\u0131n\u0131n sahiplenmesiyle daha g\u00fc\u00e7l\u00fc bir \u015fekilde yoluna devam etmesini arzu ediyoruz.\u201d<\/p>\n\n\n\n<p>TARAFTARLARDAN G\u00dc\u00c7L\u00dc DESTEK<\/p>\n\n\n\n<p>Toplant\u0131ya kat\u0131lan taraftarlar da g\u00f6r\u00fc\u015flerini \u00f6zg\u00fcrce dile getirdi. Kat\u0131l\u0131mc\u0131lar\u0131n ortak vurgusu, kul\u00fcb\u00fcn potansiyelinin y\u00fcksek oldu\u011fu ve profesyonel bir organizasyon yap\u0131s\u0131yla daha \u00fcst liglerde ba\u015far\u0131ya ula\u015fabilece\u011fi y\u00f6n\u00fcndeydi.<\/p>\n\n\n\n<p>Taraftarlar\u0131n baz\u0131 a\u00e7\u0131klamalar\u0131 \u015f\u00f6yleydi:<\/p>\n\n\n\n<p>\u201cYeni se\u00e7ilecek y\u00f6netici arkada\u015flar, kollektif bir anlay\u0131\u015fla \u00e7al\u0131\u015f\u0131rsa Manavgat\u2019\u0131n ba\u015far\u0131s\u0131z olaca\u011f\u0131n\u0131 zannetmiyorum.\u201d<\/p>\n\n\n\n<p>\u201cBizim bu i\u015fi profesyonel mi yoksa amat\u00f6r m\u00fc yapaca\u011f\u0131m\u0131z\u0131n karar\u0131n\u0131 vermemiz gerekiyor.\u201d<\/p>\n\n\n\n<p>\u201cBuran\u0131n imkanlar\u0131 T\u00fcrkiye\u2019nin bir\u00e7ok yerinde yok. Manavgat Belediyespor, \u00e7ok daha iyi yerlerde olmal\u0131.\u201d<\/p>\n\n\n\n<p>YEN\u0130 Y\u00d6NET\u0130M \u0130\u00c7\u0130N \u00c7ALI\u015eMALAR BA\u015eLATILDI<\/p>\n\n\n\n<p>Toplant\u0131da en \u00e7ok dikkat \u00e7eken geli\u015fmelerden biri ise yeni bir y\u00f6netim kurulunun olu\u015fturulmas\u0131 y\u00f6n\u00fcnde ba\u015flat\u0131lan \u00e7al\u0131\u015fmalar oldu. Kat\u0131l\u0131mc\u0131lar, kul\u00fcb\u00fcn t\u00fcm payda\u015flar\u0131yla birlikte \u015fekillenecek \u015feffaf, hesap verebilir ve kat\u0131l\u0131mc\u0131 bir y\u00f6netim anlay\u0131\u015f\u0131yla yeni d\u00f6neme haz\u0131rlanmas\u0131 gerekti\u011fi konusunda hemfikir oldu.<\/p>\n\n\n\n<p>Manavgat Belediyesi \/ B\u00fclten<\/p>\n","protected":false},"excerpt":{"rendered":"<p>Manavgat Belediyesi Ba\u015fkan Vekili Av. Mehmet \u00c7i\u00e7ek\u2019in \u00f6nc\u00fcl\u00fc\u011f\u00fcnde, Manavgat Belediyespor\u2019un gelece\u011fini ele almak \u00fczere Atat\u00fcrk K\u00fclt\u00fcr Merkezi\u2019nde geni\u015f kat\u0131l\u0131ml\u0131 bir de\u011ferlendirme toplant\u0131s\u0131 d\u00fczenlendi. Toplant\u0131ya; oda <a href=\"https:\/\/akdenizhaber.com.tr\/index.php\/2025\/07\/31\/manavgat-belediyesporun-gelecegi-icin-birlik-mesaji\/\" class=\"read-more-link\">[more&#8230;]<\/a><\/p>\n","protected":false},"author":2,"featured_media":29672,"comment_status":"open","ping_status":"open","sticky":false,"template":"","format":"standard","meta":{"footnotes":""},"categories":[2],"tags":[],"class_list":["post-29671","post","type-post","status-publish","format-standard","has-post-thumbnail","hentry","category-gundem"],"_links":{"self":[{"href":"https:\/\/akdenizhaber.com.tr\/index.php\/wp-json\/wp\/v2\/posts\/29671","targetHints":{"allow":["GET"]}}],"collection":[{"href":"https:\/\/akdenizhaber.com.tr\/index.php\/wp-json\/wp\/v2\/posts"}],"about":[{"href":"https:\/\/akdenizhaber.com.tr\/index.php\/wp-json\/wp\/v2\/types\/post"}],"author":[{"embeddable":true,"href":"https:\/\/akdenizhaber.com.tr\/index.php\/wp-json\/wp\/v2\/users\/2"}],"replies":[{"embeddable":true,"href":"https:\/\/akdenizhaber.com.tr\/index.php\/wp-json\/wp\/v2\/comments?post=29671"}],"version-history":[{"count":1,"href":"https:\/\/akdenizhaber.com.tr\/index.php\/wp-json\/wp\/v2\/posts\/29671\/revisions"}],"predecessor-version":[{"id":29674,"href":"https:\/\/akdenizhaber.com.tr\/index.php\/wp-json\/wp\/v2\/posts\/29671\/revisions\/29674"}],"wp:featuredmedia":[{"embeddable":true,"href":"https:\/\/akdenizhaber.com.tr\/index.php\/wp-json\/wp\/v2\/media\/29672"}],"wp:attachment":[{"href":"https:\/\/akdenizhaber.com.tr\/index.php\/wp-json\/wp\/v2\/media?parent=29671"}],"wp:term":[{"taxonomy":"category","embeddable":true,"href":"https:\/\/akdenizhaber.com.tr\/index.php\/wp-json\/wp\/v2\/categories?post=29671"},{"taxonomy":"post_tag","embeddable":true,"href":"https:\/\/akdenizhaber.com.tr\/index.php\/wp-json\/wp\/v2\/tags?post=29671"}],"curies":[{"name":"wp","href":"https:\/\/api.w.org\/{rel}","templated":true}]}}