{"id":29665,"date":"2025-07-31T15:51:53","date_gmt":"2025-07-31T12:51:53","guid":{"rendered":"https:\/\/akdenizhaber.com.tr\/?p=29665"},"modified":"2025-07-31T15:51:53","modified_gmt":"2025-07-31T12:51:53","slug":"cicekten-huzurevi-sakinlerine-ziyaret","status":"publish","type":"post","link":"https:\/\/akdenizhaber.com.tr\/index.php\/2025\/07\/31\/cicekten-huzurevi-sakinlerine-ziyaret\/","title":{"rendered":"\u00c7i\u00e7ek\u2019ten Huzurevi Sakinlerine Ziyaret"},"content":{"rendered":"\n<p>Manavgat Belediyesi Ba\u015fkan Vekili Av. Mehmet \u00c7i\u00e7ek, Manavgat Belediyesi Huzurevi sakinleri ile Bo\u011faz Otel\u2019de d\u00fczenlenen yemekte bir araya geldi.<\/p>\n\n\n\n<p>Huzurevi M\u00fcd\u00fcrl\u00fc\u011f\u00fc\u2019n\u00fcn geleneksel hale getirdi\u011fi Bo\u011faz Otel\u2019deki bulu\u015fmaya Manavgat Belediye Ba\u015fkan Vekili Av. Mehmet \u00c7i\u00e7ek\u2019in yan\u0131 s\u0131ra, belediye ba\u015fkan yard\u0131mc\u0131lar\u0131 ve birim m\u00fcd\u00fcrleri kat\u0131ld\u0131. G\u00fczel havan\u0131n ve deniz manzaras\u0131n\u0131n tad\u0131n\u0131 \u00e7\u0131kartan huzurevi sakinleri, keyifli bir g\u00fcn ge\u00e7irdi.<\/p>\n\n\n\n<p>Yemek organizasyonu boyunca ya\u015fl\u0131 bireylerle yak\u0131ndan ilgilenen Ba\u015fkan Vekili Av. Mehmet \u00c7i\u00e7ek, b\u00fcy\u00fcklerin ellerini \u00f6perek hay\u0131r dualar\u0131n\u0131 ald\u0131, onlar\u0131n istek ve taleplerini dinledi. Ba\u015fkan Vekili Av. Mehmet \u00c7i\u00e7ek, etkinli\u011fe ili\u015fkin yapt\u0131\u011f\u0131 de\u011ferlendirmede \u015fu ifadeleri kulland\u0131:<\/p>\n\n\n\n<p>\u201cManavgat Belediyesi olarak, toplumumuzun temel yap\u0131 ta\u015flar\u0131ndan biri olan b\u00fcy\u00fcklerimizin ya\u015fam kalitesini y\u00fckseltmek, kendilerini de\u011ferli ve g\u00fcvende hissetmelerini sa\u011flamak ad\u0131na \u00e7al\u0131\u015fmalar\u0131m\u0131z\u0131 s\u00fcrd\u00fcr\u00fcyoruz. Bug\u00fcnk\u00fc bulu\u015fmada g\u00f6rd\u00fck ki; bir tebess\u00fcm, bir selam, bir hat\u0131rlanma duygusu bile b\u00fcy\u00fcklerimizi ne kadar mutlu ediyor. Bu bilin\u00e7le, onlar\u0131n her zaman yanlar\u0131nda olmaya devam edece\u011fiz.\u201d<\/p>\n\n\n\n<p>Manavgat Belediyesi \/ B\u00fclten<\/p>\n","protected":false},"excerpt":{"rendered":"<p>Manavgat Belediyesi Ba\u015fkan Vekili Av. Mehmet \u00c7i\u00e7ek, Manavgat Belediyesi Huzurevi sakinleri ile Bo\u011faz Otel\u2019de d\u00fczenlenen yemekte bir araya geldi. Huzurevi M\u00fcd\u00fcrl\u00fc\u011f\u00fc\u2019n\u00fcn geleneksel hale getirdi\u011fi Bo\u011faz <a href=\"https:\/\/akdenizhaber.com.tr\/index.php\/2025\/07\/31\/cicekten-huzurevi-sakinlerine-ziyaret\/\" class=\"read-more-link\">[more&#8230;]<\/a><\/p>\n","protected":false},"author":2,"featured_media":29666,"comment_status":"open","ping_status":"open","sticky":false,"template":"","format":"standard","meta":{"footnotes":""},"categories":[2],"tags":[],"class_list":["post-29665","post","type-post","status-publish","format-standard","has-post-thumbnail","hentry","category-gundem"],"_links":{"self":[{"href":"https:\/\/akdenizhaber.com.tr\/index.php\/wp-json\/wp\/v2\/posts\/29665","targetHints":{"allow":["GET"]}}],"collection":[{"href":"https:\/\/akdenizhaber.com.tr\/index.php\/wp-json\/wp\/v2\/posts"}],"about":[{"href":"https:\/\/akdenizhaber.com.tr\/index.php\/wp-json\/wp\/v2\/types\/post"}],"author":[{"embeddable":true,"href":"https:\/\/akdenizhaber.com.tr\/index.php\/wp-json\/wp\/v2\/users\/2"}],"replies":[{"embeddable":true,"href":"https:\/\/akdenizhaber.com.tr\/index.php\/wp-json\/wp\/v2\/comments?post=29665"}],"version-history":[{"count":1,"href":"https:\/\/akdenizhaber.com.tr\/index.php\/wp-json\/wp\/v2\/posts\/29665\/revisions"}],"predecessor-version":[{"id":29667,"href":"https:\/\/akdenizhaber.com.tr\/index.php\/wp-json\/wp\/v2\/posts\/29665\/revisions\/29667"}],"wp:featuredmedia":[{"embeddable":true,"href":"https:\/\/akdenizhaber.com.tr\/index.php\/wp-json\/wp\/v2\/media\/29666"}],"wp:attachment":[{"href":"https:\/\/akdenizhaber.com.tr\/index.php\/wp-json\/wp\/v2\/media?parent=29665"}],"wp:term":[{"taxonomy":"category","embeddable":true,"href":"https:\/\/akdenizhaber.com.tr\/index.php\/wp-json\/wp\/v2\/categories?post=29665"},{"taxonomy":"post_tag","embeddable":true,"href":"https:\/\/akdenizhaber.com.tr\/index.php\/wp-json\/wp\/v2\/tags?post=29665"}],"curies":[{"name":"wp","href":"https:\/\/api.w.org\/{rel}","templated":true}]}}