{"id":29651,"date":"2025-07-31T15:48:57","date_gmt":"2025-07-31T12:48:57","guid":{"rendered":"https:\/\/akdenizhaber.com.tr\/?p=29651"},"modified":"2025-07-31T15:48:58","modified_gmt":"2025-07-31T12:48:58","slug":"antalya-alevi-bilesenlerinden-baskan-vekili-ozdemire-destek-ziyareti","status":"publish","type":"post","link":"https:\/\/akdenizhaber.com.tr\/index.php\/2025\/07\/31\/antalya-alevi-bilesenlerinden-baskan-vekili-ozdemire-destek-ziyareti\/","title":{"rendered":"Antalya Alevi Bile\u015fenleri\u2019nden Ba\u015fkan Vekili \u00d6zdemir\u2019e destek ziyareti"},"content":{"rendered":"\n<p>Antalya Alevi Bile\u015fenleri, Antalya B\u00fcy\u00fck\u015fehir Belediyesi Ba\u015fkan Vekili B\u00fc\u015fra \u00d6zdemir\u2019i ziyaret etti. Alevi Bile\u015fenleri ad\u0131na konu\u015fan Hac\u0131bekta\u015f\u0131 Veli Anadolu K\u00fclt\u00fcr Vakf\u0131 Antalya \u015eube Ba\u015fkan\u0131 Nurettin Erdo\u011fan, \u201cMuhittin Ba\u015fkan\u0131m\u0131z\u0131n Antalya\u2019ya b\u00f6lgemize katt\u0131\u011f\u0131 \u00e7ok g\u00fczel \u00e7al\u0131\u015fmalar var. Bizler de bu s\u00fcre\u00e7te her zaman sizlerin yan\u0131nday\u0131z\u201d diyerek destek verdi.<\/p>\n\n\n\n<p>Antalya B\u00fcy\u00fck\u015fehir Belediyesi Ba\u015fkan Vekili B\u00fc\u015fra \u00d6zdemir, Alevi Bile\u015fenlerini a\u011f\u0131rlad\u0131. \u00d6zdemir, Hac\u0131bekta\u015f Veli Anadolu K\u00fclt\u00fcr Vakf\u0131 Antalya \u015eube Ba\u015fkan\u0131 Nurettin Erdo\u011fan, D\u00f6\u015femealt\u0131 \u015eube Ba\u015fkan\u0131 Binali Efe, Pir Sultan Abdal K\u00fclt\u00fcr Derne\u011fi Alt\u0131nova \u015eube Ba\u015fkan\u0131 Adnan Arslan, Alevi K\u00fclt\u00fcr Dernekleri Antalya \u015eube Ba\u015fkan\u0131 Kaz\u0131m U\u00e7arcan, Zeytink\u00f6y Alevi K\u00fclt\u00fcr\u00fcn\u00fc Tan\u0131tma Derne\u011fi Ba\u015fkan\u0131 Fatma Hakikat ve Antalya Tahtac\u0131lar Derne\u011fi Ba\u015fkan\u0131 Mehmet Akar ile g\u00f6r\u00fc\u015ft\u00fc.<\/p>\n\n\n\n<p>VEK\u0130L \u00d6ZDEM\u0130R\u2019DEN DESTEK TE\u015eEKK\u00dcR\u00dc<\/p>\n\n\n\n<p>Ziyaretten duydu\u011fu memnuniyeti dile getiren Ba\u015fkan Vekili \u00d6zdemir, \u201cZor g\u00fcnlerden ge\u00e7iyoruz. \u0130rademize sahip \u00e7\u0131kmaya \u00e7al\u0131\u015f\u0131yoruz. Demokrasimize sahip \u00e7\u0131kmaya \u00e7al\u0131\u015f\u0131yoruz. \u00c7ok a\u011f\u0131r bir s\u00fcre\u00e7ten ge\u00e7iyoruz. Ba\u015fkan\u0131m\u0131z hasta. Covid s\u00fcrecini \u2018biliyorsunuz\u2019 \u00e7ok a\u011f\u0131r atlatm\u0131\u015ft\u0131. Hala d\u00fczenli tedavi g\u00f6r\u00fcyordu \u015fimdi bu tedaviden mahrum. Mide, ba\u011f\u0131rsak, prostat sorunlar\u0131 ba\u015flad\u0131. Ola\u011fan\u00fcst\u00fc ko\u015fullarda bir g\u00f6rev teslim ald\u0131k. K\u0131sa s\u00fcrmesini umuyorum. Bu ziyaretler \u00e7ok \u00f6nemli. G\u00fc\u00e7 veriyorsunuz. Nazik ziyaretiniz, i\u00e7inde bulundu\u011fumuz bu s\u00fcre\u00e7teki destekleriniz ve samimi dayan\u0131\u015fma duygular\u0131n\u0131z i\u00e7in t\u00fcm misafirlerimize te\u015fekk\u00fcr ediyoruz\u201d dedi.<\/p>\n\n\n\n<p>ERDO\u011eAN \u201cHER ZAMAN S\u0130ZLER\u0130N YANINDAYIZ\u201d<\/p>\n\n\n\n<p>Hac\u0131bekta\u015f\u0131 Veli Anadolu K\u00fclt\u00fcr Vakf\u0131 Antalya \u015eube Ba\u015fkan\u0131 Nurettin Erdo\u011fan da&nbsp;<\/p>\n\n\n\n<p>Ba\u015fkan Vekili B\u00fc\u015fra \u00d6zdemir\u2019e b\u00fcy\u00fck bir sorumluluk ald\u0131\u011f\u0131n\u0131 s\u00f6yleyerek, \u201cBu emaneti lay\u0131k\u0131yla ta\u015f\u0131mak, yerine getirmek, teslim etmek b\u00fcy\u00fck bir sorumluluk gerektirir. Bizlerin de i\u015finizi biraz daha kolayla\u015ft\u0131rmak amac\u0131yla her zaman deste\u011fimiz sizinle. Muhittin Ba\u015fkan\u0131m\u0131z\u0131n Antalya\u2019ya b\u00f6lgemize katt\u0131\u011f\u0131 \u00e7ok g\u00fczel \u00e7al\u0131\u015fmalar var. Bizlerde bu s\u00fcre\u00e7te her zaman sizlerin yan\u0131nday\u0131z\u201d diye konu\u015ftu.<\/p>\n\n\n\n<p>ARSLAN \u201cB\u0130Z\u0130M \u0130RADEM\u0130Z TUTUKLANMI\u015eTIR\u201d<\/p>\n\n\n\n<p>\u201cHepimize ge\u00e7mi\u015f olsun\u201d diyen Pir Sultan Abdal K\u00fclt\u00fcr Derne\u011fi Alt\u0131nova \u015eube Ba\u015fkan\u0131 Adnan Arslan ise, \u201cSadece Muhittin Ba\u015fkan tutuklanmam\u0131\u015ft\u0131r. Bizim irademiz tutuklanm\u0131\u015ft\u0131r. Alevi bile\u015fenleri olarak \u00fczerimize d\u00fc\u015fen ne varsa yan\u0131n\u0131zday\u0131z\u201d diyerek Ba\u015fkan Vekili \u00d6zdemir\u2019e desteklerini iletti.<\/p>\n\n\n\n<p>Antalya B\u00fcy\u00fck\u015fehir Belediyesi \/ B\u00fclten<\/p>\n","protected":false},"excerpt":{"rendered":"<p>Antalya Alevi Bile\u015fenleri, Antalya B\u00fcy\u00fck\u015fehir Belediyesi Ba\u015fkan Vekili B\u00fc\u015fra \u00d6zdemir\u2019i ziyaret etti. Alevi Bile\u015fenleri ad\u0131na konu\u015fan Hac\u0131bekta\u015f\u0131 Veli Anadolu K\u00fclt\u00fcr Vakf\u0131 Antalya \u015eube Ba\u015fkan\u0131 Nurettin <a href=\"https:\/\/akdenizhaber.com.tr\/index.php\/2025\/07\/31\/antalya-alevi-bilesenlerinden-baskan-vekili-ozdemire-destek-ziyareti\/\" class=\"read-more-link\">[more&#8230;]<\/a><\/p>\n","protected":false},"author":2,"featured_media":29653,"comment_status":"open","ping_status":"open","sticky":false,"template":"","format":"standard","meta":{"footnotes":""},"categories":[2],"tags":[],"class_list":["post-29651","post","type-post","status-publish","format-standard","has-post-thumbnail","hentry","category-gundem"],"_links":{"self":[{"href":"https:\/\/akdenizhaber.com.tr\/index.php\/wp-json\/wp\/v2\/posts\/29651","targetHints":{"allow":["GET"]}}],"collection":[{"href":"https:\/\/akdenizhaber.com.tr\/index.php\/wp-json\/wp\/v2\/posts"}],"about":[{"href":"https:\/\/akdenizhaber.com.tr\/index.php\/wp-json\/wp\/v2\/types\/post"}],"author":[{"embeddable":true,"href":"https:\/\/akdenizhaber.com.tr\/index.php\/wp-json\/wp\/v2\/users\/2"}],"replies":[{"embeddable":true,"href":"https:\/\/akdenizhaber.com.tr\/index.php\/wp-json\/wp\/v2\/comments?post=29651"}],"version-history":[{"count":1,"href":"https:\/\/akdenizhaber.com.tr\/index.php\/wp-json\/wp\/v2\/posts\/29651\/revisions"}],"predecessor-version":[{"id":29654,"href":"https:\/\/akdenizhaber.com.tr\/index.php\/wp-json\/wp\/v2\/posts\/29651\/revisions\/29654"}],"wp:featuredmedia":[{"embeddable":true,"href":"https:\/\/akdenizhaber.com.tr\/index.php\/wp-json\/wp\/v2\/media\/29653"}],"wp:attachment":[{"href":"https:\/\/akdenizhaber.com.tr\/index.php\/wp-json\/wp\/v2\/media?parent=29651"}],"wp:term":[{"taxonomy":"category","embeddable":true,"href":"https:\/\/akdenizhaber.com.tr\/index.php\/wp-json\/wp\/v2\/categories?post=29651"},{"taxonomy":"post_tag","embeddable":true,"href":"https:\/\/akdenizhaber.com.tr\/index.php\/wp-json\/wp\/v2\/tags?post=29651"}],"curies":[{"name":"wp","href":"https:\/\/api.w.org\/{rel}","templated":true}]}}