{"id":29646,"date":"2025-07-31T15:54:56","date_gmt":"2025-07-31T12:54:56","guid":{"rendered":"https:\/\/akdenizhaber.com.tr\/?p=29646"},"modified":"2025-07-31T15:54:57","modified_gmt":"2025-07-31T12:54:57","slug":"su-savasini-cocuklar-kazandi","status":"publish","type":"post","link":"https:\/\/akdenizhaber.com.tr\/index.php\/2025\/07\/31\/su-savasini-cocuklar-kazandi\/","title":{"rendered":"Su Sava\u015f\u0131n\u0131 \u00c7ocuklar Kazand\u0131"},"content":{"rendered":"\n<p><br>Manavgat \u00d6zel E\u011fitim ve Rehabilitasyon merkezince ge\u00e7ti\u011fimiz g\u00fcn \u00e7ok g\u00fczel bir etkinlik d\u00fczenlendi.<br>Havalar\u0131n normalin \u00fczerinde s\u0131cak gitmesini f\u0131rsat bilen e\u011fitim merkezi y\u00f6netici ve \u00f6\u011fretmenleri merkezde su sava\u015f\u0131 oyunu d\u00fczenleyerek \u00f6\u011frencilerin ho\u015f\u00e7a vakit ge\u00e7irmelerine katk\u0131 sa\u011flad\u0131lar.<br>Bir hayli keyifli ve \u00e7eki\u015fmeli ge\u00e7en su sava\u015flar\u0131 oyunlar\u0131 sonunda kazanan taraf \u00f6\u011frenciler oldu.<\/p>\n\n\n\n<figure class=\"wp-block-image size-large\"><img loading=\"lazy\" decoding=\"async\" width=\"1024\" height=\"472\" src=\"https:\/\/akdenizhaber.com.tr\/wp-content\/uploads\/2025\/07\/3c062afa-3f30-4403-ac74-404984e31b79-1024x472.jpg\" alt=\"\" class=\"wp-image-29648\" srcset=\"https:\/\/akdenizhaber.com.tr\/wp-content\/uploads\/2025\/07\/3c062afa-3f30-4403-ac74-404984e31b79-1024x472.jpg 1024w, https:\/\/akdenizhaber.com.tr\/wp-content\/uploads\/2025\/07\/3c062afa-3f30-4403-ac74-404984e31b79-300x138.jpg 300w, https:\/\/akdenizhaber.com.tr\/wp-content\/uploads\/2025\/07\/3c062afa-3f30-4403-ac74-404984e31b79-768x354.jpg 768w, https:\/\/akdenizhaber.com.tr\/wp-content\/uploads\/2025\/07\/3c062afa-3f30-4403-ac74-404984e31b79-1536x708.jpg 1536w, https:\/\/akdenizhaber.com.tr\/wp-content\/uploads\/2025\/07\/3c062afa-3f30-4403-ac74-404984e31b79.jpg 1600w\" sizes=\"auto, (max-width: 1024px) 100vw, 1024px\" \/><\/figure>\n\n\n\n<p>Manavgat \u00d6zel E\u011fitim ve Kurum M\u00fcd\u00fcr\u00fc Bahar \u015eahin &#8220;Bu s\u0131cak havalarda \u00f6\u011frencilerimiz ile keyifli bir aktivite yapmak bizleri de \u00e7ok mutlu etti. \u00d6zel e\u011fittim merkezlerinde \u00e7ocuklar\u0131n mutlu olmalar\u0131 ad\u0131na her zaman \u00e7e\u015fitli aktiviteler haz\u0131rlayarak yar\u0131nlar\u0131n\u0131n daha mutlu olmas\u0131na katk\u0131 sa\u011fl\u0131yoruz. Manavgat \u00d6zel e\u011fitim kurumumuz y\u00f6netimi, \u00f6\u011fretmenleri, \u00f6\u011frenci ve velileri ile kocaman bir ailedir. \u0130\u015fte onun i\u00e7in merkezimizde e\u011fitim alan her \u00f6\u011frencimiz bizler i\u00e7in \u00e7ok \u00f6nemlidir. Onlar\u0131n mutlu olmas\u0131 ad\u0131na her t\u00fcrl\u00fc etkinli\u011fi d\u00fczenleyerek moral ve motivasyon depolaman\u0131n gururunu ya\u015f\u0131yoruz. Etkinli\u011fe katk\u0131 sa\u011flayan \u00f6\u011fretmenlerimize te\u015fekk\u00fcr ediyor, \u00e7ocuklar\u0131m\u0131z\u0131 y\u00fcrekten kutluyorum\u201d dedi.<\/p>\n\n\n\n<p>B\u00fc\u015fra Deveci \/ Haber<\/p>\n","protected":false},"excerpt":{"rendered":"<p>Manavgat \u00d6zel E\u011fitim ve Rehabilitasyon merkezince ge\u00e7ti\u011fimiz g\u00fcn \u00e7ok g\u00fczel bir etkinlik d\u00fczenlendi.Havalar\u0131n normalin \u00fczerinde s\u0131cak gitmesini f\u0131rsat bilen e\u011fitim merkezi y\u00f6netici ve \u00f6\u011fretmenleri merkezde <a href=\"https:\/\/akdenizhaber.com.tr\/index.php\/2025\/07\/31\/su-savasini-cocuklar-kazandi\/\" class=\"read-more-link\">[more&#8230;]<\/a><\/p>\n","protected":false},"author":2,"featured_media":29647,"comment_status":"open","ping_status":"open","sticky":false,"template":"","format":"standard","meta":{"footnotes":""},"categories":[2],"tags":[],"class_list":["post-29646","post","type-post","status-publish","format-standard","has-post-thumbnail","hentry","category-gundem"],"_links":{"self":[{"href":"https:\/\/akdenizhaber.com.tr\/index.php\/wp-json\/wp\/v2\/posts\/29646","targetHints":{"allow":["GET"]}}],"collection":[{"href":"https:\/\/akdenizhaber.com.tr\/index.php\/wp-json\/wp\/v2\/posts"}],"about":[{"href":"https:\/\/akdenizhaber.com.tr\/index.php\/wp-json\/wp\/v2\/types\/post"}],"author":[{"embeddable":true,"href":"https:\/\/akdenizhaber.com.tr\/index.php\/wp-json\/wp\/v2\/users\/2"}],"replies":[{"embeddable":true,"href":"https:\/\/akdenizhaber.com.tr\/index.php\/wp-json\/wp\/v2\/comments?post=29646"}],"version-history":[{"count":1,"href":"https:\/\/akdenizhaber.com.tr\/index.php\/wp-json\/wp\/v2\/posts\/29646\/revisions"}],"predecessor-version":[{"id":29649,"href":"https:\/\/akdenizhaber.com.tr\/index.php\/wp-json\/wp\/v2\/posts\/29646\/revisions\/29649"}],"wp:featuredmedia":[{"embeddable":true,"href":"https:\/\/akdenizhaber.com.tr\/index.php\/wp-json\/wp\/v2\/media\/29647"}],"wp:attachment":[{"href":"https:\/\/akdenizhaber.com.tr\/index.php\/wp-json\/wp\/v2\/media?parent=29646"}],"wp:term":[{"taxonomy":"category","embeddable":true,"href":"https:\/\/akdenizhaber.com.tr\/index.php\/wp-json\/wp\/v2\/categories?post=29646"},{"taxonomy":"post_tag","embeddable":true,"href":"https:\/\/akdenizhaber.com.tr\/index.php\/wp-json\/wp\/v2\/tags?post=29646"}],"curies":[{"name":"wp","href":"https:\/\/api.w.org\/{rel}","templated":true}]}}