{"id":29641,"date":"2025-07-31T15:56:27","date_gmt":"2025-07-31T12:56:27","guid":{"rendered":"https:\/\/akdenizhaber.com.tr\/?p=29641"},"modified":"2025-07-31T15:56:28","modified_gmt":"2025-07-31T12:56:28","slug":"mali-musavirler-odasina-hayirli-olsun-ziyareti","status":"publish","type":"post","link":"https:\/\/akdenizhaber.com.tr\/index.php\/2025\/07\/31\/mali-musavirler-odasina-hayirli-olsun-ziyareti\/","title":{"rendered":"Mali M\u00fc\u015favirler Odas\u0131na Hay\u0131rl\u0131 Olsun Ziyareti"},"content":{"rendered":"\n<p>Manavgat Mali M\u00fc\u015favirler Odas\u0131 yeni y\u00f6netimine Manavgat Gazeteciler ve Yazarlar Cemiyeti ve Ko\u00e7lar Medya\u2019dan H\u00fcseyin Avni Gelendost ile Mehmet Y\u0131lmaz hay\u0131rl\u0131 olsun ziyaretinde bulundular.<br>Ge\u00e7ti\u011fimiz aylarda yap\u0131lan Manavgat Mali M\u00fc\u015favirler odas\u0131 se\u00e7imlerinden sonra Oda ba\u015fkanl\u0131\u011f\u0131na se\u00e7ilen Erkan Tuncer ile y\u00f6netim kuruluna Manavgat Gazeteciler ve yazarlar Cemiyeti ile Ko\u00e7lar medya b\u00fcnyesinde bulunan Akdeniz Haber ve Manavgat\u2019\u0131n sesi gazetelerini temsilen H\u00fcseyin Avni Gelendost ile Mehmet Y\u0131lmaz hay\u0131rl\u0131 olsun ziyaretinde bulundu<\/p>\n\n\n\n<figure class=\"wp-block-image size-large is-resized\"><img loading=\"lazy\" decoding=\"async\" width=\"1232\" height=\"1232\" src=\"https:\/\/akdenizhaber.com.tr\/wp-content\/uploads\/2025\/07\/21be0fb5-40cb-4c0d-a602-3de2e5f44595-edited.jpg\" alt=\"\" class=\"wp-image-29644\" style=\"width:535px;height:auto\" srcset=\"https:\/\/akdenizhaber.com.tr\/wp-content\/uploads\/2025\/07\/21be0fb5-40cb-4c0d-a602-3de2e5f44595-edited.jpg 1232w, https:\/\/akdenizhaber.com.tr\/wp-content\/uploads\/2025\/07\/21be0fb5-40cb-4c0d-a602-3de2e5f44595-edited-300x300.jpg 300w, https:\/\/akdenizhaber.com.tr\/wp-content\/uploads\/2025\/07\/21be0fb5-40cb-4c0d-a602-3de2e5f44595-edited-1024x1024.jpg 1024w, https:\/\/akdenizhaber.com.tr\/wp-content\/uploads\/2025\/07\/21be0fb5-40cb-4c0d-a602-3de2e5f44595-edited-150x150.jpg 150w, https:\/\/akdenizhaber.com.tr\/wp-content\/uploads\/2025\/07\/21be0fb5-40cb-4c0d-a602-3de2e5f44595-edited-768x768.jpg 768w\" sizes=\"auto, (max-width: 1232px) 100vw, 1232px\" \/><\/figure>\n\n\n\n<p><br>Oda merkezinde ger\u00e7ekle\u015fen ziyarette ba\u015fkan Erkan Tuncer, ba\u015fkan yard\u0131mc\u0131s\u0131, oda sekreteri \u00d6mer \u015eim\u015fek Y\u00f6netim kurulu \u00fcyeleri Yakup G\u00f6k\u00e7en, Mehmet Y\u0131lmaz ve Nazmiye \u00d6zen ev sahipli\u011fi yapt\u0131lar.<br>Ziyaret s\u0131ras\u0131nda \u00fclke ve Manavgat\u2019\u0131n sorunlar\u0131 ile mali m\u00fc\u015favirlerin ya\u015fad\u0131\u011f\u0131 s\u0131k\u0131nt\u0131lar konusunda kar\u015f\u0131l\u0131kl\u0131 fikir al\u0131\u015f veri\u015finde bulunuldu.<br>Manavgat Mali M\u00fc\u015favirler odas\u0131 ba\u015fkan\u0131 Erkan Tuncer, demokratik bi\u00e7imde ya\u015fan\u0131lan kongre s\u00fcreci sonras\u0131 t\u00fcm meslekta\u015flar\u0131 ile birlikte el ele vererek birlik ve beraberlik i\u00e7erisinde oda y\u00f6netiminin \u00e7\u0131tas\u0131n\u0131n \u00fcst seviyeye \u00e7\u0131kmas\u0131 ad\u0131na \u00e7al\u0131\u015fmalar\u0131n\u0131 s\u00fcrd\u00fcrd\u00fcklerini s\u00f6yledi.<br>Oda ba\u015fkan\u0131 Erkan Tuncer g\u00f6r\u00fc\u015flerini \u015f\u00f6yle dile getirdi;<br>\u201cYerel bas\u0131n\u0131n\u0131n g\u00fcc\u00fcn\u00fc bilen ki\u015filer olarak \u015fahs\u0131m ve oda y\u00f6netimim ad\u0131na ziyaretinizden dolay\u0131 duydu\u011fumuz mutlulu\u011fu ifade ederek, te\u015fekk\u00fcr ederiz. Yolumuz uzun yap\u0131lmas\u0131 gereken i\u015flerimiz \u00e7ok. Onun i\u00e7in biz bu yolda bir ve birlik i\u00e7erisinde \u00e7al\u0131\u015fmalar\u0131m\u0131z\u0131 s\u00fcrd\u00fcrerek odam\u0131z\u0131 \u00fclke genelinde en iyi yere getirmek i\u00e7in \u00e7aba sarf ederek, projelerimizi hayata ge\u00e7irece\u011fiz. T\u00fcm \u00fcyelerimize ve y\u00f6netim kurulumuza bu konuda te\u015fekk\u00fcr ediyorum\u201d dedi.<\/p>\n\n\n\n<p>B\u00fc\u015fra Deveci \/ Haber<\/p>\n","protected":false},"excerpt":{"rendered":"<p>Manavgat Mali M\u00fc\u015favirler Odas\u0131 yeni y\u00f6netimine Manavgat Gazeteciler ve Yazarlar Cemiyeti ve Ko\u00e7lar Medya\u2019dan H\u00fcseyin Avni Gelendost ile Mehmet Y\u0131lmaz hay\u0131rl\u0131 olsun ziyaretinde bulundular.Ge\u00e7ti\u011fimiz aylarda <a href=\"https:\/\/akdenizhaber.com.tr\/index.php\/2025\/07\/31\/mali-musavirler-odasina-hayirli-olsun-ziyareti\/\" class=\"read-more-link\">[more&#8230;]<\/a><\/p>\n","protected":false},"author":2,"featured_media":29642,"comment_status":"open","ping_status":"open","sticky":false,"template":"","format":"standard","meta":{"footnotes":""},"categories":[2],"tags":[],"class_list":["post-29641","post","type-post","status-publish","format-standard","has-post-thumbnail","hentry","category-gundem"],"_links":{"self":[{"href":"https:\/\/akdenizhaber.com.tr\/index.php\/wp-json\/wp\/v2\/posts\/29641","targetHints":{"allow":["GET"]}}],"collection":[{"href":"https:\/\/akdenizhaber.com.tr\/index.php\/wp-json\/wp\/v2\/posts"}],"about":[{"href":"https:\/\/akdenizhaber.com.tr\/index.php\/wp-json\/wp\/v2\/types\/post"}],"author":[{"embeddable":true,"href":"https:\/\/akdenizhaber.com.tr\/index.php\/wp-json\/wp\/v2\/users\/2"}],"replies":[{"embeddable":true,"href":"https:\/\/akdenizhaber.com.tr\/index.php\/wp-json\/wp\/v2\/comments?post=29641"}],"version-history":[{"count":1,"href":"https:\/\/akdenizhaber.com.tr\/index.php\/wp-json\/wp\/v2\/posts\/29641\/revisions"}],"predecessor-version":[{"id":29645,"href":"https:\/\/akdenizhaber.com.tr\/index.php\/wp-json\/wp\/v2\/posts\/29641\/revisions\/29645"}],"wp:featuredmedia":[{"embeddable":true,"href":"https:\/\/akdenizhaber.com.tr\/index.php\/wp-json\/wp\/v2\/media\/29642"}],"wp:attachment":[{"href":"https:\/\/akdenizhaber.com.tr\/index.php\/wp-json\/wp\/v2\/media?parent=29641"}],"wp:term":[{"taxonomy":"category","embeddable":true,"href":"https:\/\/akdenizhaber.com.tr\/index.php\/wp-json\/wp\/v2\/categories?post=29641"},{"taxonomy":"post_tag","embeddable":true,"href":"https:\/\/akdenizhaber.com.tr\/index.php\/wp-json\/wp\/v2\/tags?post=29641"}],"curies":[{"name":"wp","href":"https:\/\/api.w.org\/{rel}","templated":true}]}}