{"id":29631,"date":"2025-07-28T16:53:49","date_gmt":"2025-07-28T13:53:49","guid":{"rendered":"https:\/\/akdenizhaber.com.tr\/?p=29631"},"modified":"2025-07-28T16:53:50","modified_gmt":"2025-07-28T13:53:50","slug":"masiaddan-sidenin-kulturel-mirasina-destek","status":"publish","type":"post","link":"https:\/\/akdenizhaber.com.tr\/index.php\/2025\/07\/28\/masiaddan-sidenin-kulturel-mirasina-destek\/","title":{"rendered":"MAS\u0130AD&#8217;dan Side&#8217;nin K\u00fclt\u00fcrel Miras\u0131na Destek"},"content":{"rendered":"\n<p>Manavgat Sanayici ve \u0130\u015f \u0130nsanlar\u0131 Derne\u011fi (MAS\u0130AD), Side Antik Kenti&#8217;nin k\u00fclt\u00fcrel miras\u0131na sahip \u00e7\u0131karak, ge\u00e7mi\u015fin izlerini gelece\u011fe ta\u015f\u0131ma misyonuyla \u00f6nemli bir ad\u0131m att\u0131. MAS\u0130AD, Side&#8217;nin simgesi olan Apollon Tap\u0131na\u011f\u0131 i\u00e7in y\u00fcr\u00fct\u00fclen ayd\u0131nlatma \u00e7al\u0131\u015fmas\u0131n\u0131 ba\u015far\u0131yla tamamlad\u0131.<\/p>\n\n\n\n<p>MAS\u0130AD Ba\u015fkan\u0131 Ahmet Emre Cengiz, bu \u00f6zel proje ile Side&#8217;nin tarihi dokusunu daha g\u00f6r\u00fcn\u00fcr k\u0131ld\u0131klar\u0131n\u0131 belirterek projede eme\u011fi ge\u00e7en t\u00fcm kurumlara ve payda\u015flara te\u015fekk\u00fcr etti. Cengiz, MAS\u0130AD olarak Manavgat i\u00e7in \u00fcretmeye ve geli\u015ftirmeye devam edeceklerinin alt\u0131n\u0131 \u00e7izdi.<\/p>\n\n\n\n<p>I\u015f\u0131klar alt\u0131nda g\u00f6rkemli yap\u0131lar\u0131yla adeta yeniden hayat bulan Side Antik Kenti, hem tarih severlere unutulmaz anlar ya\u015fat\u0131yor hem de b\u00f6lge turizmine yeni bir ivme kazand\u0131r\u0131yor.<\/p>\n\n\n\n<p>Side Antik kenti K\u00fclt\u00fcr ve Turizm Bakanl\u0131\u011f\u0131&#8217;n\u0131n &#8220;Gelece\u011fe Miras Projesi&#8221; kapsam\u0131nda yap\u0131lan \u0131\u015f\u0131kland\u0131rma \u00e7al\u0131\u015fmalar\u0131yla art\u0131k geceleri de ziyaret\u00e7ilerine kap\u0131lar\u0131n\u0131 a\u00e7t\u0131. Ge\u00e7 Bronz \u00c7a\u011f\u0131&#8217;ndan Bizans d\u00f6nemine uzanan zengin tarihiyle \u00f6ne \u00e7\u0131kan antik kent, \u00f6zellikle s\u0131cak yaz ak\u015famlar\u0131nda yerli ve yabanc\u0131 turistlerin yo\u011fun ilgisini \u00e7ekiyor.<\/p>\n\n\n\n<p>1947&#8217;den bu yana aral\u0131ks\u0131z s\u00fcrd\u00fcr\u00fclen kaz\u0131 \u00e7al\u0131\u015fmalar\u0131yla her y\u0131l yeni eserlerin g\u00fcn y\u00fcz\u00fcne \u00e7\u0131kar\u0131ld\u0131\u011f\u0131 Side Antik Kenti, Athena ve Apollon Tap\u0131naklar\u0131n\u0131n 2 bin y\u0131ll\u0131k ihti\u015fam\u0131n\u0131 g\u00fcn\u00fcm\u00fcze ta\u015f\u0131yor. Proje kapsam\u0131nda yap\u0131lan gece m\u00fczecili\u011fi \u00e7al\u0131\u015fmalar\u0131yla MAS\u0130AD taraf\u0131ndan \u0131\u015f\u0131kland\u0131r\u0131lan bu g\u00f6rkemli yap\u0131lar, ziyaret\u00e7ilerine e\u015fsiz bir g\u00f6rsel \u015f\u00f6len sunarak onlar\u0131 adeta b\u00fcy\u00fcl\u00fcyor.<\/p>\n\n\n\n<p>B\u00fc\u015fra Deveci \/ Haber<\/p>\n","protected":false},"excerpt":{"rendered":"<p>Manavgat Sanayici ve \u0130\u015f \u0130nsanlar\u0131 Derne\u011fi (MAS\u0130AD), Side Antik Kenti&#8217;nin k\u00fclt\u00fcrel miras\u0131na sahip \u00e7\u0131karak, ge\u00e7mi\u015fin izlerini gelece\u011fe ta\u015f\u0131ma misyonuyla \u00f6nemli bir ad\u0131m att\u0131. MAS\u0130AD, Side&#8217;nin <a href=\"https:\/\/akdenizhaber.com.tr\/index.php\/2025\/07\/28\/masiaddan-sidenin-kulturel-mirasina-destek\/\" class=\"read-more-link\">[more&#8230;]<\/a><\/p>\n","protected":false},"author":2,"featured_media":29632,"comment_status":"open","ping_status":"open","sticky":false,"template":"","format":"standard","meta":{"footnotes":""},"categories":[2],"tags":[],"class_list":["post-29631","post","type-post","status-publish","format-standard","has-post-thumbnail","hentry","category-gundem"],"_links":{"self":[{"href":"https:\/\/akdenizhaber.com.tr\/index.php\/wp-json\/wp\/v2\/posts\/29631","targetHints":{"allow":["GET"]}}],"collection":[{"href":"https:\/\/akdenizhaber.com.tr\/index.php\/wp-json\/wp\/v2\/posts"}],"about":[{"href":"https:\/\/akdenizhaber.com.tr\/index.php\/wp-json\/wp\/v2\/types\/post"}],"author":[{"embeddable":true,"href":"https:\/\/akdenizhaber.com.tr\/index.php\/wp-json\/wp\/v2\/users\/2"}],"replies":[{"embeddable":true,"href":"https:\/\/akdenizhaber.com.tr\/index.php\/wp-json\/wp\/v2\/comments?post=29631"}],"version-history":[{"count":1,"href":"https:\/\/akdenizhaber.com.tr\/index.php\/wp-json\/wp\/v2\/posts\/29631\/revisions"}],"predecessor-version":[{"id":29633,"href":"https:\/\/akdenizhaber.com.tr\/index.php\/wp-json\/wp\/v2\/posts\/29631\/revisions\/29633"}],"wp:featuredmedia":[{"embeddable":true,"href":"https:\/\/akdenizhaber.com.tr\/index.php\/wp-json\/wp\/v2\/media\/29632"}],"wp:attachment":[{"href":"https:\/\/akdenizhaber.com.tr\/index.php\/wp-json\/wp\/v2\/media?parent=29631"}],"wp:term":[{"taxonomy":"category","embeddable":true,"href":"https:\/\/akdenizhaber.com.tr\/index.php\/wp-json\/wp\/v2\/categories?post=29631"},{"taxonomy":"post_tag","embeddable":true,"href":"https:\/\/akdenizhaber.com.tr\/index.php\/wp-json\/wp\/v2\/tags?post=29631"}],"curies":[{"name":"wp","href":"https:\/\/api.w.org\/{rel}","templated":true}]}}