{"id":29628,"date":"2025-07-28T16:51:55","date_gmt":"2025-07-28T13:51:55","guid":{"rendered":"https:\/\/akdenizhaber.com.tr\/?p=29628"},"modified":"2025-07-28T16:51:55","modified_gmt":"2025-07-28T13:51:55","slug":"manavgat-yangininin-4-yili-yaralar-sariliyor-doga-yeniden-doguyor","status":"publish","type":"post","link":"https:\/\/akdenizhaber.com.tr\/index.php\/2025\/07\/28\/manavgat-yangininin-4-yili-yaralar-sariliyor-doga-yeniden-doguyor\/","title":{"rendered":"Manavgat Yang\u0131n\u0131n\u0131n 4. Y\u0131l\u0131:                                        Yaralar Sar\u0131l\u0131yor, Do\u011fa Yeniden Do\u011fuyor"},"content":{"rendered":"\n<p><\/p>\n\n\n\n<p>Manavgat ve \u00e7evresini derinden sarsan, \u00fclke tarihinin en b\u00fcy\u00fck orman yang\u0131nlar\u0131ndan birinin \u00fczerinden 4 y\u0131l ge\u00e7ti. 28 Temmuz 2021&#8217;de ba\u015flayan ve g\u00fcnlerce s\u00fcren yang\u0131n, geni\u015f ormanl\u0131k alanlar\u0131, tar\u0131m arazilerini ve yerle\u015fim yerlerini k\u00fcle \u00e7evirmi\u015f, binlerce insan\u0131 evsiz b\u0131rakm\u0131\u015f ve do\u011fal ya\u015fama b\u00fcy\u00fck zarar vermi\u015fti.<\/p>\n\n\n\n<p>Yang\u0131n felaketinin ard\u0131ndan devletin t\u00fcm kurumlar\u0131, sivil toplum kurulu\u015flar\u0131 ve vatanda\u015flar seferber oldu. Yaralar\u0131n sar\u0131lmas\u0131 i\u00e7in b\u00fcy\u00fck bir dayan\u0131\u015fma \u00f6rne\u011fi sergilendi. Hasar g\u00f6ren evler yeniden in\u015fa edildi, yang\u0131ndan etkilenen vatanda\u015flara maddi ve manevi destek sa\u011fland\u0131.<\/p>\n\n\n\n<p><strong>Yeniden A\u011fa\u00e7land\u0131rma \u00c7al\u0131\u015fmalar\u0131 Umut Veriyor<\/strong><\/p>\n\n\n\n<p>Yang\u0131n\u0131n en b\u00fcy\u00fck tahribat\u0131 ya\u015fatt\u0131\u011f\u0131 ormanl\u0131k alanlarda ise b\u00fcy\u00fck \u00e7apl\u0131 yeniden a\u011fa\u00e7land\u0131rma \u00e7al\u0131\u015fmalar\u0131 ba\u015flat\u0131ld\u0131. Milyonlarca fidan toprakla bulu\u015fturularak Manavgat&#8217;\u0131n ye\u015fil \u00e7ehresini geri kazanmas\u0131 i\u00e7in hummal\u0131 bir \u00e7al\u0131\u015fma y\u00fcr\u00fct\u00fcld\u00fc. Bug\u00fcn, 4 y\u0131l sonra, k\u00fcllerin aras\u0131ndan y\u00fckselen fidanlar, do\u011fan\u0131n kendini yenileme g\u00fcc\u00fcn\u00fcn ve insan azminin en g\u00fczel g\u00f6stergesi olarak umut veriyor.<\/p>\n\n\n\n<p><strong>Gelece\u011fe Y\u00f6nelik \u00d6nlemler ve Fark\u0131ndal\u0131k<\/strong><\/p>\n\n\n\n<p>Manavgat yang\u0131n\u0131, geride ac\u0131 dolu an\u0131lar b\u0131rak\u0131rken, ayn\u0131 zamanda birli\u011fin, beraberli\u011fin ve yeniden aya\u011fa kalkma azminin sembol\u00fc oldu. Yang\u0131nda hayat\u0131n\u0131 kaybeden vatanda\u015flar\u0131m\u0131z\u0131 bir kez daha rahmetle an\u0131yor, bu t\u00fcr felaketlerin bir daha ya\u015fanmamas\u0131 temenni ediyoruz.<\/p>\n\n\n\n<p>B\u00fc\u015fra Deveci \/ Haber<\/p>\n","protected":false},"excerpt":{"rendered":"<p>Manavgat ve \u00e7evresini derinden sarsan, \u00fclke tarihinin en b\u00fcy\u00fck orman yang\u0131nlar\u0131ndan birinin \u00fczerinden 4 y\u0131l ge\u00e7ti. 28 Temmuz 2021&#8217;de ba\u015flayan ve g\u00fcnlerce s\u00fcren yang\u0131n, geni\u015f <a href=\"https:\/\/akdenizhaber.com.tr\/index.php\/2025\/07\/28\/manavgat-yangininin-4-yili-yaralar-sariliyor-doga-yeniden-doguyor\/\" class=\"read-more-link\">[more&#8230;]<\/a><\/p>\n","protected":false},"author":2,"featured_media":29629,"comment_status":"open","ping_status":"open","sticky":false,"template":"","format":"standard","meta":{"footnotes":""},"categories":[2],"tags":[],"class_list":["post-29628","post","type-post","status-publish","format-standard","has-post-thumbnail","hentry","category-gundem"],"_links":{"self":[{"href":"https:\/\/akdenizhaber.com.tr\/index.php\/wp-json\/wp\/v2\/posts\/29628","targetHints":{"allow":["GET"]}}],"collection":[{"href":"https:\/\/akdenizhaber.com.tr\/index.php\/wp-json\/wp\/v2\/posts"}],"about":[{"href":"https:\/\/akdenizhaber.com.tr\/index.php\/wp-json\/wp\/v2\/types\/post"}],"author":[{"embeddable":true,"href":"https:\/\/akdenizhaber.com.tr\/index.php\/wp-json\/wp\/v2\/users\/2"}],"replies":[{"embeddable":true,"href":"https:\/\/akdenizhaber.com.tr\/index.php\/wp-json\/wp\/v2\/comments?post=29628"}],"version-history":[{"count":1,"href":"https:\/\/akdenizhaber.com.tr\/index.php\/wp-json\/wp\/v2\/posts\/29628\/revisions"}],"predecessor-version":[{"id":29630,"href":"https:\/\/akdenizhaber.com.tr\/index.php\/wp-json\/wp\/v2\/posts\/29628\/revisions\/29630"}],"wp:featuredmedia":[{"embeddable":true,"href":"https:\/\/akdenizhaber.com.tr\/index.php\/wp-json\/wp\/v2\/media\/29629"}],"wp:attachment":[{"href":"https:\/\/akdenizhaber.com.tr\/index.php\/wp-json\/wp\/v2\/media?parent=29628"}],"wp:term":[{"taxonomy":"category","embeddable":true,"href":"https:\/\/akdenizhaber.com.tr\/index.php\/wp-json\/wp\/v2\/categories?post=29628"},{"taxonomy":"post_tag","embeddable":true,"href":"https:\/\/akdenizhaber.com.tr\/index.php\/wp-json\/wp\/v2\/tags?post=29628"}],"curies":[{"name":"wp","href":"https:\/\/api.w.org\/{rel}","templated":true}]}}