{"id":29622,"date":"2025-07-28T16:49:34","date_gmt":"2025-07-28T13:49:34","guid":{"rendered":"https:\/\/akdenizhaber.com.tr\/?p=29622"},"modified":"2025-07-28T16:49:35","modified_gmt":"2025-07-28T13:49:35","slug":"manavgat-belediyesi-zabita-mudurlugunden-yangin-riskine-karsi-yogun-denetim","status":"publish","type":"post","link":"https:\/\/akdenizhaber.com.tr\/index.php\/2025\/07\/28\/manavgat-belediyesi-zabita-mudurlugunden-yangin-riskine-karsi-yogun-denetim\/","title":{"rendered":"Manavgat Belediyesi Zab\u0131ta M\u00fcd\u00fcrl\u00fc\u011f\u00fc\u2019nden Yang\u0131n Riskine Kar\u015f\u0131 Yo\u011fun Denetim"},"content":{"rendered":"\n<p>Manavgat Belediyesi Zab\u0131ta M\u00fcd\u00fcrl\u00fc\u011f\u00fc, artan hava s\u0131cakl\u0131klar\u0131yla birlikte \u00f6zellikle ormanl\u0131k alanlar ve yang\u0131n riski ta\u015f\u0131yan b\u00f6lgelerde devriye faaliyetlerini yo\u011funla\u015ft\u0131rd\u0131. \u0130l\u00e7e genelinde s\u00fcrd\u00fcr\u00fclen \u00e7al\u0131\u015fmalar kapsam\u0131nda, olas\u0131 olumsuzluklara kar\u015f\u0131 h\u0131zl\u0131 ve etkin m\u00fcdahale sa\u011flan\u0131yor.<\/p>\n\n\n\n<p>Ekipler, yang\u0131na sebebiyet verebilecek durumlar\u0131n \u00f6n\u00fcne ge\u00e7mek amac\u0131yla kontrollerini aral\u0131ks\u0131z s\u00fcrd\u00fcr\u00fcrken; ilgili kurumlarla koordineli \u015fekilde gerekli i\u015flemler titizlikle y\u00fcr\u00fct\u00fcl\u00fcyor.<\/p>\n\n\n\n<p>Belediyeden yap\u0131lan a\u00e7\u0131klamada, yang\u0131nlar\u0131n \u00f6nlenmesine y\u00f6nelik tedbirlerin etkin \u015fekilde uygulanmaya devam etti\u011fi belirtilerek, vatanda\u015flar\u0131n da bu s\u00fcre\u00e7te dikkatli ve duyarl\u0131 davranmas\u0131n\u0131n b\u00fcy\u00fck \u00f6nem ta\u015f\u0131d\u0131\u011f\u0131 vurguland\u0131. Do\u011fal alanlar\u0131n korunmas\u0131n\u0131n, toplumsal duyarl\u0131l\u0131k ve ortak sorumluluk bilinciyle m\u00fcmk\u00fcn olabilece\u011fine dikkat \u00e7ekildi.<\/p>\n\n\n\n<p>Manavgat Belediyesi \/ B\u00fclten<\/p>\n","protected":false},"excerpt":{"rendered":"<p>Manavgat Belediyesi Zab\u0131ta M\u00fcd\u00fcrl\u00fc\u011f\u00fc, artan hava s\u0131cakl\u0131klar\u0131yla birlikte \u00f6zellikle ormanl\u0131k alanlar ve yang\u0131n riski ta\u015f\u0131yan b\u00f6lgelerde devriye faaliyetlerini yo\u011funla\u015ft\u0131rd\u0131. \u0130l\u00e7e genelinde s\u00fcrd\u00fcr\u00fclen \u00e7al\u0131\u015fmalar kapsam\u0131nda, olas\u0131 <a href=\"https:\/\/akdenizhaber.com.tr\/index.php\/2025\/07\/28\/manavgat-belediyesi-zabita-mudurlugunden-yangin-riskine-karsi-yogun-denetim\/\" class=\"read-more-link\">[more&#8230;]<\/a><\/p>\n","protected":false},"author":2,"featured_media":29623,"comment_status":"open","ping_status":"open","sticky":false,"template":"","format":"standard","meta":{"footnotes":""},"categories":[2],"tags":[],"class_list":["post-29622","post","type-post","status-publish","format-standard","has-post-thumbnail","hentry","category-gundem"],"_links":{"self":[{"href":"https:\/\/akdenizhaber.com.tr\/index.php\/wp-json\/wp\/v2\/posts\/29622","targetHints":{"allow":["GET"]}}],"collection":[{"href":"https:\/\/akdenizhaber.com.tr\/index.php\/wp-json\/wp\/v2\/posts"}],"about":[{"href":"https:\/\/akdenizhaber.com.tr\/index.php\/wp-json\/wp\/v2\/types\/post"}],"author":[{"embeddable":true,"href":"https:\/\/akdenizhaber.com.tr\/index.php\/wp-json\/wp\/v2\/users\/2"}],"replies":[{"embeddable":true,"href":"https:\/\/akdenizhaber.com.tr\/index.php\/wp-json\/wp\/v2\/comments?post=29622"}],"version-history":[{"count":1,"href":"https:\/\/akdenizhaber.com.tr\/index.php\/wp-json\/wp\/v2\/posts\/29622\/revisions"}],"predecessor-version":[{"id":29624,"href":"https:\/\/akdenizhaber.com.tr\/index.php\/wp-json\/wp\/v2\/posts\/29622\/revisions\/29624"}],"wp:featuredmedia":[{"embeddable":true,"href":"https:\/\/akdenizhaber.com.tr\/index.php\/wp-json\/wp\/v2\/media\/29623"}],"wp:attachment":[{"href":"https:\/\/akdenizhaber.com.tr\/index.php\/wp-json\/wp\/v2\/media?parent=29622"}],"wp:term":[{"taxonomy":"category","embeddable":true,"href":"https:\/\/akdenizhaber.com.tr\/index.php\/wp-json\/wp\/v2\/categories?post=29622"},{"taxonomy":"post_tag","embeddable":true,"href":"https:\/\/akdenizhaber.com.tr\/index.php\/wp-json\/wp\/v2\/tags?post=29622"}],"curies":[{"name":"wp","href":"https:\/\/api.w.org\/{rel}","templated":true}]}}