{"id":29606,"date":"2025-07-28T16:29:24","date_gmt":"2025-07-28T13:29:24","guid":{"rendered":"https:\/\/akdenizhaber.com.tr\/?p=29606"},"modified":"2025-07-28T16:29:25","modified_gmt":"2025-07-28T13:29:25","slug":"gazipasa-yangini-icin-buyuksehir-seferber-oldu","status":"publish","type":"post","link":"https:\/\/akdenizhaber.com.tr\/index.php\/2025\/07\/28\/gazipasa-yangini-icin-buyuksehir-seferber-oldu\/","title":{"rendered":"Gazipa\u015fa yang\u0131n\u0131 i\u00e7in B\u00fcy\u00fck\u015fehir seferber oldu"},"content":{"rendered":"\n<p>Antalya\u2019n\u0131n Gazipa\u015fa il\u00e7esinde yang\u0131n felaketi ya\u015fan\u0131yor. Yang\u0131n\u0131n ilk an\u0131ndan itibaren t\u00fcm birimleriyle teyakkuza ge\u00e7en Antalya B\u00fcy\u00fck\u015fehir Belediyesi, itfaiye, personel, ara\u00e7, erzak, ekipman ve kumanya yard\u0131mlar\u0131yla Gazipa\u015fa halk\u0131n\u0131 bir an olsun yaln\u0131z b\u0131rakm\u0131yor.<\/p>\n\n\n\n<p>Gazipa\u015fa\u2019n\u0131n il\u00e7e merkezine 28 km mesafede bulunan, d\u00f6rt bir yan\u0131 K\u0131z\u0131l\u00e7am ormanlar\u0131yla kapl\u0131 Do\u011fanca Mahallesi&#8217;nde cuma g\u00fcn\u00fc yang\u0131n \u00e7\u0131kt\u0131. H\u0131zla yay\u0131l\u0131p \u00f6nce \u00c7ile ve Adanda Mahallelerine, ard\u0131ndan da G\u00fcr\u00e7am Mahallesi ile Karatepe yaylas\u0131na kadar s\u0131\u00e7rayan yang\u0131n\u0131n boyutu Mersin \u0130l s\u0131n\u0131r\u0131na kadar uzand\u0131.<\/p>\n\n\n\n<p>B\u00dcY\u00dcK\u015eEH\u0130RDEN KUMANYA DESTE\u011e\u0130<\/p>\n\n\n\n<p>Yang\u0131n\u0131n ilk ba\u015flad\u0131\u011f\u0131 andan itibaren ba\u015fta itfaiyesi olmak \u00fczere t\u00fcm birimlerini seferber ederek teyakkuza ge\u00e7en Antalya B\u00fcy\u00fck\u015fehir Belediyesi, ASAT, \u00c7evre Sa\u011fl\u0131\u011f\u0131 ve Mezarl\u0131klar birimine ba\u011fl\u0131 personelleri ile sahada yang\u0131nla aktif m\u00fccadele ediyor. Ayn\u0131 zamanda b\u00f6lgede aktif g\u00f6rev yaparak m\u00fcdahalede bulunan Antalya ve Tar\u0131m ve Orman \u0130l M\u00fcd\u00fcrl\u00fc\u011f\u00fc, jandarma, itfaiye, AFAD, ASAT, belediyeler ve sa\u011fl\u0131k ekiplerinden olu\u015fan personellerin kumanya ve i\u00e7ecek ihtiya\u00e7lar\u0131n\u0131n kar\u015f\u0131lanmas\u0131 i\u00e7in de b\u00fcy\u00fck\u015fehir belediyesi desteklerini s\u00fcrd\u00fcr\u00fcyor.<\/p>\n\n\n\n<p>Antalya B\u00fcy\u00fck\u015fehir Belediyesi \/ B\u00fclten<\/p>\n","protected":false},"excerpt":{"rendered":"<p>Antalya\u2019n\u0131n Gazipa\u015fa il\u00e7esinde yang\u0131n felaketi ya\u015fan\u0131yor. Yang\u0131n\u0131n ilk an\u0131ndan itibaren t\u00fcm birimleriyle teyakkuza ge\u00e7en Antalya B\u00fcy\u00fck\u015fehir Belediyesi, itfaiye, personel, ara\u00e7, erzak, ekipman ve kumanya yard\u0131mlar\u0131yla <a href=\"https:\/\/akdenizhaber.com.tr\/index.php\/2025\/07\/28\/gazipasa-yangini-icin-buyuksehir-seferber-oldu\/\" class=\"read-more-link\">[more&#8230;]<\/a><\/p>\n","protected":false},"author":2,"featured_media":29609,"comment_status":"open","ping_status":"open","sticky":false,"template":"","format":"standard","meta":{"footnotes":""},"categories":[2],"tags":[],"class_list":["post-29606","post","type-post","status-publish","format-standard","has-post-thumbnail","hentry","category-gundem"],"_links":{"self":[{"href":"https:\/\/akdenizhaber.com.tr\/index.php\/wp-json\/wp\/v2\/posts\/29606","targetHints":{"allow":["GET"]}}],"collection":[{"href":"https:\/\/akdenizhaber.com.tr\/index.php\/wp-json\/wp\/v2\/posts"}],"about":[{"href":"https:\/\/akdenizhaber.com.tr\/index.php\/wp-json\/wp\/v2\/types\/post"}],"author":[{"embeddable":true,"href":"https:\/\/akdenizhaber.com.tr\/index.php\/wp-json\/wp\/v2\/users\/2"}],"replies":[{"embeddable":true,"href":"https:\/\/akdenizhaber.com.tr\/index.php\/wp-json\/wp\/v2\/comments?post=29606"}],"version-history":[{"count":1,"href":"https:\/\/akdenizhaber.com.tr\/index.php\/wp-json\/wp\/v2\/posts\/29606\/revisions"}],"predecessor-version":[{"id":29610,"href":"https:\/\/akdenizhaber.com.tr\/index.php\/wp-json\/wp\/v2\/posts\/29606\/revisions\/29610"}],"wp:featuredmedia":[{"embeddable":true,"href":"https:\/\/akdenizhaber.com.tr\/index.php\/wp-json\/wp\/v2\/media\/29609"}],"wp:attachment":[{"href":"https:\/\/akdenizhaber.com.tr\/index.php\/wp-json\/wp\/v2\/media?parent=29606"}],"wp:term":[{"taxonomy":"category","embeddable":true,"href":"https:\/\/akdenizhaber.com.tr\/index.php\/wp-json\/wp\/v2\/categories?post=29606"},{"taxonomy":"post_tag","embeddable":true,"href":"https:\/\/akdenizhaber.com.tr\/index.php\/wp-json\/wp\/v2\/tags?post=29606"}],"curies":[{"name":"wp","href":"https:\/\/api.w.org\/{rel}","templated":true}]}}