{"id":29605,"date":"2025-07-28T16:28:57","date_gmt":"2025-07-28T13:28:57","guid":{"rendered":"https:\/\/akdenizhaber.com.tr\/?p=29605"},"modified":"2025-07-28T16:28:58","modified_gmt":"2025-07-28T13:28:58","slug":"baskan-vekili-ozdemir-tum-birimlerimizle-gorev-basindayiz","status":"publish","type":"post","link":"https:\/\/akdenizhaber.com.tr\/index.php\/2025\/07\/28\/baskan-vekili-ozdemir-tum-birimlerimizle-gorev-basindayiz\/","title":{"rendered":"Ba\u015fkan Vekili \u00d6zdemir, \u201cT\u00fcm birimlerimizle g\u00f6rev ba\u015f\u0131nday\u0131z\u201d\u00a0\u00a0 \u00a0\u00a0\u00a0\u00a0\u00a0\u00a0\u00a0\u00a0"},"content":{"rendered":"\n<p>Havalar\u0131n s\u0131cak ve kurak oldu\u011fu Antalya\u2019da 4 farkl\u0131 noktada orman yang\u0131n\u0131 \u00e7\u0131kt\u0131. Aksu,&nbsp;<a href=\"https:\/\/www.sondakika.com\/muratpasa\/\">Muratpa\u015fa<\/a>, <a href=\"https:\/\/www.sondakika.com\/manavgat\/\">Manavgat<\/a> ve Gazipa\u015fa il\u00e7elerinde \u00e7\u0131kan ve r\u00fczgar\u0131n etkisiyle k\u0131sa s\u00fcrede b\u00fcy\u00fcyen yang\u0131nlara Antalya B\u00fcy\u00fck\u015fehir Belediyesi \u0130tfaiye ekipleri de kurumlarla birlikte koordineli bir \u015fekilde m\u00fcdahale etti. Antalya Valisi Hulusi \u015eahin ve Antalya B\u00fcy\u00fck\u015fehir Belediyesi Ba\u015fkan Vekili B\u00fc\u015fra \u00d6zdemir de Aksu\u2019da Perge antik kenti yak\u0131n\u0131nda \u00e7\u0131kan yang\u0131n yerine giderek \u00e7al\u0131\u015fmalar hakk\u0131nda bilgi ald\u0131.<\/p>\n\n\n\n<p>Antalya&#8217;da sabah saat 09.37\u2019de Muratpa\u015fa G\u00fczeloba, 09.38\u2019de de Aksu da orman yang\u0131n ihbar\u0131 alan Antalya B\u00fcy\u00fck\u015fehir Belediyesi \u0130tfaiye ekipleri, 6 dakika gibi k\u0131sa bir s\u00fcrede yang\u0131nlara m\u00fcdahale etti. R\u00fczgar\u0131n etkisiyle k\u0131sa s\u00fcrede b\u00fcy\u00fcyen yang\u0131nlar korku ve pani\u011fe neden oldu. G\u00fczeloba yang\u0131n\u0131 yo\u011fun m\u00fcdahalelerin ard\u0131ndan kontrol alt\u0131na al\u0131nd\u0131. Aksu\u2019da Perge Antik kentine ve yerle\u015fim yerlerine yak\u0131n alanda \u00e7\u0131kan orman yang\u0131n\u0131 da k\u0131sa s\u00fcrede b\u00fcy\u00fcd\u00fc. Antalya B\u00fcy\u00fck\u015fehir Belediyesi \u0130tfaiye Daire Ba\u015fkanl\u0131\u011f\u0131 ekipleri, Park Bah\u00e7eler Daire Ba\u015fkanl\u0131\u011f\u0131 ekipleri ve ASAT\u2019a ait aroz\u00f6zler de \u00e7al\u0131\u015fmalara destek verdi. R\u00fczgar, alevlere m\u00fcdahaleyi g\u00fc\u00e7le\u015ftirirken, yerle\u015fim yerlerine do\u011fru yay\u0131lan yang\u0131n\u0131 s\u00f6nd\u00fcrme \u00e7al\u0131\u015fmalar\u0131 s\u00fcr\u00fcyor.<\/p>\n\n\n\n<p>BA\u015eKAN VEK\u0130L\u0130 \u00d6ZDEM\u0130R YANGIN YER\u0130NDE<\/p>\n\n\n\n<p>Antalya Valisi Hulusi \u015eahin ve Antalya B\u00fcy\u00fck\u015fehir Belediyesi Ba\u015fkan Vekili B\u00fc\u015fra \u00d6zdemir de yang\u0131n b\u00f6lgesine giderek \u00e7al\u0131\u015fmalar hakk\u0131nda bilgi ald\u0131. Ba\u015fkan Vekili \u00d6zdemir, \u201c\u015eu anda Manavgat, Gazipa\u015fa ve Muratpa\u015fa, yang\u0131nlar\u0131 kontrol alt\u0131na al\u0131nd\u0131. \u015eu an Aksu Perge\u2019deyiz. Teyakkuz halinde t\u00fcm kurum kurulu\u015flarla birlikte m\u00fcdahaleler devam ediyor. ASAT ve itfaiye ekiplerimiz ve t\u00fcm belediye birimlerimiz Orman Genel M\u00fcd\u00fcrl\u00fc\u011f\u00fc ekiplerine destek veriyor. Yol a\u00e7ma \u00e7al\u0131\u015fmalar\u0131 devam ediyor. Ara\u00e7 girebilecek bir alan yok. Biz alanday\u0131z, takip ediyoruz \u015eu ana kadar can kayb\u0131 olmamas\u0131 bizim i\u00e7in sevindirici. T\u00fcm ekiplerimizle birlikte yang\u0131n b\u00f6lgesindeyiz\u201d dedi. Ba\u015fkan Vekili \u00d6zdemir, vatanda\u015flara ge\u00e7mi\u015f olsun dileklerini iletti.<\/p>\n\n\n\n<p>MANAVGAT YANGINI KONTROL ALTINDA<\/p>\n\n\n\n<p>Antalya B\u00fcy\u00fck\u015fehir Belediyesi \u0130tfaiyesi Manavgat G\u00fczelyal\u0131 ve Seydiler Mahallelerinde yerle\u015fim yerlerine yak\u0131n alanda \u00e7\u0131kan yang\u0131nlara da m\u00fcdahale etti. \u0130lk belirlemelere g\u00f6re elektrik telinden \u00e7\u0131kt\u0131\u011f\u0131 tespit edilen G\u00fczelyal\u0131 Mahallesindeki yang\u0131n, Antalya B\u00fcy\u00fck\u015fehir Belediyesi \u0130tfaiye ekipleri, Orman \u0130\u015fletmesi ve Manavgat Belediyesi\u2019nin ortakla\u015fa \u00e7al\u0131\u015fmas\u0131 ile k\u0131sa s\u00fcrede s\u00f6nd\u00fcr\u00fcld\u00fc. Yang\u0131n\u0131n s\u00f6nd\u00fcr\u00fclmesi ile birlikte so\u011futma \u00e7al\u0131\u015fmas\u0131 ba\u015flat\u0131ld\u0131. Seydiler Mahallesi sera b\u00f6lgesindeki \u00e7\u0131kan yang\u0131n da ekiplerin h\u0131zl\u0131 m\u00fcdahalesi ile s\u00f6nd\u00fcr\u00fcld\u00fc. Yang\u0131nda muz seras\u0131 maddi zarar g\u00f6rd\u00fc.<\/p>\n\n\n\n<p>Antalya B\u00fcy\u00fck\u015fehir Belediyesi \/ B\u00fclten<\/p>\n","protected":false},"excerpt":{"rendered":"<p>Havalar\u0131n s\u0131cak ve kurak oldu\u011fu Antalya\u2019da 4 farkl\u0131 noktada orman yang\u0131n\u0131 \u00e7\u0131kt\u0131. Aksu,&nbsp;Muratpa\u015fa, Manavgat ve Gazipa\u015fa il\u00e7elerinde \u00e7\u0131kan ve r\u00fczgar\u0131n etkisiyle k\u0131sa s\u00fcrede b\u00fcy\u00fcyen yang\u0131nlara <a href=\"https:\/\/akdenizhaber.com.tr\/index.php\/2025\/07\/28\/baskan-vekili-ozdemir-tum-birimlerimizle-gorev-basindayiz\/\" class=\"read-more-link\">[more&#8230;]<\/a><\/p>\n","protected":false},"author":2,"featured_media":29607,"comment_status":"open","ping_status":"open","sticky":false,"template":"","format":"standard","meta":{"footnotes":""},"categories":[2],"tags":[],"class_list":["post-29605","post","type-post","status-publish","format-standard","has-post-thumbnail","hentry","category-gundem"],"_links":{"self":[{"href":"https:\/\/akdenizhaber.com.tr\/index.php\/wp-json\/wp\/v2\/posts\/29605","targetHints":{"allow":["GET"]}}],"collection":[{"href":"https:\/\/akdenizhaber.com.tr\/index.php\/wp-json\/wp\/v2\/posts"}],"about":[{"href":"https:\/\/akdenizhaber.com.tr\/index.php\/wp-json\/wp\/v2\/types\/post"}],"author":[{"embeddable":true,"href":"https:\/\/akdenizhaber.com.tr\/index.php\/wp-json\/wp\/v2\/users\/2"}],"replies":[{"embeddable":true,"href":"https:\/\/akdenizhaber.com.tr\/index.php\/wp-json\/wp\/v2\/comments?post=29605"}],"version-history":[{"count":1,"href":"https:\/\/akdenizhaber.com.tr\/index.php\/wp-json\/wp\/v2\/posts\/29605\/revisions"}],"predecessor-version":[{"id":29608,"href":"https:\/\/akdenizhaber.com.tr\/index.php\/wp-json\/wp\/v2\/posts\/29605\/revisions\/29608"}],"wp:featuredmedia":[{"embeddable":true,"href":"https:\/\/akdenizhaber.com.tr\/index.php\/wp-json\/wp\/v2\/media\/29607"}],"wp:attachment":[{"href":"https:\/\/akdenizhaber.com.tr\/index.php\/wp-json\/wp\/v2\/media?parent=29605"}],"wp:term":[{"taxonomy":"category","embeddable":true,"href":"https:\/\/akdenizhaber.com.tr\/index.php\/wp-json\/wp\/v2\/categories?post=29605"},{"taxonomy":"post_tag","embeddable":true,"href":"https:\/\/akdenizhaber.com.tr\/index.php\/wp-json\/wp\/v2\/tags?post=29605"}],"curies":[{"name":"wp","href":"https:\/\/api.w.org\/{rel}","templated":true}]}}