{"id":29579,"date":"2025-07-24T16:49:41","date_gmt":"2025-07-24T13:49:41","guid":{"rendered":"https:\/\/akdenizhaber.com.tr\/?p=29579"},"modified":"2025-07-24T16:49:41","modified_gmt":"2025-07-24T13:49:41","slug":"genel-mudur-erkilinctan-24-temmuz-gazeteciler-ve-basin-bayrami-mesaji","status":"publish","type":"post","link":"https:\/\/akdenizhaber.com.tr\/index.php\/2025\/07\/24\/genel-mudur-erkilinctan-24-temmuz-gazeteciler-ve-basin-bayrami-mesaji\/","title":{"rendered":"Genel M\u00fcd\u00fcr Erk\u0131l\u0131n\u00e7\u2019tan 24 Temmuz Gazeteciler ve Bas\u0131n Bayram\u0131 mesaj\u0131"},"content":{"rendered":"\n<p>Bas\u0131n \u0130lan Kurumu Genel M\u00fcd\u00fcr\u00fc Cavit Erk\u0131l\u0131n\u00e7, bir mesaj yay\u0131mlayarak bas\u0131n mensuplar\u0131n\u0131n 24 Temmuz Gazeteciler ve Bas\u0131n Bayram\u0131\u2019n\u0131 kutlad\u0131.<\/p>\n\n\n\n<p>Bas\u0131n \u0130lan Kurumu Genel M\u00fcd\u00fcr\u00fc Cavit Erk\u0131l\u0131n\u00e7, mesaj\u0131nda \u015fu ifadelere yer verdi:<\/p>\n\n\n\n<p>Toplumsal belle\u011fimizde derin izler b\u0131rakan her d\u00f6n\u00fcm noktas\u0131nda ger\u00e7e\u011fin izini s\u00fcren, tarih sahnesinin g\u00f6r\u00fcnmez kahramanlar\u0131 bas\u0131n mensuplar\u0131m\u0131z; halk\u0131 do\u011fru bilgilendirme sorumlulu\u011fuyla hakikatin yolundan sapmadan ve sars\u0131lmaz kararl\u0131l\u0131kla \u00f6nemli bir kamu g\u00f6revini yerine getirmektedir.<\/p>\n\n\n\n<p>Bas\u0131n \u00f6zg\u00fcrl\u00fc\u011f\u00fc a\u00e7\u0131s\u0131ndan sembol niteli\u011fi ta\u015f\u0131yan 24 Temmuz\u2019un y\u0131l d\u00f6n\u00fcm\u00fcnde, kalemleriyle ger\u00e7e\u011fe \u0131\u015f\u0131k tutan fedak\u00e2r bas\u0131n emek\u00e7ilerinin \u00f6zverisinin takdire \u015fayan oldu\u011funu bir kez daha ifade ediyoruz.<\/p>\n\n\n\n<p>Demokratik toplum d\u00fczeninin temel ta\u015flar\u0131ndan biri olan bas\u0131n\u0131m\u0131z\u0131n, yay\u0131nc\u0131l\u0131k faaliyetlerini daha etkin ve nitelikli y\u00fcr\u00fctebilmesi i\u00e7in Bas\u0131n \u0130lan Kurumu olarak deste\u011fimizi kararl\u0131l\u0131kla s\u00fcrd\u00fcr\u00fcyoruz.<\/p>\n\n\n\n<p>Bas\u0131n kurulu\u015flar\u0131m\u0131z\u0131n ekonomik ba\u011f\u0131ms\u0131zl\u0131\u011f\u0131n\u0131n teminat\u0131 niteli\u011findeki resm\u00ee ilan ve reklam ekosisteminin devaml\u0131l\u0131\u011f\u0131 i\u00e7in yo\u011fun gayret g\u00f6steriyor, gazetecilerimizin \u00f6zl\u00fck haklar\u0131n\u0131n korunmas\u0131 ve geni\u015fletilmesi ad\u0131na gerekli t\u00fcm ad\u0131mlar\u0131 at\u0131yoruz.<\/p>\n\n\n\n<p>Kamuoyunu bilgilendirirken do\u011fruyla yanl\u0131\u015f\u0131 ay\u0131rt edip vicdan\u0131yla kalemi aras\u0131nda sa\u011flam bir k\u00f6pr\u00fc kurabilen gazetecilerin varl\u0131\u011f\u0131; hem g\u00fcn\u00fcm\u00fcze \u0131\u015f\u0131k tutmakta hem de gelece\u011fimiz i\u00e7in bizleri umutland\u0131rmaktad\u0131r.<\/p>\n\n\n\n<p>Bu duygu ve d\u00fc\u015f\u00fcncelerle; meslek ilkelerine ba\u011fl\u0131l\u0131kla g\u00f6rev yapan t\u00fcm bas\u0131n mensuplar\u0131m\u0131z\u0131n 24 Temmuz Gazeteciler ve Bas\u0131n Bayram\u0131\u2019n\u0131 kutluyor, sa\u011fl\u0131k, esenlik ve ba\u015far\u0131 dolu bir \u00e7al\u0131\u015fma hayat\u0131 diliyorum.<\/p>\n\n\n\n<p>Bas\u0131n \u0130lan Kurumu \/ B\u00fclten<\/p>\n","protected":false},"excerpt":{"rendered":"<p>Bas\u0131n \u0130lan Kurumu Genel M\u00fcd\u00fcr\u00fc Cavit Erk\u0131l\u0131n\u00e7, bir mesaj yay\u0131mlayarak bas\u0131n mensuplar\u0131n\u0131n 24 Temmuz Gazeteciler ve Bas\u0131n Bayram\u0131\u2019n\u0131 kutlad\u0131. Bas\u0131n \u0130lan Kurumu Genel M\u00fcd\u00fcr\u00fc Cavit <a href=\"https:\/\/akdenizhaber.com.tr\/index.php\/2025\/07\/24\/genel-mudur-erkilinctan-24-temmuz-gazeteciler-ve-basin-bayrami-mesaji\/\" class=\"read-more-link\">[more&#8230;]<\/a><\/p>\n","protected":false},"author":2,"featured_media":29580,"comment_status":"open","ping_status":"open","sticky":false,"template":"","format":"standard","meta":{"footnotes":""},"categories":[2],"tags":[],"class_list":["post-29579","post","type-post","status-publish","format-standard","has-post-thumbnail","hentry","category-gundem"],"_links":{"self":[{"href":"https:\/\/akdenizhaber.com.tr\/index.php\/wp-json\/wp\/v2\/posts\/29579","targetHints":{"allow":["GET"]}}],"collection":[{"href":"https:\/\/akdenizhaber.com.tr\/index.php\/wp-json\/wp\/v2\/posts"}],"about":[{"href":"https:\/\/akdenizhaber.com.tr\/index.php\/wp-json\/wp\/v2\/types\/post"}],"author":[{"embeddable":true,"href":"https:\/\/akdenizhaber.com.tr\/index.php\/wp-json\/wp\/v2\/users\/2"}],"replies":[{"embeddable":true,"href":"https:\/\/akdenizhaber.com.tr\/index.php\/wp-json\/wp\/v2\/comments?post=29579"}],"version-history":[{"count":1,"href":"https:\/\/akdenizhaber.com.tr\/index.php\/wp-json\/wp\/v2\/posts\/29579\/revisions"}],"predecessor-version":[{"id":29581,"href":"https:\/\/akdenizhaber.com.tr\/index.php\/wp-json\/wp\/v2\/posts\/29579\/revisions\/29581"}],"wp:featuredmedia":[{"embeddable":true,"href":"https:\/\/akdenizhaber.com.tr\/index.php\/wp-json\/wp\/v2\/media\/29580"}],"wp:attachment":[{"href":"https:\/\/akdenizhaber.com.tr\/index.php\/wp-json\/wp\/v2\/media?parent=29579"}],"wp:term":[{"taxonomy":"category","embeddable":true,"href":"https:\/\/akdenizhaber.com.tr\/index.php\/wp-json\/wp\/v2\/categories?post=29579"},{"taxonomy":"post_tag","embeddable":true,"href":"https:\/\/akdenizhaber.com.tr\/index.php\/wp-json\/wp\/v2\/tags?post=29579"}],"curies":[{"name":"wp","href":"https:\/\/api.w.org\/{rel}","templated":true}]}}