{"id":29542,"date":"2025-07-21T17:01:36","date_gmt":"2025-07-21T14:01:36","guid":{"rendered":"https:\/\/akdenizhaber.com.tr\/?p=29542"},"modified":"2025-07-21T17:01:36","modified_gmt":"2025-07-21T14:01:36","slug":"chp-heyetinden-av-mehmet-ciceke-ziyaret","status":"publish","type":"post","link":"https:\/\/akdenizhaber.com.tr\/index.php\/2025\/07\/21\/chp-heyetinden-av-mehmet-ciceke-ziyaret\/","title":{"rendered":"CHP HEYET\u0130NDEN AV. MEHMET \u00c7\u0130\u00c7EK\u2019E Z\u0130YARET"},"content":{"rendered":"\n<p>Cumhuriyet Halk Partisi Parti Meclisi \u00dcyesi Yal\u00e7\u0131n G\u00f6rg\u00f6z, CHP Antalya \u0130l Ba\u015fkan\u0131 Nail Kamac\u0131 ve beraberindeki il\u00e7e \u00f6rg\u00fct\u00fc y\u00f6neticileri, Manavgat Belediyesi\u2019ni ziyaret etti.<\/p>\n\n\n\n<p>Manavgat Belediyesi Ba\u015fkan Vekili Av. Mehmet \u00c7i\u00e7ek\u2019in ev sahipli\u011finde ger\u00e7ekle\u015fen ziyarette, kent ve \u00fclke g\u00fcndemine dair de\u011ferlendirmelerde bulunuldu. Kar\u015f\u0131l\u0131kl\u0131 fikir al\u0131\u015fveri\u015finin yap\u0131ld\u0131\u011f\u0131 g\u00f6r\u00fc\u015fmede, halk\u0131n beklentileri, yerel y\u00f6netimlerin g\u00fc\u00e7lendirilmesi ve parti politikalar\u0131 do\u011frultusunda at\u0131lmas\u0131 gereken ad\u0131mlar ele al\u0131nd\u0131.<\/p>\n\n\n\n<p>Ziyaretin ard\u0131ndan a\u00e7\u0131klama yapan Ba\u015fkan Vekili Av. Mehmet \u00c7i\u00e7ek, \u201cCumhuriyet Halk Partisi Parti Meclisi \u00dcyemiz Say\u0131n Yal\u00e7\u0131n G\u00f6rg\u00f6z\u2019\u00fc, \u0130l Ba\u015fkan\u0131m\u0131z Say\u0131n Nail Kamac\u0131\u2019y\u0131 ve il\u00e7e \u00f6rg\u00fct\u00fcm\u00fcz\u00fc belediyemizde a\u011f\u0131rlamaktan memnuniyet duydum. Partimizin yol g\u00f6sterici ilkeleri do\u011frultusunda, kentimiz ve \u00fclkemiz i\u00e7in hep birlikte omuz omuza \u00e7al\u0131\u015f\u0131yoruz. Ziyaretleri ve k\u0131ymetli de\u011ferlendirmeleri i\u00e7in kendilerine te\u015fekk\u00fcr ediyorum.\u201d dedi.<\/p>\n\n\n\n<p><strong>Manavgat Belediyes<\/strong>i \/ B\u00fclten<\/p>\n","protected":false},"excerpt":{"rendered":"<p>Cumhuriyet Halk Partisi Parti Meclisi \u00dcyesi Yal\u00e7\u0131n G\u00f6rg\u00f6z, CHP Antalya \u0130l Ba\u015fkan\u0131 Nail Kamac\u0131 ve beraberindeki il\u00e7e \u00f6rg\u00fct\u00fc y\u00f6neticileri, Manavgat Belediyesi\u2019ni ziyaret etti. Manavgat Belediyesi <a href=\"https:\/\/akdenizhaber.com.tr\/index.php\/2025\/07\/21\/chp-heyetinden-av-mehmet-ciceke-ziyaret\/\" class=\"read-more-link\">[more&#8230;]<\/a><\/p>\n","protected":false},"author":2,"featured_media":29543,"comment_status":"open","ping_status":"open","sticky":false,"template":"","format":"standard","meta":{"footnotes":""},"categories":[2],"tags":[],"class_list":["post-29542","post","type-post","status-publish","format-standard","has-post-thumbnail","hentry","category-gundem"],"_links":{"self":[{"href":"https:\/\/akdenizhaber.com.tr\/index.php\/wp-json\/wp\/v2\/posts\/29542","targetHints":{"allow":["GET"]}}],"collection":[{"href":"https:\/\/akdenizhaber.com.tr\/index.php\/wp-json\/wp\/v2\/posts"}],"about":[{"href":"https:\/\/akdenizhaber.com.tr\/index.php\/wp-json\/wp\/v2\/types\/post"}],"author":[{"embeddable":true,"href":"https:\/\/akdenizhaber.com.tr\/index.php\/wp-json\/wp\/v2\/users\/2"}],"replies":[{"embeddable":true,"href":"https:\/\/akdenizhaber.com.tr\/index.php\/wp-json\/wp\/v2\/comments?post=29542"}],"version-history":[{"count":1,"href":"https:\/\/akdenizhaber.com.tr\/index.php\/wp-json\/wp\/v2\/posts\/29542\/revisions"}],"predecessor-version":[{"id":29544,"href":"https:\/\/akdenizhaber.com.tr\/index.php\/wp-json\/wp\/v2\/posts\/29542\/revisions\/29544"}],"wp:featuredmedia":[{"embeddable":true,"href":"https:\/\/akdenizhaber.com.tr\/index.php\/wp-json\/wp\/v2\/media\/29543"}],"wp:attachment":[{"href":"https:\/\/akdenizhaber.com.tr\/index.php\/wp-json\/wp\/v2\/media?parent=29542"}],"wp:term":[{"taxonomy":"category","embeddable":true,"href":"https:\/\/akdenizhaber.com.tr\/index.php\/wp-json\/wp\/v2\/categories?post=29542"},{"taxonomy":"post_tag","embeddable":true,"href":"https:\/\/akdenizhaber.com.tr\/index.php\/wp-json\/wp\/v2\/tags?post=29542"}],"curies":[{"name":"wp","href":"https:\/\/api.w.org\/{rel}","templated":true}]}}