{"id":29517,"date":"2025-07-21T16:44:28","date_gmt":"2025-07-21T13:44:28","guid":{"rendered":"https:\/\/akdenizhaber.com.tr\/?p=29517"},"modified":"2025-07-21T16:44:29","modified_gmt":"2025-07-21T13:44:29","slug":"manavgat-belediyesi-gures-kulubu-sporculari-sariidris-gureslerinden-derecelerle-dondu","status":"publish","type":"post","link":"https:\/\/akdenizhaber.com.tr\/index.php\/2025\/07\/21\/manavgat-belediyesi-gures-kulubu-sporculari-sariidris-gureslerinden-derecelerle-dondu\/","title":{"rendered":"MANAVGAT BELED\u0130YES\u0130 G\u00dcRE\u015e KUL\u00dcB\u00dc SPORCULARI SARI\u0130DR\u0130S G\u00dcRE\u015eLER\u0130\u2019NDEN DERECELERLE D\u00d6ND\u00dc"},"content":{"rendered":"\n<p>19 Temmuz 2025 Cumartesi g\u00fcn\u00fc Isparta\u2019n\u0131n E\u011firdir il\u00e7esine ba\u011fl\u0131 Sar\u0131idris beldesinde ger\u00e7ekle\u015ftirilen Sar\u0131idris \u00c7atmal\u0131 Yaylas\u0131 Ya\u011fl\u0131 G\u00fcre\u015fleri\u2019nde, Manavgat Belediyesi G\u00fcre\u015f Kul\u00fcb\u00fc sporcular\u0131 ba\u015far\u0131l\u0131 sonu\u00e7lara imza att\u0131.<\/p>\n\n\n\n<p>Deste Boy kategorisinde m\u00fccadele eden Manavgat Belediyesi G\u00fcre\u015f Kul\u00fcb\u00fc sporcusu Musa Toku\u00e7, t\u00fcm rakiplerini geride b\u0131rakarak \u015fampiyonluk elde etti. Minik Boy kategorisinde pa\u00e7a ba\u011flayan Hasan Kara ise ikincilik k\u00fcrs\u00fcs\u00fcne \u00e7\u0131karak turnuvay\u0131 dereceyle tamamlad\u0131.<\/p>\n\n\n\n<p>Manavgat Belediyesi G\u00fcre\u015f Kul\u00fcb\u00fc, T\u00fcrk g\u00fcre\u015fine yeni yetenekler kazand\u0131rmak ve gen\u00e7 sporcular\u0131n geli\u015fimini desteklemek amac\u0131yla faaliyetlerini s\u00fcrd\u00fcr\u00fcyor.<\/p>\n\n\n\n<p><strong>Manavgat Belediyesi <\/strong>\/ B\u00fclten<\/p>\n","protected":false},"excerpt":{"rendered":"<p>19 Temmuz 2025 Cumartesi g\u00fcn\u00fc Isparta\u2019n\u0131n E\u011firdir il\u00e7esine ba\u011fl\u0131 Sar\u0131idris beldesinde ger\u00e7ekle\u015ftirilen Sar\u0131idris \u00c7atmal\u0131 Yaylas\u0131 Ya\u011fl\u0131 G\u00fcre\u015fleri\u2019nde, Manavgat Belediyesi G\u00fcre\u015f Kul\u00fcb\u00fc sporcular\u0131 ba\u015far\u0131l\u0131 sonu\u00e7lara imza <a href=\"https:\/\/akdenizhaber.com.tr\/index.php\/2025\/07\/21\/manavgat-belediyesi-gures-kulubu-sporculari-sariidris-gureslerinden-derecelerle-dondu\/\" class=\"read-more-link\">[more&#8230;]<\/a><\/p>\n","protected":false},"author":2,"featured_media":29522,"comment_status":"open","ping_status":"open","sticky":false,"template":"","format":"standard","meta":{"footnotes":""},"categories":[2],"tags":[],"class_list":["post-29517","post","type-post","status-publish","format-standard","has-post-thumbnail","hentry","category-gundem"],"_links":{"self":[{"href":"https:\/\/akdenizhaber.com.tr\/index.php\/wp-json\/wp\/v2\/posts\/29517","targetHints":{"allow":["GET"]}}],"collection":[{"href":"https:\/\/akdenizhaber.com.tr\/index.php\/wp-json\/wp\/v2\/posts"}],"about":[{"href":"https:\/\/akdenizhaber.com.tr\/index.php\/wp-json\/wp\/v2\/types\/post"}],"author":[{"embeddable":true,"href":"https:\/\/akdenizhaber.com.tr\/index.php\/wp-json\/wp\/v2\/users\/2"}],"replies":[{"embeddable":true,"href":"https:\/\/akdenizhaber.com.tr\/index.php\/wp-json\/wp\/v2\/comments?post=29517"}],"version-history":[{"count":1,"href":"https:\/\/akdenizhaber.com.tr\/index.php\/wp-json\/wp\/v2\/posts\/29517\/revisions"}],"predecessor-version":[{"id":29523,"href":"https:\/\/akdenizhaber.com.tr\/index.php\/wp-json\/wp\/v2\/posts\/29517\/revisions\/29523"}],"wp:featuredmedia":[{"embeddable":true,"href":"https:\/\/akdenizhaber.com.tr\/index.php\/wp-json\/wp\/v2\/media\/29522"}],"wp:attachment":[{"href":"https:\/\/akdenizhaber.com.tr\/index.php\/wp-json\/wp\/v2\/media?parent=29517"}],"wp:term":[{"taxonomy":"category","embeddable":true,"href":"https:\/\/akdenizhaber.com.tr\/index.php\/wp-json\/wp\/v2\/categories?post=29517"},{"taxonomy":"post_tag","embeddable":true,"href":"https:\/\/akdenizhaber.com.tr\/index.php\/wp-json\/wp\/v2\/tags?post=29517"}],"curies":[{"name":"wp","href":"https:\/\/api.w.org\/{rel}","templated":true}]}}