{"id":29515,"date":"2025-07-21T16:43:13","date_gmt":"2025-07-21T13:43:13","guid":{"rendered":"https:\/\/akdenizhaber.com.tr\/?p=29515"},"modified":"2025-07-21T16:43:13","modified_gmt":"2025-07-21T13:43:13","slug":"manavgat-belediyesi-gures-kulubu-miniklerinden-madalya-yagmuru","status":"publish","type":"post","link":"https:\/\/akdenizhaber.com.tr\/index.php\/2025\/07\/21\/manavgat-belediyesi-gures-kulubu-miniklerinden-madalya-yagmuru\/","title":{"rendered":"MANAVGAT BELED\u0130YES\u0130 G\u00dcRE\u015e KUL\u00dcB\u00dc M\u0130N\u0130KLER\u0130NDEN MADALYA YA\u011eMURU"},"content":{"rendered":"\n<p>17-18 Temmuz 2025 tarihlerinde Antalya\u2019da d\u00fczenlenen \u201c15 Temmuz \u015eehitlerini Anma Minikler Serbest G\u00fcre\u015f Turnuvas\u0131\u201dnda, Manavgat Belediyesi G\u00fcre\u015f Kul\u00fcb\u00fc sporcular\u0131 b\u00fcy\u00fck bir ba\u015far\u0131ya imza att\u0131. Farkl\u0131 s\u0131kletlerde m\u00fccadele eden minik g\u00fcre\u015f\u00e7iler, turnuvadan toplam 14 madalya ile d\u00f6nerek Manavgat\u2019\u0131 gururland\u0131rd\u0131.<\/p>\n\n\n\n<p><strong>Alt\u0131n Madalya Kazanan Sporcular:<\/strong><br>Hasan Kara, Umut Altay ve Mahir Can \u00c7\u0131nar<\/p>\n\n\n\n<p><strong>G\u00fcm\u00fc\u015f Madalya Kazanan Sporcular:<\/strong><br>Ali Emir Oral ve Hayrettin Durmaz<\/p>\n\n\n\n<p><strong>Bronz Madalya Kazanan Sporcular:<\/strong><br>Ahmet Mete Var\u0131\u015f, Mehmet Can Y\u0131lmaz, Alperen Ya\u011f\u0131z \u00d6zt\u00fcrk, Erdo\u011fan Karaali, \u00d6mer Durmaz, Yi\u011fit Can Ate\u015f, Mustafa \u00c7a\u011fatay Karademir ve Hasan Ko\u00e7<\/p>\n\n\n\n<p>Manavgat Belediyesi G\u00fcre\u015f Kul\u00fcb\u00fc\u2019n\u00fcn alt yap\u0131s\u0131nda e\u011fitim alan minik sporcular\u0131n bu ba\u015far\u0131s\u0131, kul\u00fcb\u00fcn do\u011fru ve disiplinli \u00e7al\u0131\u015fmas\u0131n\u0131n bir sonucu olarak de\u011ferlendirildi. \u00c7ocuklara erken ya\u015fta spor sevgisi a\u015f\u0131lamak ve onlar\u0131 milli tak\u0131mlar d\u00fczeyinde temsil edecek sporcular olarak yeti\u015ftirmek amac\u0131yla y\u00fcr\u00fct\u00fclen \u00e7al\u0131\u015fmalar\u0131n olumlu sonu\u00e7lar\u0131 bir kez daha tescillenmi\u015f oldu.<\/p>\n\n\n\n<p><strong>MANAVGAT BELED\u0130YES\u0130 \/ B\u00dcLTEN<\/strong><\/p>\n","protected":false},"excerpt":{"rendered":"<p>17-18 Temmuz 2025 tarihlerinde Antalya\u2019da d\u00fczenlenen \u201c15 Temmuz \u015eehitlerini Anma Minikler Serbest G\u00fcre\u015f Turnuvas\u0131\u201dnda, Manavgat Belediyesi G\u00fcre\u015f Kul\u00fcb\u00fc sporcular\u0131 b\u00fcy\u00fck bir ba\u015far\u0131ya imza att\u0131. Farkl\u0131 <a href=\"https:\/\/akdenizhaber.com.tr\/index.php\/2025\/07\/21\/manavgat-belediyesi-gures-kulubu-miniklerinden-madalya-yagmuru\/\" class=\"read-more-link\">[more&#8230;]<\/a><\/p>\n","protected":false},"author":2,"featured_media":29516,"comment_status":"open","ping_status":"open","sticky":false,"template":"","format":"standard","meta":{"footnotes":""},"categories":[1],"tags":[],"class_list":["post-29515","post","type-post","status-publish","format-standard","has-post-thumbnail","hentry","category-blog"],"_links":{"self":[{"href":"https:\/\/akdenizhaber.com.tr\/index.php\/wp-json\/wp\/v2\/posts\/29515","targetHints":{"allow":["GET"]}}],"collection":[{"href":"https:\/\/akdenizhaber.com.tr\/index.php\/wp-json\/wp\/v2\/posts"}],"about":[{"href":"https:\/\/akdenizhaber.com.tr\/index.php\/wp-json\/wp\/v2\/types\/post"}],"author":[{"embeddable":true,"href":"https:\/\/akdenizhaber.com.tr\/index.php\/wp-json\/wp\/v2\/users\/2"}],"replies":[{"embeddable":true,"href":"https:\/\/akdenizhaber.com.tr\/index.php\/wp-json\/wp\/v2\/comments?post=29515"}],"version-history":[{"count":1,"href":"https:\/\/akdenizhaber.com.tr\/index.php\/wp-json\/wp\/v2\/posts\/29515\/revisions"}],"predecessor-version":[{"id":29518,"href":"https:\/\/akdenizhaber.com.tr\/index.php\/wp-json\/wp\/v2\/posts\/29515\/revisions\/29518"}],"wp:featuredmedia":[{"embeddable":true,"href":"https:\/\/akdenizhaber.com.tr\/index.php\/wp-json\/wp\/v2\/media\/29516"}],"wp:attachment":[{"href":"https:\/\/akdenizhaber.com.tr\/index.php\/wp-json\/wp\/v2\/media?parent=29515"}],"wp:term":[{"taxonomy":"category","embeddable":true,"href":"https:\/\/akdenizhaber.com.tr\/index.php\/wp-json\/wp\/v2\/categories?post=29515"},{"taxonomy":"post_tag","embeddable":true,"href":"https:\/\/akdenizhaber.com.tr\/index.php\/wp-json\/wp\/v2\/tags?post=29515"}],"curies":[{"name":"wp","href":"https:\/\/api.w.org\/{rel}","templated":true}]}}