{"id":29512,"date":"2025-07-21T16:42:13","date_gmt":"2025-07-21T13:42:13","guid":{"rendered":"https:\/\/akdenizhaber.com.tr\/?p=29512"},"modified":"2025-07-21T16:42:13","modified_gmt":"2025-07-21T13:42:13","slug":"manisa-yunusemrede-taekwondo-ruzgari-minik-sporculardan-buyuk-basari","status":"publish","type":"post","link":"https:\/\/akdenizhaber.com.tr\/index.php\/2025\/07\/21\/manisa-yunusemrede-taekwondo-ruzgari-minik-sporculardan-buyuk-basari\/","title":{"rendered":"Manisa Yunusemre\u2019de Taekwondo r\u00fczg\u00e2r\u0131 Minik Sporculardan B\u00fcy\u00fck Ba\u015far\u0131"},"content":{"rendered":"\n<p><\/p>\n\n\n\n<p>Manisa\u2019n\u0131n Yunusemre il\u00e7esi Ortak\u00f6y Tesisleri\u2019nde ger\u00e7ekle\u015ftirilen \u0130ller Aras\u0131 Minikler Tekvando \u015eampiyonas\u0131 hem spor camias\u0131nda hem de il\u00e7ede b\u00fcy\u00fck heyecan yaratt\u0131.<\/p>\n\n\n\n<p>Yunusemre Belediyesi\u2019nin ev sahipli\u011finde ve Gen\u00e7lik ve Spor \u0130l M\u00fcd\u00fcrl\u00fc\u011f\u00fc\u2019n\u00fcn katk\u0131lar\u0131yla d\u00fczenlenen organizasyona T\u00fcrkiye\u2019nin d\u00f6rt bir yan\u0131ndan minik tekvandocular kat\u0131l\u0131rken, T\u00fcrkiye Gazeteciler Federasyonu Genel Ba\u015fkan\u0131 Y\u0131lmaz Karaca ve beraberindeki heyet de m\u00fcsabakalar\u0131 ilgiyle takip etti.<\/p>\n\n\n\n<p>Yunusemre Belediye Ba\u015fkan\u0131 Semih Balaban, etkinlikte yapt\u0131\u011f\u0131 konu\u015fmada spora bak\u0131\u015f a\u00e7\u0131s\u0131na dair \u00f6nemli mesajlar verirken, \u201cSpor yaln\u0131zca futboldan ibaret de\u011fildir. Uzun y\u0131llard\u0131r g\u00f6z ard\u0131 edilen bireysel sporlara art\u0131k hak ettikleri de\u011feri vermek zorunday\u0131z. Son d\u00f6nemde verilen s\u0131n\u0131rl\u0131 desteklerin bile nas\u0131l \u00f6nemli ba\u015far\u0131lar getirdi\u011fini hep birlikte g\u00f6r\u00fcyoruz. D\u00fcnya ve olimpiyat arenas\u0131nda ge\u00e7mi\u015fte ba\u015far\u0131s\u0131z oldu\u011fumuz bran\u015flarda art\u0131k madalyalar kazan\u0131yor, bayra\u011f\u0131m\u0131z\u0131 gururla dalgaland\u0131r\u0131yoruz. Amat\u00f6r sporculara verilen deste\u011fin art\u0131r\u0131lmas\u0131 toplumsal a\u00e7\u0131dan da b\u00fcy\u00fck \u00f6nem ta\u015f\u0131yor. Biz Yunusemre Belediyesi olarak bireysel amat\u00f6r sporcular\u0131m\u0131z\u0131n her zaman yan\u0131nday\u0131z ve bu deste\u011fi kararl\u0131l\u0131kla s\u00fcrd\u00fcrece\u011fiz\u201d ifadelerini kulland\u0131.<\/p>\n\n\n\n<p>YILMAZ KARACA VE TGF HEYET\u0130 DE \u0130ZLED\u0130<\/p>\n\n\n\n<p>T\u00fcrkiye Gazeteciler Federasyonu Genel Ba\u015fkan\u0131 Y\u0131lmaz Karaca, Genel Ba\u015fkan Yard\u0131mc\u0131s\u0131 Levent Altun, Y\u00f6netim Kurulu \u00dcyesi ve Manisa Gazeteciler ve Yazarlar Cemiyeti Ba\u015fkan\u0131 \u0130smail Ayd\u0131n, Bas\u0131n Vakf\u0131 Genel sekreteri O\u011fuzhan Bayrak da m\u00fcsabakalar\u0131 ilgiyle izlerken, Genel Ba\u015fkan Y\u0131lmaz Karaca, Yunusemre Belediye Ba\u015fkan\u0131 Semih Balaban ve Ba\u015farspor Ba\u015fkan\u0131 S\u00fcleyman Ba\u015far\u2019a te\u015fekk\u00fcr ederek, \u201cBu t\u00fcr etkinliklerin kamuoyunda hak etti\u011fi ilgiyi g\u00f6rmesi i\u00e7in biz de bas\u0131n mensuplar\u0131 olarak \u00fczerimize d\u00fc\u015feni yapmaya haz\u0131r\u0131z,\u201d dedi.<\/p>\n\n\n\n<p>Haber Merkezi<\/p>\n","protected":false},"excerpt":{"rendered":"<p>Manisa\u2019n\u0131n Yunusemre il\u00e7esi Ortak\u00f6y Tesisleri\u2019nde ger\u00e7ekle\u015ftirilen \u0130ller Aras\u0131 Minikler Tekvando \u015eampiyonas\u0131 hem spor camias\u0131nda hem de il\u00e7ede b\u00fcy\u00fck heyecan yaratt\u0131. Yunusemre Belediyesi\u2019nin ev sahipli\u011finde ve <a href=\"https:\/\/akdenizhaber.com.tr\/index.php\/2025\/07\/21\/manisa-yunusemrede-taekwondo-ruzgari-minik-sporculardan-buyuk-basari\/\" class=\"read-more-link\">[more&#8230;]<\/a><\/p>\n","protected":false},"author":2,"featured_media":29513,"comment_status":"open","ping_status":"open","sticky":false,"template":"","format":"standard","meta":{"footnotes":""},"categories":[2],"tags":[],"class_list":["post-29512","post","type-post","status-publish","format-standard","has-post-thumbnail","hentry","category-gundem"],"_links":{"self":[{"href":"https:\/\/akdenizhaber.com.tr\/index.php\/wp-json\/wp\/v2\/posts\/29512","targetHints":{"allow":["GET"]}}],"collection":[{"href":"https:\/\/akdenizhaber.com.tr\/index.php\/wp-json\/wp\/v2\/posts"}],"about":[{"href":"https:\/\/akdenizhaber.com.tr\/index.php\/wp-json\/wp\/v2\/types\/post"}],"author":[{"embeddable":true,"href":"https:\/\/akdenizhaber.com.tr\/index.php\/wp-json\/wp\/v2\/users\/2"}],"replies":[{"embeddable":true,"href":"https:\/\/akdenizhaber.com.tr\/index.php\/wp-json\/wp\/v2\/comments?post=29512"}],"version-history":[{"count":1,"href":"https:\/\/akdenizhaber.com.tr\/index.php\/wp-json\/wp\/v2\/posts\/29512\/revisions"}],"predecessor-version":[{"id":29514,"href":"https:\/\/akdenizhaber.com.tr\/index.php\/wp-json\/wp\/v2\/posts\/29512\/revisions\/29514"}],"wp:featuredmedia":[{"embeddable":true,"href":"https:\/\/akdenizhaber.com.tr\/index.php\/wp-json\/wp\/v2\/media\/29513"}],"wp:attachment":[{"href":"https:\/\/akdenizhaber.com.tr\/index.php\/wp-json\/wp\/v2\/media?parent=29512"}],"wp:term":[{"taxonomy":"category","embeddable":true,"href":"https:\/\/akdenizhaber.com.tr\/index.php\/wp-json\/wp\/v2\/categories?post=29512"},{"taxonomy":"post_tag","embeddable":true,"href":"https:\/\/akdenizhaber.com.tr\/index.php\/wp-json\/wp\/v2\/tags?post=29512"}],"curies":[{"name":"wp","href":"https:\/\/api.w.org\/{rel}","templated":true}]}}