{"id":29507,"date":"2025-07-21T16:40:56","date_gmt":"2025-07-21T13:40:56","guid":{"rendered":"https:\/\/akdenizhaber.com.tr\/?p=29507"},"modified":"2025-07-21T16:40:56","modified_gmt":"2025-07-21T13:40:56","slug":"aykut-kayadan-ibradi-akseki-yolundaki-tehlikeli-viraja-mudahale-cagrisi","status":"publish","type":"post","link":"https:\/\/akdenizhaber.com.tr\/index.php\/2025\/07\/21\/aykut-kayadan-ibradi-akseki-yolundaki-tehlikeli-viraja-mudahale-cagrisi\/","title":{"rendered":"Aykut Kaya\u2019dan \u0130brad\u0131-Akseki Yolundaki Tehlikeli Viraja M\u00fcdahale \u00c7a\u011fr\u0131s\u0131"},"content":{"rendered":"\n<p>CHP Antalya Milletvekili Aykut Kaya, \u0130brad\u0131 ile Akseki il\u00e7eleri aras\u0131ndaki \u00c7aml\u0131yoku\u015f Mevkii\u2019nde yer alan S \u015feklindeki keskin viraj\u0131n yaratt\u0131\u011f\u0131 ciddi trafik tehlikesine dikkat \u00e7ekerek, Ula\u015ft\u0131rma ve Altyap\u0131 Bakanl\u0131\u011f\u0131\u2019na \u00e7a\u011fr\u0131da bulundu.<\/p>\n\n\n\n<p>\u00d6zellikle Akseki y\u00f6n\u00fcnden gelen ara\u00e7lar i\u00e7in b\u00fcy\u00fck risk ta\u015f\u0131yan bu virajda, bay\u0131r a\u015fa\u011f\u0131 inen yolda aniden ba\u015flayan keskin d\u00f6n\u00fc\u015f nedeniyle bug\u00fcne kadar \u00e7ok say\u0131da \u00f6l\u00fcml\u00fc ve yaralanmal\u0131 kaza ya\u015fand\u0131\u011f\u0131n\u0131 belirten Kaya, \u201cAra\u00e7lar bariyerlere \u00e7arp\u0131yor, baz\u0131lar\u0131 ise u\u00e7uruma yuvarlan\u0131yor\u201d dedi.<\/p>\n\n\n\n<p>Ge\u00e7mi\u015fte bu yol g\u00fczerg\u00e2h\u0131nda bir revizyon yap\u0131ld\u0131\u011f\u0131n\u0131 hat\u0131rlatan Kaya, \u201cE\u011fim art\u0131r\u0131ld\u0131, g\u00f6r\u00fc\u015f a\u00e7\u0131s\u0131 darald\u0131. Tehlike azalt\u0131laca\u011f\u0131na daha da b\u00fcy\u00fct\u00fcld\u00fc\u201d diyerek m\u00fchendislik hatalar\u0131na dikkat \u00e7ekti.<\/p>\n\n\n\n<p>Kaya a\u00e7\u0131klamas\u0131nda, \u201c\u00d6zellikle yaz aylar\u0131nda turist ta\u015f\u0131yan say\u0131s\u0131z tur otob\u00fcs\u00fcnden, b\u00f6lge halk\u0131na kadar yo\u011fun bir trafi\u011fe sahne olan bu yolun bir an \u00f6nce yeniden projelendirilmesi ve kaza riskini ortadan kald\u0131racak \u00e7al\u0131\u015fmalar\u0131n ba\u015flat\u0131lmas\u0131 gerekiyor. G\u00fcvenli ula\u015f\u0131m herkesin hakk\u0131d\u0131r. Bu ihmal daha fazla can kayb\u0131na yol a\u00e7madan Ula\u015ft\u0131rma ve Altyap\u0131 Bakanl\u0131\u011f\u0131\u2019n\u0131 derhal g\u00f6reve \u00e7a\u011f\u0131r\u0131yorum\u201d ifadelerini kulland\u0131.<\/p>\n\n\n\n<p>Haber Merkezi<\/p>\n","protected":false},"excerpt":{"rendered":"<p>CHP Antalya Milletvekili Aykut Kaya, \u0130brad\u0131 ile Akseki il\u00e7eleri aras\u0131ndaki \u00c7aml\u0131yoku\u015f Mevkii\u2019nde yer alan S \u015feklindeki keskin viraj\u0131n yaratt\u0131\u011f\u0131 ciddi trafik tehlikesine dikkat \u00e7ekerek, Ula\u015ft\u0131rma <a href=\"https:\/\/akdenizhaber.com.tr\/index.php\/2025\/07\/21\/aykut-kayadan-ibradi-akseki-yolundaki-tehlikeli-viraja-mudahale-cagrisi\/\" class=\"read-more-link\">[more&#8230;]<\/a><\/p>\n","protected":false},"author":2,"featured_media":29378,"comment_status":"open","ping_status":"open","sticky":false,"template":"","format":"standard","meta":{"footnotes":""},"categories":[2],"tags":[],"class_list":["post-29507","post","type-post","status-publish","format-standard","has-post-thumbnail","hentry","category-gundem"],"_links":{"self":[{"href":"https:\/\/akdenizhaber.com.tr\/index.php\/wp-json\/wp\/v2\/posts\/29507","targetHints":{"allow":["GET"]}}],"collection":[{"href":"https:\/\/akdenizhaber.com.tr\/index.php\/wp-json\/wp\/v2\/posts"}],"about":[{"href":"https:\/\/akdenizhaber.com.tr\/index.php\/wp-json\/wp\/v2\/types\/post"}],"author":[{"embeddable":true,"href":"https:\/\/akdenizhaber.com.tr\/index.php\/wp-json\/wp\/v2\/users\/2"}],"replies":[{"embeddable":true,"href":"https:\/\/akdenizhaber.com.tr\/index.php\/wp-json\/wp\/v2\/comments?post=29507"}],"version-history":[{"count":1,"href":"https:\/\/akdenizhaber.com.tr\/index.php\/wp-json\/wp\/v2\/posts\/29507\/revisions"}],"predecessor-version":[{"id":29508,"href":"https:\/\/akdenizhaber.com.tr\/index.php\/wp-json\/wp\/v2\/posts\/29507\/revisions\/29508"}],"wp:featuredmedia":[{"embeddable":true,"href":"https:\/\/akdenizhaber.com.tr\/index.php\/wp-json\/wp\/v2\/media\/29378"}],"wp:attachment":[{"href":"https:\/\/akdenizhaber.com.tr\/index.php\/wp-json\/wp\/v2\/media?parent=29507"}],"wp:term":[{"taxonomy":"category","embeddable":true,"href":"https:\/\/akdenizhaber.com.tr\/index.php\/wp-json\/wp\/v2\/categories?post=29507"},{"taxonomy":"post_tag","embeddable":true,"href":"https:\/\/akdenizhaber.com.tr\/index.php\/wp-json\/wp\/v2\/tags?post=29507"}],"curies":[{"name":"wp","href":"https:\/\/api.w.org\/{rel}","templated":true}]}}