{"id":29503,"date":"2025-07-21T16:40:23","date_gmt":"2025-07-21T13:40:23","guid":{"rendered":"https:\/\/akdenizhaber.com.tr\/?p=29503"},"modified":"2025-07-21T16:40:24","modified_gmt":"2025-07-21T13:40:24","slug":"cosar-mesele-enerji-uretimi-degil-rant-uretimidir","status":"publish","type":"post","link":"https:\/\/akdenizhaber.com.tr\/index.php\/2025\/07\/21\/cosar-mesele-enerji-uretimi-degil-rant-uretimidir\/","title":{"rendered":"Co\u015far, \u2018Mesele Enerji \u00dcretimi De\u011fil, Rant \u00dcretimidir\u2019"},"content":{"rendered":"\n<p>T\u00fcrkiye B\u00fcy\u00fck Millet Meclisi Genel Kurulu&#8217;nda zeytinliklerin madencilik faaliyetlerine a\u00e7\u0131lmas\u0131n\u0131 i\u00e7eren kanun teklifi \u00fczerine s\u00f6z alan Cumhuriyet Halk Partisi Antalya Milletvekili Aliye Co\u015far, \u00fclkenin gelece\u011finin bir avu\u00e7 yanda\u015fa tercih edildi\u011fini, millet iradesini gasbeden zihniyetin \u015fimdi de halk\u0131n ata topra\u011f\u0131n\u0131, zeytinliklerini gasbeden yasa teklifiyle kar\u015f\u0131lar\u0131na \u00e7\u0131kt\u0131\u011f\u0131n\u0131 belirtti. Zeytinlikleri madencilik faaliyetlerine a\u00e7an kanun teklifine kar\u015f\u0131 ilk g\u00fcnden bu yana yurtta\u015flar\u0131n eylem yaparak iktidara seslerini duyurmaya \u00e7al\u0131\u015ft\u0131\u011f\u0131n\u0131 belirten Co\u015far, AKP iktidar\u0131n\u0131n bu sesi duymak yerine talan teklifini meclisten ge\u00e7irme \u00e7abas\u0131nda oldu\u011funu ifade etti.<\/p>\n\n\n\n<p>\u00dclkenin \u00e7\u00f6z\u00fcm bekleyen bir\u00e7ok sorunu varken iktidar\u0131n, milletin gelece\u011fi olan orman, mera, su kaynaklar\u0131 ve zeytinliklerini gasbetme pe\u015finde oldu\u011funu vurgulayan CHP Antalya Milletvekili Co\u015far, konu\u015fmas\u0131n\u0131n devam\u0131nda \u015funlar\u0131 ifade etti;<\/p>\n\n\n\n<p>YANDA\u015e \u015e\u0130RKETLERE \u00d6ZEL S\u00dcPER \u0130Z\u0130N YASASI<\/p>\n\n\n\n<p>\u201cYirmi \u00fc\u00e7 y\u0131ll\u0131k iktidar\u0131n\u0131zda bizi hi\u00e7 \u015fa\u015f\u0131rtmad\u0131n\u0131z; sizin i\u00e7in durmak yok, ranta devam. \u00dclkenin t\u00fcm varl\u0131klar\u0131na g\u00f6z dikmi\u015f bulunmaktas\u0131n\u0131z. Sizler millet i\u00e7in de\u011fil, yanda\u015flar i\u00e7in buradas\u0131n\u0131z.<\/p>\n\n\n\n<p>Yurtta\u015flar\u0131n, emeklilerin, \u00e7al\u0131\u015fanlar\u0131n \u00e7\u00f6z\u00fcm bekleyen onlarca sorunu varken yine bir \u00f6zel izin, yine bir yanda\u015f \u015firket d\u00fczenlemesiyle kar\u015f\u0131 kar\u015f\u0131yay\u0131z. Bu kez ki\u015fiye \u00f6zel zeytinlik talan\u0131 yasas\u0131yla kar\u015f\u0131m\u0131za \u00e7\u0131k\u0131yorsunuz. Daha \u00f6nce t\u00fcm \u00fclkeyi kapsayan d\u00fczenlemelerle zeytinliklere g\u00f6z dikmi\u015fsiniz, \u015fimdi ise belli bir b\u00f6lgeyi hedef alan, belli \u015firketlere \u00f6zel d\u00fczenlemelerle kar\u015f\u0131m\u0131za \u00e7\u0131kmaktas\u0131n\u0131z. Ama\u00e7 a\u00e7\u0131k, ormanlar, zeytinlikler, meralar, tar\u0131m ve sit alanlar\u0131, su kaynaklar\u0131 madencilere ve enerji \u015firketlerine a\u00e7\u0131l\u0131yor, hem de \u00c7ED s\u00fcre\u00e7leri tamamen baypas edilerek. Bu yasa, do\u011frudan s\u00fcper izin yasas\u0131d\u0131r, &#8220;kamu yarar\u0131&#8221; ad\u0131 alt\u0131nda asl\u0131nda sadece bir avu\u00e7 \u00e7\u0131kar grubunun menfaati g\u00f6zetilmektedir.<\/p>\n\n\n\n<p>M\u00dcLK\u0130YET HAKKI DA GASBED\u0130L\u0130YOR<\/p>\n\n\n\n<p>\u201cAyr\u0131ca, acele kamula\u015ft\u0131rma yetkisiyle halk\u0131n elindeki topraklar \u015firketlere verilerek m\u00fclkiyet hakk\u0131 da gasbediliyor, madencilik faaliyetlerine s\u0131n\u0131rs\u0131z yetkiler veriliyor. Ayr\u0131ca, bu d\u00fczen tek adam\u0131n izniyle uzat\u0131labiliyor. Bu teklif Anayasa&#8217;ya ve kanunlara a\u00e7\u0131k\u00e7a ayk\u0131r\u0131d\u0131r.<\/p>\n\n\n\n<p>Burada bir \u015firketin \u00e7\u0131kar\u0131 u\u011fruna onlarca k\u00f6y\u00fcn zeytinlikleri yok edilmek isteniyor. Bir b\u00f6lgenin ge\u00e7im kayna\u011f\u0131 olan tar\u0131m ve hayvanc\u0131l\u0131k birka\u00e7 yanda\u015f \u015firketin \u00e7\u0131kar\u0131 i\u00e7in feda ediliyor. Bu, sadece b\u00fcy\u00fck \u00e7evre meselesi de\u011fil, bu bir adalet, bir gelecek meselesidir \u00e7\u00fcnk\u00fc yok edilen do\u011fa ve gelece\u011fimizdir.\u201d<\/p>\n\n\n\n<p>SOMA, ERMENEK, \u0130L\u0130\u00c7 MADEN FAC\u0130ALARINI UNUTMADIK<\/p>\n\n\n\n<p>Ge\u00e7mi\u015fte ya\u015fanan maden facialar\u0131n\u0131 hat\u0131rlatan CHP\u2019li Co\u015far a\u00e7\u0131klamas\u0131nda, denetimsiz ve vah\u015fi madencilik politikalar\u0131n\u0131n b\u00fcy\u00fck felaketlere yol a\u00e7t\u0131\u011f\u0131n\u0131 belirterek: \u201cSoma&#8217;da, Ermenek&#8217;te, \u0130li\u00e7&#8217;te facialar\u0131 unutmad\u0131k; her biri vah\u015fi rant politikalar\u0131n\u0131n, denetimsizli\u011fin sonucu g\u00f6z g\u00f6re g\u00f6re gelen \u00f6l\u00fcmler. \u015eimdi ayn\u0131 hatalar yeniden yap\u0131l\u0131yor ayn\u0131 zihniyetle, ayn\u0131 y\u00f6ntemlerle.<\/p>\n\n\n\n<p>Madencilik faaliyetleri sonras\u0131 \u00e7evresel tahribat\u0131 onarmak i\u00e7in hi\u00e7bir \u015fey de yapm\u0131yorsunuz. Vah\u015fi madencili\u011fe t\u00fcm imk\u00e2nlar seferber edilirken i\u015f, do\u011fay\u0131 korumaya gelince yine, AKP sessiz kalmaktad\u0131r. Gidip talan etti\u011finiz yerlere bir bak\u0131n, oralar i\u00e7in ne yapt\u0131n\u0131z \u015fimdiye kadar, onu bir d\u00fc\u015f\u00fcn\u00fcn.\u201d dedi.<\/p>\n\n\n\n<p>\u201cHer hafta Antalya&#8217;n\u0131n farkl\u0131 il\u00e7esinde \u00e7evre eylemindeyiz. Toroslardaki ormanlar, meralar, dereler GES ve HES&#8217;lere, maden ve ta\u015f ocaklar\u0131na feda ediliyor; su kaynaklar\u0131m\u0131z\u0131n yan\u0131 ba\u015f\u0131na ve meralara GES projeleri yap\u0131lmak isteniyor. Mesele enerji \u00fcretimi de\u011fil, mesele rant \u00fcretimidir.\u201d<\/p>\n\n\n\n<p>TALAN YASASININ HESABI MUTLAKA TAR\u0130H \u00d6N\u00dcNDE SORULACAKTIR<\/p>\n\n\n\n<p>\u201cBu sadece bir yasa teklifi de\u011fil, bu teklif bir tercihtir; ya do\u011fay\u0131, halk\u0131, \u00fcretimi, ya\u015fam\u0131 tercih edece\u011fiz ya da birka\u00e7 \u015firketin \u00e7\u0131karan\u0131. Bu tercih, tarih\u00ee bir tercihtir. \u015eimdi ise bu sesi burada, bu Mecliste de duyun. Bu yasa vicdanlarda telafisi imk\u00e2ns\u0131z yaralar a\u00e7acakt\u0131r.<\/p>\n\n\n\n<p>\u00c7\u00fcnk\u00fc mesele sadece zeytin de\u011fil, mesele havam\u0131z, suyumuz, topra\u011f\u0131m\u0131z, orman\u0131m\u0131z ve gelece\u011fimizdir ve biz o gelece\u011fi birka\u00e7 yanda\u015f \u015firketin h\u0131rs\u0131na kurban etmeyece\u011fiz. Biz Cumhuriyet Halk Partisi olarak bu teklifin kar\u015f\u0131s\u0131nday\u0131z, halk\u0131n, do\u011fan\u0131n, topra\u011f\u0131n, suyun yan\u0131nday\u0131z. Bu yasa teklifi geri \u00e7ekilmelidir, aksi h\u00e2lde bu talan\u0131n hesab\u0131 bug\u00fcn sorulmazsa yar\u0131n tarih \u00f6n\u00fcnde sorulacakt\u0131r. Do\u011fay\u0131, ya\u015fam\u0131, Anayasa&#8217;y\u0131 yok sayan bu anlay\u0131\u015fa art\u0131k &#8220;Dur!&#8221; denmelidir.\u201d<\/p>\n\n\n\n<p>Haber Merkezi<\/p>\n","protected":false},"excerpt":{"rendered":"<p>T\u00fcrkiye B\u00fcy\u00fck Millet Meclisi Genel Kurulu&#8217;nda zeytinliklerin madencilik faaliyetlerine a\u00e7\u0131lmas\u0131n\u0131 i\u00e7eren kanun teklifi \u00fczerine s\u00f6z alan Cumhuriyet Halk Partisi Antalya Milletvekili Aliye Co\u015far, \u00fclkenin gelece\u011finin <a href=\"https:\/\/akdenizhaber.com.tr\/index.php\/2025\/07\/21\/cosar-mesele-enerji-uretimi-degil-rant-uretimidir\/\" class=\"read-more-link\">[more&#8230;]<\/a><\/p>\n","protected":false},"author":2,"featured_media":29504,"comment_status":"open","ping_status":"open","sticky":false,"template":"","format":"standard","meta":{"footnotes":""},"categories":[2],"tags":[],"class_list":["post-29503","post","type-post","status-publish","format-standard","has-post-thumbnail","hentry","category-gundem"],"_links":{"self":[{"href":"https:\/\/akdenizhaber.com.tr\/index.php\/wp-json\/wp\/v2\/posts\/29503","targetHints":{"allow":["GET"]}}],"collection":[{"href":"https:\/\/akdenizhaber.com.tr\/index.php\/wp-json\/wp\/v2\/posts"}],"about":[{"href":"https:\/\/akdenizhaber.com.tr\/index.php\/wp-json\/wp\/v2\/types\/post"}],"author":[{"embeddable":true,"href":"https:\/\/akdenizhaber.com.tr\/index.php\/wp-json\/wp\/v2\/users\/2"}],"replies":[{"embeddable":true,"href":"https:\/\/akdenizhaber.com.tr\/index.php\/wp-json\/wp\/v2\/comments?post=29503"}],"version-history":[{"count":1,"href":"https:\/\/akdenizhaber.com.tr\/index.php\/wp-json\/wp\/v2\/posts\/29503\/revisions"}],"predecessor-version":[{"id":29506,"href":"https:\/\/akdenizhaber.com.tr\/index.php\/wp-json\/wp\/v2\/posts\/29503\/revisions\/29506"}],"wp:featuredmedia":[{"embeddable":true,"href":"https:\/\/akdenizhaber.com.tr\/index.php\/wp-json\/wp\/v2\/media\/29504"}],"wp:attachment":[{"href":"https:\/\/akdenizhaber.com.tr\/index.php\/wp-json\/wp\/v2\/media?parent=29503"}],"wp:term":[{"taxonomy":"category","embeddable":true,"href":"https:\/\/akdenizhaber.com.tr\/index.php\/wp-json\/wp\/v2\/categories?post=29503"},{"taxonomy":"post_tag","embeddable":true,"href":"https:\/\/akdenizhaber.com.tr\/index.php\/wp-json\/wp\/v2\/tags?post=29503"}],"curies":[{"name":"wp","href":"https:\/\/api.w.org\/{rel}","templated":true}]}}