{"id":29497,"date":"2025-07-16T15:35:37","date_gmt":"2025-07-16T12:35:37","guid":{"rendered":"https:\/\/akdenizhaber.com.tr\/?p=29497"},"modified":"2025-07-16T15:37:16","modified_gmt":"2025-07-16T12:37:16","slug":"ankara-buyuksehir-belediye-baskani-mansur-yavastan-muhittin-boceke-destek-ziyareti-yavas-belediye-baskanlarinin-tutuklanmasi-siyasidir","status":"publish","type":"post","link":"https:\/\/akdenizhaber.com.tr\/index.php\/2025\/07\/16\/ankara-buyuksehir-belediye-baskani-mansur-yavastan-muhittin-boceke-destek-ziyareti-yavas-belediye-baskanlarinin-tutuklanmasi-siyasidir\/","title":{"rendered":"Ankara B\u00fcy\u00fck\u015fehir Belediye Ba\u015fkan\u0131 Mansur Yava\u015f\u2019tan Muhittin B\u00f6cek\u2019e destek ziyareti    Yava\u015f, \u201cBelediye Ba\u015fkanlar\u0131n\u0131n tutuklanmas\u0131 siyasidir\u201d"},"content":{"rendered":"\n<p><\/p>\n\n\n\n<p>Ankara B\u00fcy\u00fck\u015fehir Belediye Ba\u015fkan\u0131 Mansur Yava\u015f, Muhittin B\u00f6cek\u2019i ziyaret etti.&nbsp; B\u00f6cek\u2019i direkt su\u00e7layan bir ifade olmamas\u0131na ra\u011fmen, tutuklu yarg\u0131laman\u0131n yanl\u0131\u015f oldu\u011funu belirten Yava\u015f, belediye ba\u015fkanlar\u0131n\u0131n tutuklanmas\u0131n\u0131n siyasi oldu\u011funu s\u00f6yledi. Yava\u015f, \u201cTutuklukta en istisnai \u015fekilde yani su\u00e7 i\u015flemeyi ihtiyat edinmi\u015f sab\u0131kal\u0131 ka\u00e7ma \u015f\u00fcphesi olanlar hakk\u0131nda veya a\u011f\u0131r cezal\u0131k su\u00e7lar hakk\u0131nda uygulanmas\u0131 laz\u0131mken belediye ba\u015fkanlar\u0131m\u0131z pat\u0131r pat\u0131r i\u00e7eri at\u0131l\u0131yor\u201d dedi. B\u00f6cek\u2019in sa\u011fl\u0131k sorunlar\u0131 ya\u015fad\u0131\u011f\u0131n\u0131 da s\u00f6yleyen Mansur Yava\u015f, \u201cS\u00fcrekli kontrol alt\u0131nda tutulmas\u0131 laz\u0131m en az\u0131ndan ev hapsine \u00e7\u0131kar\u0131lmas\u0131 laz\u0131m\u201d dedi.<\/p>\n\n\n\n<p>Antalya Cumhuriyet Ba\u015fsavc\u0131l\u0131\u011f\u0131 taraf\u0131ndan y\u00fcr\u00fct\u00fclen soru\u015fturma kapsam\u0131nda 5 Temmuz\u2019dan bu yana tutuklu bulunan Muhittin B\u00f6cek\u2019e Ankara B\u00fcy\u00fck\u015fehir Belediye Ba\u015fkan\u0131 Mansur Yava\u015f\u2019tan destek geldi. Yava\u015f, B\u00f6cek\u2019i D\u00f6\u015femealt\u0131 L Tip cezaevinde ziyaret etti. Ziyaret sonras\u0131 a\u00e7\u0131klamalarda bulunan Yava\u015f, belediye ba\u015fkanlar\u0131n\u0131n siyasi nedenlerle tutuklanmas\u0131n\u0131n yanl\u0131\u015f oldu\u011funu s\u00f6yledi. Belediye ba\u015fkanlar\u0131 ile ilgili yap\u0131lan soru\u015fturmalarda sadece bir iddia \u00fczerine hi\u00e7bir ara\u015ft\u0131rma yap\u0131lmadan direkt savc\u0131l\u0131\u011f\u0131n&nbsp; devreye girerek soru\u015fturma ba\u015flat\u0131ld\u0131\u011f\u0131n\u0131 s\u00f6yleyen Yava\u015f, \u201cBizler belediye ba\u015fkanlar\u0131 olarak hakk\u0131m\u0131zda bir iddia oldu\u011fu zaman 4483 say\u0131l\u0131 kanuna g\u00f6re m\u00fcfetti\u015f gelir inceler varsa su\u00e7 duyurusunu savc\u0131l\u0131\u011fa yapar yoksa olay\u0131 kapat\u0131r\u201d dedi.<\/p>\n\n\n\n<p>BELED\u0130YE BA\u015eKANLARIMIZ PATIR PATIR \u0130\u00c7ER\u0130 ATILIYOR<\/p>\n\n\n\n<p>\u201cBelediye ba\u015fkanlar\u0131n\u0131n hepsi p\u0131r\u0131l p\u0131r\u0131l, bir\u00e7o\u011fu hayat\u0131nda karakol, adliye y\u00fcz\u00fc g\u00f6rmemi\u015f insanlar\u201d diyen Mansur Yava\u015f, \u201c\u00c7ok \u00fcz\u00fcl\u00fcyoruz hukukta masumiyet diye karine vard\u0131r. Yarg\u0131tay\u2019dan cezas\u0131 kesinle\u015finceye kadar herkes su\u00e7suzdur. Bunu \u00f6zellikle \u00fcst\u00fcne basarak s\u00f6yl\u00fcyorum. Ve tutuklukta en istisnai \u015fekilde yani su\u00e7 i\u015flemeyi ihtiyat edinmi\u015f sab\u0131kal\u0131 ka\u00e7ma \u015f\u00fcphesi olanlar hakk\u0131nda veya a\u011f\u0131r cezal\u0131k su\u00e7lar hakk\u0131nda uygulanmas\u0131 laz\u0131mken belediye ba\u015fkanlar\u0131m\u0131z pat\u0131r pat\u0131r i\u00e7eri at\u0131l\u0131yor. Bunun tamamen siyasi oldu\u011funu s\u00f6ylememe gerek yok \u00e7\u00fcnk\u00fc iddialara bakt\u0131\u011f\u0131n\u0131z zaman bizzat Say\u0131n Muhittin B\u00f6cek\u2019 direkt su\u00e7layan ifade de yok. Bir de su\u00e7lar\u0131n \u015fahsili\u011fi diye bir \u015fey var.&nbsp; Bunlar\u0131n hepsinin g\u00f6z ard\u0131 edildi\u011fini T\u00fcrkiye\u2019de Cumhuriyet Halk Partili Belediyelerin ba\u015far\u0131l\u0131 olmas\u0131 nedeniyle iktidar\u0131n de\u011fi\u015fece\u011fin anlay\u0131nca bu \u015fekilde su\u00e7lamalar yapmaya ba\u015flad\u0131lar\u201d diye konu\u015ftu.<\/p>\n\n\n\n<p>TUTUKLU YARGILAMA YANLI\u015e<\/p>\n\n\n\n<p>Bir belediye ba\u015fkan\u0131 veya bir \u015fahs\u0131n su\u00e7lanmas\u0131n\u0131n onun kesinlikle mahkum olaca\u011f\u0131 sonucunu do\u011furmayaca\u011f\u0131n\u0131 ifade eden Ba\u015fkan Yava\u015f, tutuklu yarg\u0131laman\u0131n yanl\u0131\u015f oldu\u011funa inand\u0131\u011f\u0131n\u0131 belirtti. B\u00f6cek\u2019i ziyareti s\u0131ras\u0131nda yorgun g\u00f6rd\u00fc\u011f\u00fcn\u00fc s\u00f6yleyen Mansur Yava\u015f \u015funlar\u0131 s\u00f6yledi: \u201cSa\u011fl\u0131k sorunu ya\u015fayan birisinin en az\u0131ndan ev hapsine \u00e7\u0131kar\u0131lmas\u0131 kontrolde tutulmas\u0131 laz\u0131m. Muhittin B\u00f6cek ile g\u00f6r\u00fc\u015ft\u00fck ve ger\u00e7ekten yorgun g\u00f6rd\u00fcm \u00e7\u00fcnk\u00fc d\u00fcn sa\u011fl\u0131k kontrol\u00fcnden geldi. Unutmayal\u0131m Muhittin Ba\u015fkan 2. hayat\u0131n\u0131 ya\u015f\u0131yor 108 g\u00fcn kendini bilmeden yatt\u0131 ve Covid s\u00fcrecinden bir\u00e7ok hasar v\u00fccudunda hala var. Neden tutukluyorsunuz ayr\u0131ca kalp ve \u015feker sorunlar\u0131 var. Dolay\u0131s\u0131yla s\u00fcrekli kontrol alt\u0131nda tutulmas\u0131 laz\u0131m en az\u0131ndan ev hapsine \u00e7\u0131kar\u0131lmas\u0131 laz\u0131m. Kendilerini rahat\u00e7a savunabilecekleri bir ortam\u0131n meydana getirilmesi laz\u0131m.&nbsp; Unutmayal\u0131m hukuk herkese laz\u0131m.\u201d&nbsp;&nbsp;&nbsp;&nbsp;&nbsp;&nbsp;&nbsp;<\/p>\n\n\n\n<p>ANTALYA B\u00dcY\u00dcK\u015eEH\u0130R BELED\u0130YES\u0130\u2019N\u0130 Z\u0130YARET ETT\u0130<\/p>\n\n\n\n<p>Ba\u015fkan Yava\u015f, daha sonra Antalya B\u00fcy\u00fck\u015fehir Belediyesi\u2019ni ziyaret etti. Antalya B\u00fcy\u00fck\u015fehir Belediyesi Ba\u015fkan Vekili B\u00fc\u015fra \u00d6zdemir, Mansur Yava\u015f\u2019\u0131n Muhittin B\u00f6cek\u2019i ziyaret etmesinin kendilerine g\u00fc\u00e7 ve moral verdi\u011fini belirterek, \u201cSizi b\u00f6yle g\u00fcnlerde de\u011fil daha g\u00fczel g\u00fcnlerde belediyemizde a\u011f\u0131rlamak isterdik. Bu zor g\u00fcnlerde Ba\u015fkan\u0131m\u0131za belediyemize ve ailemize ziyaretiniz bize g\u00fc\u00e7 ve moral verdi. Muhittin B\u00f6cek Ba\u015fkan\u0131m\u0131z bug\u00fcn itibariyle 12 g\u00fcnd\u00fcr tutsak. \u00d6zg\u00fcrl\u00fc\u011f\u00fcnden mahrum kalm\u0131\u015f durumda. Say\u0131n Ba\u015fkan\u0131m\u0131za do\u011frudan y\u00f6neltilen bir su\u00e7 isnad\u0131 da yok. Adalete g\u00fcvenerek en yak\u0131n zamanda tecelli edece\u011fine inan\u0131yoruz. Bizde hizmet bayra\u011f\u0131n\u0131 yere d\u00fc\u015f\u00fcrmeden hizmetlere devam etmek ba\u015fkan\u0131m\u0131z\u0131n emanetini aln\u0131m\u0131z a\u00e7\u0131k ba\u015f\u0131m\u0131z dik bir \u015fekilde kendisine teslim etmek i\u00e7in buraday\u0131z\u201d diye konu\u015ftu.&nbsp;<\/p>\n\n\n\n<p>BU \u0130FT\u0130RA MUH\u0130TT\u0130N BA\u015eKANA YAKI\u015eMADI<\/p>\n\n\n\n<p>Ankara B\u00fcy\u00fck\u015fehir Belediye Ba\u015fkan\u0131 Mansur Yava\u015f da Muhittin B\u00f6cek\u2019in bu badireleri atlatarak g\u00f6revine d\u00f6nerek Antalya halk\u0131na hizmet etmeye devam edece\u011fine inand\u0131\u011f\u0131n\u0131 s\u00f6yleyerek, \u201c\u00d6ncellikle ge\u00e7mi\u015f olsun, bizde \u015f\u00f6yle bir s\u00f6z var; yak\u0131\u015fan iftira at\u0131n derler. Bu iftira Muhittin Ba\u015fkana hi\u00e7 yak\u0131\u015fm\u0131yor. Kendisi 200 daire yapacak bir arsay\u0131 ba\u011f\u0131\u015flam\u0131\u015f iken kendisini ilgilendiren bu s\u00f6zleri iddia eden \u015fahs\u0131n bizzat Muhittin B\u00f6cek\u2019le \u015fu \u015fekilde g\u00f6r\u00fc\u015ft\u00fck diye bir ifadesi yokken b\u00f6yle bir su\u00e7lama ile tutuklanmas\u0131 \u00e7ok \u00fcz\u00fcc\u00fc. Bu \u015fah\u0131s 300 kadar ihaleyi \u015fimdi iktidar partisinin belediyelerinden ve kamu dairelerinden alm\u0131\u015f. \u00c7ok c\u00fczi bir miktar\u0131 da Cumhuriyet Halk Partili belediyelerden. Ama \u015fu \u015fekilde bu \u015fekilde para verdim diyerek su\u00e7layarak kurtulma yolunu se\u00e7ti. O \u015fimdi evinde rahat oturuyor ama halk\u0131n oylar\u0131yla se\u00e7ilmi\u015f se\u00e7menin yetki verdi\u011fi belediye ba\u015fkanlar\u0131m\u0131z\u0131n bir k\u0131sm\u0131 maalesef tutuklu. Dokunulmazl\u0131\u011f\u0131m\u0131z yok elbette bir iddia kar\u015f\u0131s\u0131nda yarg\u0131lanabiliriz. Her akl\u0131na gelen \u015fikayet eder \u00f6rne\u011fin benimle ilgili 6 y\u0131lda bug\u00fcne kadar 109 tane \u015fikayet yap\u0131ld\u0131. Bunlar\u0131n hepsinde m\u00fcfetti\u015fler geldi inceledi 101 tanesi kapand\u0131 8 tanesinde inceleme devam ediyor. Onlar da kapanacak\u201d diye konu\u015ftu.<\/p>\n\n\n\n<p>G\u00d6REV\u0130NE D\u00d6N\u00dcP H\u0130ZMETE DEVAM EDECEK<\/p>\n\n\n\n<p>Mansur Yava\u015f, \u201cBir \u015fikayet ile bir belediye ba\u015fkan\u0131n tutuklanmas\u0131 hukuken de yanl\u0131\u015f. 4483 say\u0131l\u0131 kanun ortadan kalk\u0131yor. Tutukluluk en son yap\u0131lmas\u0131 gereken \u015fey. Bunu Ergenekon ve Balyoz davalar\u0131nda da g\u00f6rd\u00fck. A\u011f\u0131r hastalar\u0131 taburcu etmediler hastanelerde \u00f6lmesine sebep oldular. Muhittin Ba\u015fkan\u0131m\u0131z\u0131n 108 g\u00fcnd\u00fcr pandemi d\u00f6neminde ent\u00fcbe olarak komada yatt\u0131\u011f\u0131n\u0131 biliyoruz. Bunun v\u00fccutta bir araz b\u0131rakt\u0131\u011f\u0131n\u0131 da biliyoruz. Kendisinin kalp ve \u015feker problemleri var. \u0130lla g\u00f6revinden alacaks\u0131n\u0131z ev hapsi verin. Sa\u011fl\u0131\u011f\u0131ndan etmeyin telafi edilmez sonu\u00e7lar do\u011furmay\u0131n. Hukuk herkese laz\u0131m. Bug\u00fcnlerde ge\u00e7er Muhittin Ba\u015fkan \u00e7ok b\u00fcy\u00fck daha badireler atlatt\u0131, in\u015fallah bunu da atlatacak. G\u00f6revine d\u00f6necek Antalya halk\u0131na hizmet etmeye devam edecek\u201d diye konu\u015ftu.<\/p>\n","protected":false},"excerpt":{"rendered":"<p>Ankara B\u00fcy\u00fck\u015fehir Belediye Ba\u015fkan\u0131 Mansur Yava\u015f, Muhittin B\u00f6cek\u2019i ziyaret etti.&nbsp; B\u00f6cek\u2019i direkt su\u00e7layan bir ifade olmamas\u0131na ra\u011fmen, tutuklu yarg\u0131laman\u0131n yanl\u0131\u015f oldu\u011funu belirten Yava\u015f, belediye ba\u015fkanlar\u0131n\u0131n <a href=\"https:\/\/akdenizhaber.com.tr\/index.php\/2025\/07\/16\/ankara-buyuksehir-belediye-baskani-mansur-yavastan-muhittin-boceke-destek-ziyareti-yavas-belediye-baskanlarinin-tutuklanmasi-siyasidir\/\" class=\"read-more-link\">[more&#8230;]<\/a><\/p>\n","protected":false},"author":2,"featured_media":29498,"comment_status":"open","ping_status":"open","sticky":false,"template":"","format":"standard","meta":{"footnotes":""},"categories":[1],"tags":[],"class_list":["post-29497","post","type-post","status-publish","format-standard","has-post-thumbnail","hentry","category-blog"],"_links":{"self":[{"href":"https:\/\/akdenizhaber.com.tr\/index.php\/wp-json\/wp\/v2\/posts\/29497","targetHints":{"allow":["GET"]}}],"collection":[{"href":"https:\/\/akdenizhaber.com.tr\/index.php\/wp-json\/wp\/v2\/posts"}],"about":[{"href":"https:\/\/akdenizhaber.com.tr\/index.php\/wp-json\/wp\/v2\/types\/post"}],"author":[{"embeddable":true,"href":"https:\/\/akdenizhaber.com.tr\/index.php\/wp-json\/wp\/v2\/users\/2"}],"replies":[{"embeddable":true,"href":"https:\/\/akdenizhaber.com.tr\/index.php\/wp-json\/wp\/v2\/comments?post=29497"}],"version-history":[{"count":1,"href":"https:\/\/akdenizhaber.com.tr\/index.php\/wp-json\/wp\/v2\/posts\/29497\/revisions"}],"predecessor-version":[{"id":29499,"href":"https:\/\/akdenizhaber.com.tr\/index.php\/wp-json\/wp\/v2\/posts\/29497\/revisions\/29499"}],"wp:featuredmedia":[{"embeddable":true,"href":"https:\/\/akdenizhaber.com.tr\/index.php\/wp-json\/wp\/v2\/media\/29498"}],"wp:attachment":[{"href":"https:\/\/akdenizhaber.com.tr\/index.php\/wp-json\/wp\/v2\/media?parent=29497"}],"wp:term":[{"taxonomy":"category","embeddable":true,"href":"https:\/\/akdenizhaber.com.tr\/index.php\/wp-json\/wp\/v2\/categories?post=29497"},{"taxonomy":"post_tag","embeddable":true,"href":"https:\/\/akdenizhaber.com.tr\/index.php\/wp-json\/wp\/v2\/tags?post=29497"}],"curies":[{"name":"wp","href":"https:\/\/api.w.org\/{rel}","templated":true}]}}