{"id":29494,"date":"2025-07-16T14:42:03","date_gmt":"2025-07-16T11:42:03","guid":{"rendered":"https:\/\/akdenizhaber.com.tr\/?p=29494"},"modified":"2025-07-16T14:42:04","modified_gmt":"2025-07-16T11:42:04","slug":"sukru-sozen-chpden-istifa-etti","status":"publish","type":"post","link":"https:\/\/akdenizhaber.com.tr\/index.php\/2025\/07\/16\/sukru-sozen-chpden-istifa-etti\/","title":{"rendered":"\u015e\u00fckr\u00fc S\u00f6zen CHP\u2019den \u0130stifa Etti"},"content":{"rendered":"\n<p>Ge\u00e7ti\u011fimiz 4 Temmuz Cuma g\u00fcn\u00fc Manavgat Belediyesine yap\u0131lan operasyon sonras\u0131 geli\u015fmeler sonras\u0131nda Cumhuriyet Halk Partisi genel merkezi 3 ki\u015fiyi ihra\u00e7 istemiyle disiplin kuruluna sevk ederken, tutuklu belediye ba\u015fkan\u0131 Dr. Niyazi Nefi Kara ile bir \u00f6nceki belediye ba\u015fkan\u0131 \u015e\u00fckr\u00fc S\u00f6zen\u2019in \u00fcyelikleri ise ask\u0131ya al\u0131nm\u0131\u015ft\u0131.<\/p>\n\n\n\n<p>Bir \u00f6nceki d\u00f6nem belediye ba\u015fkan\u0131 \u015e\u00fckr\u00fc S\u00f6zen d\u00fcn yaz\u0131l\u0131 bir bas\u0131n a\u00e7\u0131klamas\u0131 ile Cumhuriyet Halk Partisinden istifa etti\u011fini duyurarak \u015f\u00f6yle konu\u015ftu;<\/p>\n\n\n\n<p>\u201cDe\u011ferli hem\u015ferilerim,<\/p>\n\n\n\n<p>Bilindi\u011fi gibi Manavgat\u2019\u0131m\u0131z\u0131 daha ya\u015fanabilir bir kent yapmak amac\u0131yla 15 y\u0131l b\u00fcy\u00fck bir onur ve gururla y\u00fcr\u00fctt\u00fc\u011f\u00fcm\u00fcz belediye ba\u015fkanl\u0131\u011f\u0131 g\u00f6revimi, kendi iste\u011fimle b\u0131rakarak, partimizden bir isme inanarak g\u00fcvenerek ve siz de\u011ferli halk\u0131m\u0131z\u0131n da tevecc\u00fch\u00fc ile devrettik.<\/p>\n\n\n\n<p>15 y\u0131ll\u0131k g\u00f6rev s\u00fcrecimizi lay\u0131k oldu\u011fu \u015fekilde d\u00fcr\u00fcst\u00e7e, sevgiyle, y\u0131lmadan, yorulmadan \u00e7al\u0131\u015farak tamamlad\u0131k. Bu s\u00fcrede b\u00fcy\u00fck yat\u0131r\u0131m ve hizmetlerle Manavgat\u2019\u0131m\u0131z\u0131 \u00e7a\u011fda\u015f bir kent g\u00f6r\u00fcn\u00fcm\u00fcne kavu\u015fturduk. Halk\u0131n evi olan Manavgat Belediyesi&#8217;ni kurumsal bir yap\u0131ya kavu\u015fturduk. G\u00f6revimizi yaparken emanete ihanet etmedik. Halimizden \u015fik\u00e2yet etmedik, b\u00fcy\u00fc\u011f\u00fcm\u00fcze sayg\u0131 duyduk. K\u00fc\u00e7\u00fc\u011f\u00fcm\u00fcz\u00fc sevdik. Bo\u015f ve yarars\u0131z i\u015flerle u\u011fra\u015fmad\u0131k. Manavgat&#8217;\u0131m\u0131z\u0131n \u00f6z de\u011ferlerini koruduk. Ki\u015filere de\u011fil, halka hizmet ettik. K\u00f6t\u00fcl\u00fc\u011fe meyletmedik. Kaynaklar\u0131m\u0131z\u0131 bo\u015fa sarf etmedik. Halk\u0131m\u0131z\u0131n ve kamunun hakk\u0131na sahip \u00e7\u0131kt\u0131k. Hatam\u0131z varsa kabullendik. Hakl\u0131 oldu\u011fumuz yerde de sesimizi y\u00fckselttik. E\u011filip b\u00fck\u00fclmedik, kimsenin de cebine girmedik. G\u00f6reve geldikten \u00e7ok k\u0131sa bir s\u00fcre sonra hain FET\u00d6\u2019n\u00fcn \u00fclkemize zarar verdi\u011fi d\u00f6nemlerde biz de bu s\u00fcreden nasibimizi alarak hak etmedi\u011fimiz halde 16 ay halk\u0131m\u0131za hizmet etmekten mahrum b\u0131rak\u0131ld\u0131k. 16 ay\u0131n sonunda hi\u00e7bir ceza almadan &#8220;Hi\u00e7bir kamu zarar\u0131 yoktur, hi\u00e7bir su\u00e7 unsuru yoktur&#8221; ibaresi ile beraat edip kald\u0131\u011f\u0131m\u0131z yerden hizmetlerimize devam ettik.<\/p>\n\n\n\n<p>B\u00fcy\u00fck\u015fehir Yasas\u0131&#8217;na, pandemiye ve Cumhuriyet tarihinin en b\u00fcy\u00fck yang\u0131n\u0131na ra\u011fmen her ko\u015fulda y\u0131lmadan hem\u015ferilerimizin yan\u0131nda olduk. Dik durduk, zor \u015fartlara ve k\u0131s\u0131tl\u0131 kaynaklara ra\u011fmen m\u00fccadele ettik. Toplumsal bar\u0131\u015f ad\u0131na bir ve beraber olmaya \u00f6nem verdik. Biz sadece atam\u0131zdan ve ailemizden ald\u0131\u011f\u0131m\u0131z terbiyeyle \u00e7al\u0131\u015ft\u0131k, hizmet ettik ve g\u00f6revimizi onurumuzla, gururumuzla teslim ettik.<\/p>\n\n\n\n<p>Belediye Ba\u015fkanl\u0131\u011f\u0131m\u0131z\u0131 tam anlam\u0131yla yerine getirmi\u015f olman\u0131n vicdan rahatl\u0131\u011f\u0131 ile g\u00f6revimizi devretmi\u015fken, ne yaz\u0131k ki, son g\u00fcnlerde dede, baba oca\u011f\u0131 olarak g\u00f6rd\u00fc\u011f\u00fcm\u00fcz, b\u00fcy\u00fck gayret ve eme\u011fimizin oldu\u011funa inand\u0131\u011f\u0131m\u0131z Manavgat Belediyesi&#8217;nin \u00fclke genelinde \u00fcz\u00fcc\u00fc bir \u015fekilde yer almas\u0131 y\u00fcre\u011fimizi s\u0131zlatt\u0131, ac\u0131tt\u0131.<\/p>\n\n\n\n<p>Bu s\u00fcrecin \u015fokunu ya\u015farken mensubu olmaktan hayat\u0131m\u0131n her a\u015famas\u0131nda gurur duydu\u011fum, ailem ve atalar\u0131mdan bana miras olan CHP&#8217;den alm\u0131\u015f oldu\u011fum bir tebli\u011f, beni ve ailemi fazlas\u0131yla \u00fczm\u00fc\u015ft\u00fcr.<\/p>\n\n\n\n<p>Ya\u015fanan bu s\u00fcre\u00e7le ilgili uzaktan ve yak\u0131ndan hi\u00e7bir ilgi ve alakam olmamas\u0131na ra\u011fmen \u00fcyeli\u011fimin ask\u0131ya al\u0131nm\u0131\u015f olmas\u0131 tebli\u011fi ve gerek\u00e7esi, beni derinden yaralam\u0131\u015ft\u0131r.<\/p>\n\n\n\n<p>Ya\u015fam\u0131m boyunca hi\u00e7bir zaman halk\u0131m\u0131z\u0131n, ailemin ve partililerimin ba\u015f\u0131n\u0131 \u00f6ne e\u011fecek hi\u00e7bir olu\u015fumun i\u00e7inde asla olmad\u0131m.<\/p>\n\n\n\n<p>G\u00f6rev s\u00fcrecim de dahil olmak \u00fczere hayat\u0131m\u0131n her a\u015famas\u0131nda bask\u0131lara boyun e\u011fmeden do\u011fru bildi\u011fim yolda dimdik y\u00fcr\u00fcm\u00fc\u015fken, ya\u015fanan bu s\u00fcrecin ba\u015f\u0131ndan beri, hak etmedi\u011fim yanl\u0131\u015f bilgilendirmelere ra\u011fmen partime, Manavgat&#8217;\u0131m\u0131za ve belediyemize zarar vermemek ad\u0131na sessizli\u011fimi korudum.<\/p>\n\n\n\n<p>Herkes bilir ki, \u015e\u00fckr\u00fc S\u00f6zen her platformda, her ko\u015fulda hakk\u0131n\u0131 ve do\u011fru bildiklerini sonuna kadar savunacak cesaret ve donan\u0131ma sahiptir.<\/p>\n\n\n\n<p>CHP \u00e7at\u0131s\u0131 alt\u0131nda Manavgat&#8217;\u0131m\u0131za ve \u00fclkemize vermeye \u00e7al\u0131\u015ft\u0131\u011f\u0131m hizmet s\u00fcreci hayat\u0131m\u0131n en b\u00fcy\u00fck onurudur, \u00e7ocuklar\u0131ma b\u0131rakaca\u011f\u0131m en b\u00fcy\u00fck mirast\u0131r. \u015eeref, haysiyet ve onurum her\u015f eyin \u00fczerindedir.<\/p>\n\n\n\n<p>Partime zarar vermemek ad\u0131na ve ismimi hak etmedi\u011fim bu s\u0131\u011f tart\u0131\u015fmalar\u0131n d\u0131\u015f\u0131na \u00e7\u0131karmak amac\u0131yla Cumhuriyet Halk Partisi&#8217;nden istifa ediyorum. KAMUOYUNA SAYGILARIMLA\u201d<\/p>\n\n\n\n<p>B\u00fc\u015fra Deveci \/ Haber<\/p>\n","protected":false},"excerpt":{"rendered":"<p>Ge\u00e7ti\u011fimiz 4 Temmuz Cuma g\u00fcn\u00fc Manavgat Belediyesine yap\u0131lan operasyon sonras\u0131 geli\u015fmeler sonras\u0131nda Cumhuriyet Halk Partisi genel merkezi 3 ki\u015fiyi ihra\u00e7 istemiyle disiplin kuruluna sevk ederken, <a href=\"https:\/\/akdenizhaber.com.tr\/index.php\/2025\/07\/16\/sukru-sozen-chpden-istifa-etti\/\" class=\"read-more-link\">[more&#8230;]<\/a><\/p>\n","protected":false},"author":2,"featured_media":29495,"comment_status":"open","ping_status":"open","sticky":false,"template":"","format":"standard","meta":{"footnotes":""},"categories":[2],"tags":[],"class_list":["post-29494","post","type-post","status-publish","format-standard","has-post-thumbnail","hentry","category-gundem"],"_links":{"self":[{"href":"https:\/\/akdenizhaber.com.tr\/index.php\/wp-json\/wp\/v2\/posts\/29494","targetHints":{"allow":["GET"]}}],"collection":[{"href":"https:\/\/akdenizhaber.com.tr\/index.php\/wp-json\/wp\/v2\/posts"}],"about":[{"href":"https:\/\/akdenizhaber.com.tr\/index.php\/wp-json\/wp\/v2\/types\/post"}],"author":[{"embeddable":true,"href":"https:\/\/akdenizhaber.com.tr\/index.php\/wp-json\/wp\/v2\/users\/2"}],"replies":[{"embeddable":true,"href":"https:\/\/akdenizhaber.com.tr\/index.php\/wp-json\/wp\/v2\/comments?post=29494"}],"version-history":[{"count":1,"href":"https:\/\/akdenizhaber.com.tr\/index.php\/wp-json\/wp\/v2\/posts\/29494\/revisions"}],"predecessor-version":[{"id":29496,"href":"https:\/\/akdenizhaber.com.tr\/index.php\/wp-json\/wp\/v2\/posts\/29494\/revisions\/29496"}],"wp:featuredmedia":[{"embeddable":true,"href":"https:\/\/akdenizhaber.com.tr\/index.php\/wp-json\/wp\/v2\/media\/29495"}],"wp:attachment":[{"href":"https:\/\/akdenizhaber.com.tr\/index.php\/wp-json\/wp\/v2\/media?parent=29494"}],"wp:term":[{"taxonomy":"category","embeddable":true,"href":"https:\/\/akdenizhaber.com.tr\/index.php\/wp-json\/wp\/v2\/categories?post=29494"},{"taxonomy":"post_tag","embeddable":true,"href":"https:\/\/akdenizhaber.com.tr\/index.php\/wp-json\/wp\/v2\/tags?post=29494"}],"curies":[{"name":"wp","href":"https:\/\/api.w.org\/{rel}","templated":true}]}}