{"id":29490,"date":"2025-07-14T17:24:24","date_gmt":"2025-07-14T14:24:24","guid":{"rendered":"https:\/\/akdenizhaber.com.tr\/?p=29490"},"modified":"2025-07-14T17:24:25","modified_gmt":"2025-07-14T14:24:25","slug":"alevi-kultur-derneginden-asure-etkinligi-2","status":"publish","type":"post","link":"https:\/\/akdenizhaber.com.tr\/index.php\/2025\/07\/14\/alevi-kultur-derneginden-asure-etkinligi-2\/","title":{"rendered":"Alevi K\u00fclt\u00fcr Derne\u011finden A\u015fure Etkinli\u011fi"},"content":{"rendered":"\n<p>Alevi K\u00fclt\u00fcr Dernekleri Manavgat \u015eubesi Muharrem ay\u0131 nedeniyle 12 Temmuz Cumartesi g\u00fcn\u00fc a\u015fure etkinli\u011fi d\u00fczenledi.<\/p>\n\n\n\n<p>Kerbela \u015fehitleri i\u00e7in d\u00fczenlenen a\u015fure etkinli\u011fine yo\u011fun bir kat\u0131l\u0131m oldu.<\/p>\n\n\n\n<p>Alevi K\u00fclt\u00fcr Dernekleri (AKD) Manavgat \u015eube ve Cemevi Ba\u015fkan\u0131 Sinan Akta\u015f, d\u00fczenlenen a\u015fure etkinli\u011fi davetine icabet eden t\u00fcm canlara te\u015fekk\u00fcr ederek \u201c\u0130yi ki vars\u0131n\u0131z\u201d dedi.<\/p>\n\n\n\n<p>Sinan Akta\u015f \u015f\u00f6yle konu\u015ftu;<\/p>\n\n\n\n<p>\u201cTe\u015fekk\u00fcrler Canlar, Te\u015fekk\u00fcrler Manavgat. Te\u015fekk\u00fcrler Can Dostlar\u0131m\u0131za<\/p>\n\n\n\n<p>12\/07\/2025 Cumartesi G\u00fcn\u00fc Kerbela \u015eehitleri \u0130\u00e7in Kaynatt\u0131\u011f\u0131n\u0131z A\u015fure Lokmam\u0131za \u00c7ok Yo\u011fun Kat\u0131l\u0131m Sa\u011flanm\u0131\u015f Olup, Lokmalar\u0131m\u0131zdan \u00d6nce, Kerbela Ve T\u00fcm \u015eehitlerimiz \u0130\u00e7in Bir Dakikal\u0131k Sayg\u0131 Duru\u015fu Ard\u0131ndan \u0130stiklal Mar\u015f\u0131 Ve Dedemizin Vermi\u015ftir Oldu\u011fu A\u015fure Lokma Duas\u0131 Sonras\u0131nda C\u00fcmle Canlar Ve Dostlar\u0131m\u0131zla A\u015furemizi Payla\u015ft\u0131k.Yiyene Helali Ho\u015f Yedirene Delil Ola,Ard\u0131nda S\u00fcleyman KOCAMI\u015e Dedemizin \u00d6nderli\u011finde Cem Erkan\u0131m\u0131z\u0131 Y\u00fcr\u00fct\u00fcp, Kurban Lokmalar\u0131m\u0131z\u0131&#8217;da Pay Ettik.<\/p>\n\n\n\n<p>S\u00fcleyman Dedemize,A\u015fure Ve Kurban Lokmas\u0131 Haz\u0131rlanmas\u0131 Ve Pi\u015firilmesi Noktas\u0131nda Emek Harcayan Ercan \u00c7olak, M\u00fcyase Sazak ,Handan Karaku\u015f, Filiz Atabay Ve Meryem Yi\u011fit Canlar\u0131m\u0131za Ve T\u00fcm Etkinliklerimizde Hi\u00e7 Bir Zaman Bizleri Yaln\u0131z B\u0131rakmayan ,A\u015furede&#8217;de Saz Ve Deyi\u015fleriyle Kerbela \u015eehitleri An\u0131s\u0131na Sunduklar\u0131 Nefesleri \u0130\u00e7in Mehmet BI\u00c7AKCI Hocam\u0131z Ve Zakir Serkan Ekiz Canlar\u0131m\u0131za \u00c7ok Te\u015fekk\u00fcr Ederiz.<\/p>\n\n\n\n<p>Kat\u0131l\u0131m Ve de Katk\u0131 Sa\u011flayan, Kat\u0131lmak \u0130steyipde Kat\u0131lamayan, G\u00f6nl\u00fc Bizlerden , Birlik Ve Beraberlikten Yana Olan Canlar\u0131m\u0131za ,<\/p>\n\n\n\n<p>\u00c7a\u011fda\u015f Ya\u015fam\u0131 Destekleme Derne\u011fi Ba\u015fkan\u0131 Ayg\u00fcr Uyan\u0131k Ve Y\u00f6netim Kuruluna, Manavgat Esnaf Ve Sanatkarlar Odas\u0131 Ba\u015fkan\u0131 Hasan \u00d6zcan Ve Ba\u015fkan Vekili Hakan Eser&#8217;e, Manavgat Demokrat Partisi \u0130l\u00e7e Ba\u015fkan\u0131 Aylin Tezcan \u00c7elik ve Y\u00f6netim Kuruluna,,<\/p>\n\n\n\n<p>T\u00fcrkiye \u0130\u015f\u00e7i Partisi Manavgat \u0130l\u00e7e Ba\u015fkan\u0131 \u015eerife Arslan Ve Y\u00f6netim Kuruluna,,K\u0131r\u0131m T\u00fcrkleri K\u00fclt\u00fcr Ve Yard\u0131mla\u015fma Derne\u011fi Ba\u015fkan\u0131 Di\u011fdem Ba\u015fak Ba\u015fk\u0131r \u00c7al\u0131\u015fkan Ve Y\u00f6netim Kuruluna, Atat\u00fcrk\u00e7\u00fc D\u00fc\u015f\u00fcnce Derne\u011fi&#8217;ni Temsilen Kat\u0131l\u0131m Sa\u011flayan \u015eeng\u00fcl Sar\u0131kaya&#8217;ya,T\u00fcm Canlar\u0131m\u0131za Ve T\u00fcm Halk\u0131m\u0131za Te\u015fekk\u00fcr Eder, Birlik Ve Beraberli\u011fimizi, Daim Olmas\u0131n\u0131 Diliyorum Canlar A\u015fk \u0130le\u201d<\/p>\n\n\n\n<p>B\u00fc\u015fra Deveci \/ Haber<\/p>\n","protected":false},"excerpt":{"rendered":"<p>Alevi K\u00fclt\u00fcr Dernekleri Manavgat \u015eubesi Muharrem ay\u0131 nedeniyle 12 Temmuz Cumartesi g\u00fcn\u00fc a\u015fure etkinli\u011fi d\u00fczenledi. Kerbela \u015fehitleri i\u00e7in d\u00fczenlenen a\u015fure etkinli\u011fine yo\u011fun bir kat\u0131l\u0131m oldu. <a href=\"https:\/\/akdenizhaber.com.tr\/index.php\/2025\/07\/14\/alevi-kultur-derneginden-asure-etkinligi-2\/\" class=\"read-more-link\">[more&#8230;]<\/a><\/p>\n","protected":false},"author":2,"featured_media":29491,"comment_status":"open","ping_status":"open","sticky":false,"template":"","format":"standard","meta":{"footnotes":""},"categories":[2],"tags":[],"class_list":["post-29490","post","type-post","status-publish","format-standard","has-post-thumbnail","hentry","category-gundem"],"_links":{"self":[{"href":"https:\/\/akdenizhaber.com.tr\/index.php\/wp-json\/wp\/v2\/posts\/29490","targetHints":{"allow":["GET"]}}],"collection":[{"href":"https:\/\/akdenizhaber.com.tr\/index.php\/wp-json\/wp\/v2\/posts"}],"about":[{"href":"https:\/\/akdenizhaber.com.tr\/index.php\/wp-json\/wp\/v2\/types\/post"}],"author":[{"embeddable":true,"href":"https:\/\/akdenizhaber.com.tr\/index.php\/wp-json\/wp\/v2\/users\/2"}],"replies":[{"embeddable":true,"href":"https:\/\/akdenizhaber.com.tr\/index.php\/wp-json\/wp\/v2\/comments?post=29490"}],"version-history":[{"count":1,"href":"https:\/\/akdenizhaber.com.tr\/index.php\/wp-json\/wp\/v2\/posts\/29490\/revisions"}],"predecessor-version":[{"id":29492,"href":"https:\/\/akdenizhaber.com.tr\/index.php\/wp-json\/wp\/v2\/posts\/29490\/revisions\/29492"}],"wp:featuredmedia":[{"embeddable":true,"href":"https:\/\/akdenizhaber.com.tr\/index.php\/wp-json\/wp\/v2\/media\/29491"}],"wp:attachment":[{"href":"https:\/\/akdenizhaber.com.tr\/index.php\/wp-json\/wp\/v2\/media?parent=29490"}],"wp:term":[{"taxonomy":"category","embeddable":true,"href":"https:\/\/akdenizhaber.com.tr\/index.php\/wp-json\/wp\/v2\/categories?post=29490"},{"taxonomy":"post_tag","embeddable":true,"href":"https:\/\/akdenizhaber.com.tr\/index.php\/wp-json\/wp\/v2\/tags?post=29490"}],"curies":[{"name":"wp","href":"https:\/\/api.w.org\/{rel}","templated":true}]}}