{"id":29468,"date":"2025-07-14T14:22:21","date_gmt":"2025-07-14T11:22:21","guid":{"rendered":"https:\/\/akdenizhaber.com.tr\/?p=29468"},"modified":"2025-07-14T14:22:21","modified_gmt":"2025-07-14T11:22:21","slug":"tgf-iletisim-baskanliginda-geciken-atama-yeni-umutlar-dogurdu","status":"publish","type":"post","link":"https:\/\/akdenizhaber.com.tr\/index.php\/2025\/07\/14\/tgf-iletisim-baskanliginda-geciken-atama-yeni-umutlar-dogurdu\/","title":{"rendered":"TGF; \u0130leti\u015fim Ba\u015fkanl\u0131\u011f\u0131nda Geciken Atama Yeni Umutlar Do\u011furdu"},"content":{"rendered":"\n<p>Cumhurba\u015fkanl\u0131\u011f\u0131 \u0130leti\u015fim Ba\u015fkan\u0131 Fahrettin Altun\u2019un g\u00f6revden al\u0131nmas\u0131n\u0131n ard\u0131ndan yerine yap\u0131lan atama gazeteciler i\u00e7in yeni umutlar\u0131n \u0131\u015f\u0131\u011f\u0131 oldu.<\/p>\n\n\n\n<p>T\u00fcrkiye Gazeteciler Federasyonu (TGF) Genel Ba\u015fkan\u0131 Y\u0131lmaz Karaca \u0130leti\u015fim Ba\u015fkanl\u0131\u011f\u0131na yap\u0131lan atama ile ilgili bir bas\u0131n a\u00e7\u0131klamas\u0131 yapt\u0131.<\/p>\n\n\n\n<p>Karaca, \u201cGe\u00e7ti\u011fimiz hafta Cumhurba\u015fkan\u0131 Recep Tayyip Erdo\u011fan\u2019\u0131n \u0130leti\u015fim Ba\u015fkan\u0131 Fahrettin Altun\u2019u g\u00f6revden alarak yerine D\u0131\u015fi\u015fleri Bakan Yard\u0131mc\u0131s\u0131 Prof.Dr. Burhanettin Duran\u2019\u0131 \u0130leti\u015fim Ba\u015fkan\u0131 olarak atamas\u0131 \u00f6zellikle yerel bas\u0131n camias\u0131nda b\u00fcy\u00fck umutlar\u0131n ba\u015flang\u0131c\u0131 olarak sevin\u00e7le kar\u015f\u0131land\u0131.\u201d<\/p>\n\n\n\n<p>Yerel medyan\u0131n imdat \u00e7\u0131\u011fl\u0131klar\u0131n\u0131 ve sorunlar\u0131n\u0131 y\u0131llarca g\u00f6rmezden gelip sadece yayg\u0131n medya ile ilgilenen Altun, demokrasinin temel ta\u015flar\u0131ndan olan yerel bas\u0131nda hayal k\u0131r\u0131kl\u0131\u011f\u0131 yaratt\u0131. Yeni atanan Prof.Dr. Burhanettin Duran ise yerel bas\u0131n\u0131n umudu oldu.<\/p>\n\n\n\n<p>DURAN, YEREL BASININ UMUDU OLDU<\/p>\n\n\n\n<p>Cumhurba\u015fkanl\u0131\u011f\u0131 \u0130leti\u015fim Ba\u015fkanl\u0131\u011f\u0131na atanan Burhanettin Duran\u2019\u0131n yerel demokrasiye yani yerel bas\u0131na duyars\u0131z kalmayaca\u011f\u0131 ve sorunlar\u0131na \u00e7\u00f6z\u00fcm \u00fcretece\u011fi noktas\u0131nda beklentimiz b\u00fcy\u00fck. Bu g\u00fcne kadar sessiz kalan hi\u00e7bir soruna \u00e7\u00f6z\u00fcm \u00fcretmeyen \u0130leti\u015fim Ba\u015fkanl\u0131\u011f\u0131n\u0131n bu g\u00fcnden itibaren Burhanettin Duran ba\u015fkan\u0131n \u00f6nc\u00fcl\u00fc\u011f\u00fcnde yerel medyaya daha yak\u0131n olmas\u0131 kendisinden en b\u00fcy\u00fck beklentimizdir.<\/p>\n\n\n\n<p>YEREL BASIN YOK SAYILMAMALI<\/p>\n\n\n\n<p>Fahrettin Altun d\u00f6neminde Bas\u0131n \u0130lan Kurumu birlikte bitirilmek istenen yerel medya, yeni d\u00f6nemde de yok say\u0131lmamal\u0131, zor ve ekonomik \u015fartlar alt\u0131nda yay\u0131n hayat\u0131n\u0131 s\u00fcrd\u00fcrmeye \u00e7al\u0131\u015fan gazeteler dinlenmeli, resmi ilan adaletsizli\u011fi giderilmeli, \u015fehirlerin ar\u015fivini olu\u015fturan gazeteler yok olmamal\u0131 daha fazla desteklenmeli, dijital d\u00f6n\u00fc\u015f\u00fcmdeki yetersizlikler giderilmeli ve yerel medyan\u0131n sorunlar\u0131na kal\u0131c\u0131 temel \u00e7\u00f6z\u00fcmler getirilmelidir. En b\u00fcy\u00fck sorunlar\u0131m\u0131zdan bir tanesi de t\u00fcm gelirlerinin kapat\u0131lmas\u0131na yol a\u00e7an tasarruf tedbirleri kapsam\u0131ndan yerel bas\u0131n\u0131n bir an \u00f6nce \u00e7\u0131kart\u0131lmas\u0131d\u0131r.<\/p>\n\n\n\n<p>BASIN \u0130LAN KURUMU (B\u0130K) GAZETELER\u0130N B\u0130RLE\u015eMES\u0130 \u0130\u00c7\u0130N BASKI YAPMAYA DEVAM ED\u0130YOR<\/p>\n\n\n\n<p>Son d\u00f6nemde Bas\u0131n \u0130lan Kurumu (B\u0130K) Gazetelerin birle\u015ftirilmesi noktas\u0131nda t\u00fcm illerde bask\u0131s\u0131n\u0131 art\u0131rm\u0131\u015f durumda. B\u0130K taraf\u0131ndan al\u0131nan kararlar gazetelerimizi yerel bas\u0131n\u0131 bask\u0131 alt\u0131na alarak bug\u00fcn zor duruma d\u00fc\u015f\u00fcrm\u00fc\u015ft\u00fcr. Birle\u015fme noktas\u0131nda bask\u0131 yap\u0131lan gazetelerin ilanlar\u0131 bir bir kesilmekte ve bu kesilen ilanlar\u0131 B\u0130K kendi portal\u0131nda yay\u0131nlayarak kendisine \u00e7\u0131kar sa\u011flamakta ve ayn\u0131 zamanda gazetelerin haklar\u0131n\u0131 gasp etmektedir.<\/p>\n\n\n\n<p>Bug\u00fcn Yerel medya ve B\u0130K aras\u0131nda \u00f6nemli sorunlar vard\u0131r. Bu sorunlar\u0131n ortadan kalkmas\u0131 i\u00e7in, yerel bas\u0131n\u0131 bitirmek isteyen kuruma (B\u0130K) yeni bir \u201cgenel m\u00fcd\u00fcr atamas\u0131\u201d yap\u0131larak \u00e7\u00f6z\u00fcm s\u00fcreci daha verimli bir hale gelecektir.<\/p>\n\n\n\n<p>Bu vesileyle Cumhurba\u015fkanl\u0131\u011f\u0131 \u0130leti\u015fim Ba\u015fkanl\u0131\u011f\u0131na atanan Say\u0131n Burhanettin Duran\u2019a hay\u0131rl\u0131 olsun dileklerimizi iletiyor, yerel medyayla ileti\u015fim stratejisini art\u0131rarak, demokrasinin savunucu kimli\u011fi olmas\u0131n\u0131 arzu ediyoruz.<\/p>\n\n\n\n<p>T\u00fcrkiye Gazeteciler Federasyonu \/ B\u00fclten<\/p>\n","protected":false},"excerpt":{"rendered":"<p>Cumhurba\u015fkanl\u0131\u011f\u0131 \u0130leti\u015fim Ba\u015fkan\u0131 Fahrettin Altun\u2019un g\u00f6revden al\u0131nmas\u0131n\u0131n ard\u0131ndan yerine yap\u0131lan atama gazeteciler i\u00e7in yeni umutlar\u0131n \u0131\u015f\u0131\u011f\u0131 oldu. T\u00fcrkiye Gazeteciler Federasyonu (TGF) Genel Ba\u015fkan\u0131 Y\u0131lmaz Karaca <a href=\"https:\/\/akdenizhaber.com.tr\/index.php\/2025\/07\/14\/tgf-iletisim-baskanliginda-geciken-atama-yeni-umutlar-dogurdu\/\" class=\"read-more-link\">[more&#8230;]<\/a><\/p>\n","protected":false},"author":2,"featured_media":29469,"comment_status":"open","ping_status":"open","sticky":false,"template":"","format":"standard","meta":{"footnotes":""},"categories":[2],"tags":[],"class_list":["post-29468","post","type-post","status-publish","format-standard","has-post-thumbnail","hentry","category-gundem"],"_links":{"self":[{"href":"https:\/\/akdenizhaber.com.tr\/index.php\/wp-json\/wp\/v2\/posts\/29468","targetHints":{"allow":["GET"]}}],"collection":[{"href":"https:\/\/akdenizhaber.com.tr\/index.php\/wp-json\/wp\/v2\/posts"}],"about":[{"href":"https:\/\/akdenizhaber.com.tr\/index.php\/wp-json\/wp\/v2\/types\/post"}],"author":[{"embeddable":true,"href":"https:\/\/akdenizhaber.com.tr\/index.php\/wp-json\/wp\/v2\/users\/2"}],"replies":[{"embeddable":true,"href":"https:\/\/akdenizhaber.com.tr\/index.php\/wp-json\/wp\/v2\/comments?post=29468"}],"version-history":[{"count":1,"href":"https:\/\/akdenizhaber.com.tr\/index.php\/wp-json\/wp\/v2\/posts\/29468\/revisions"}],"predecessor-version":[{"id":29470,"href":"https:\/\/akdenizhaber.com.tr\/index.php\/wp-json\/wp\/v2\/posts\/29468\/revisions\/29470"}],"wp:featuredmedia":[{"embeddable":true,"href":"https:\/\/akdenizhaber.com.tr\/index.php\/wp-json\/wp\/v2\/media\/29469"}],"wp:attachment":[{"href":"https:\/\/akdenizhaber.com.tr\/index.php\/wp-json\/wp\/v2\/media?parent=29468"}],"wp:term":[{"taxonomy":"category","embeddable":true,"href":"https:\/\/akdenizhaber.com.tr\/index.php\/wp-json\/wp\/v2\/categories?post=29468"},{"taxonomy":"post_tag","embeddable":true,"href":"https:\/\/akdenizhaber.com.tr\/index.php\/wp-json\/wp\/v2\/tags?post=29468"}],"curies":[{"name":"wp","href":"https:\/\/api.w.org\/{rel}","templated":true}]}}