{"id":29462,"date":"2025-07-10T16:01:26","date_gmt":"2025-07-10T13:01:26","guid":{"rendered":"https:\/\/akdenizhaber.com.tr\/?p=29462"},"modified":"2025-07-10T16:01:26","modified_gmt":"2025-07-10T13:01:26","slug":"manavgat-belediye-meclisi-pazar-gunu-olaganustu-toplaniyor-istifa-eden-uyelerin-durumu-gundemde","status":"publish","type":"post","link":"https:\/\/akdenizhaber.com.tr\/index.php\/2025\/07\/10\/manavgat-belediye-meclisi-pazar-gunu-olaganustu-toplaniyor-istifa-eden-uyelerin-durumu-gundemde\/","title":{"rendered":"Manavgat Belediye Meclisi Pazar G\u00fcn\u00fc Ola\u011fan\u00fcst\u00fc Toplan\u0131yor: \u0130stifa Eden \u00dcyelerin Durumu G\u00fcndemde"},"content":{"rendered":"\n<p><strong>Manavgat Belediye Meclisi, r\u00fc\u015fvet operasyonu kapsam\u0131nda g\u00f6zalt\u0131na al\u0131nd\u0131ktan sonra istifa eden Cumhuriyet Halk Partili (CHP) \u00fcyelerin durumunu g\u00f6r\u00fc\u015fmek \u00fczere pazar g\u00fcn\u00fc saat 13.00&#8217;te ola\u011fan\u00fcst\u00fc toplant\u0131ya \u00e7a\u011fr\u0131ld\u0131.<\/strong><\/p>\n\n\n\n<p>Belediye meclisinin bu ola\u011fan\u00fcst\u00fc toplant\u0131s\u0131, son d\u00f6nemde Manavgat&#8217;ta ya\u015fanan r\u00fc\u015fvet operasyonlar\u0131n\u0131n ard\u0131ndan gelen istifalar nedeniyle b\u00fcy\u00fck \u00f6nem ta\u015f\u0131yor. Operasyonlar sonras\u0131 baz\u0131 CHP&#8217;li meclis \u00fcyelerinin g\u00f6zalt\u0131na al\u0131nmas\u0131 ve ard\u0131ndan g\u00f6revlerinden ayr\u0131lmalar\u0131, belediye y\u00f6netiminde bo\u015fluklar yaratm\u0131\u015ft\u0131.<\/p>\n\n\n\n<p>Pazar g\u00fcn\u00fc yap\u0131lacak toplant\u0131da, istifa eden meclis \u00fcyelerinin yerine gelecek isimler ve bu durumun belediye meclisinin i\u015fleyi\u015fine etkileri masaya yat\u0131r\u0131lacak. Kamuoyu, toplant\u0131dan \u00e7\u0131kacak kararlar\u0131 ve meclisin bu kritik s\u00fcreci nas\u0131l y\u00f6netece\u011fini merakla bekliyor.<\/p>\n\n\n\n<p>B\u00fc\u015fra Deveci \/ Haber<\/p>\n","protected":false},"excerpt":{"rendered":"<p>Manavgat Belediye Meclisi, r\u00fc\u015fvet operasyonu kapsam\u0131nda g\u00f6zalt\u0131na al\u0131nd\u0131ktan sonra istifa eden Cumhuriyet Halk Partili (CHP) \u00fcyelerin durumunu g\u00f6r\u00fc\u015fmek \u00fczere pazar g\u00fcn\u00fc saat 13.00&#8217;te ola\u011fan\u00fcst\u00fc toplant\u0131ya <a href=\"https:\/\/akdenizhaber.com.tr\/index.php\/2025\/07\/10\/manavgat-belediye-meclisi-pazar-gunu-olaganustu-toplaniyor-istifa-eden-uyelerin-durumu-gundemde\/\" class=\"read-more-link\">[more&#8230;]<\/a><\/p>\n","protected":false},"author":2,"featured_media":29463,"comment_status":"open","ping_status":"open","sticky":false,"template":"","format":"standard","meta":{"footnotes":""},"categories":[2],"tags":[],"class_list":["post-29462","post","type-post","status-publish","format-standard","has-post-thumbnail","hentry","category-gundem"],"_links":{"self":[{"href":"https:\/\/akdenizhaber.com.tr\/index.php\/wp-json\/wp\/v2\/posts\/29462","targetHints":{"allow":["GET"]}}],"collection":[{"href":"https:\/\/akdenizhaber.com.tr\/index.php\/wp-json\/wp\/v2\/posts"}],"about":[{"href":"https:\/\/akdenizhaber.com.tr\/index.php\/wp-json\/wp\/v2\/types\/post"}],"author":[{"embeddable":true,"href":"https:\/\/akdenizhaber.com.tr\/index.php\/wp-json\/wp\/v2\/users\/2"}],"replies":[{"embeddable":true,"href":"https:\/\/akdenizhaber.com.tr\/index.php\/wp-json\/wp\/v2\/comments?post=29462"}],"version-history":[{"count":1,"href":"https:\/\/akdenizhaber.com.tr\/index.php\/wp-json\/wp\/v2\/posts\/29462\/revisions"}],"predecessor-version":[{"id":29464,"href":"https:\/\/akdenizhaber.com.tr\/index.php\/wp-json\/wp\/v2\/posts\/29462\/revisions\/29464"}],"wp:featuredmedia":[{"embeddable":true,"href":"https:\/\/akdenizhaber.com.tr\/index.php\/wp-json\/wp\/v2\/media\/29463"}],"wp:attachment":[{"href":"https:\/\/akdenizhaber.com.tr\/index.php\/wp-json\/wp\/v2\/media?parent=29462"}],"wp:term":[{"taxonomy":"category","embeddable":true,"href":"https:\/\/akdenizhaber.com.tr\/index.php\/wp-json\/wp\/v2\/categories?post=29462"},{"taxonomy":"post_tag","embeddable":true,"href":"https:\/\/akdenizhaber.com.tr\/index.php\/wp-json\/wp\/v2\/tags?post=29462"}],"curies":[{"name":"wp","href":"https:\/\/api.w.org\/{rel}","templated":true}]}}