{"id":29431,"date":"2025-07-10T16:03:32","date_gmt":"2025-07-10T13:03:32","guid":{"rendered":"https:\/\/akdenizhaber.com.tr\/?p=29431"},"modified":"2025-07-10T16:12:07","modified_gmt":"2025-07-10T13:12:07","slug":"manavgat-belediye-baskani-niyazi-nefi-karanin-savunmasinda-onceki-doneme-gonderme-de-var-usulsuzluklerin-tekrarlanmasini-onlemek-icin-ise-aldim","status":"publish","type":"post","link":"https:\/\/akdenizhaber.com.tr\/index.php\/2025\/07\/10\/manavgat-belediye-baskani-niyazi-nefi-karanin-savunmasinda-onceki-doneme-gonderme-de-var-usulsuzluklerin-tekrarlanmasini-onlemek-icin-ise-aldim\/","title":{"rendered":"Manavgat Belediye Ba\u015fkan\u0131 Niyazi Nefi Kara&#8217;n\u0131n Savunmas\u0131nda \u00f6nceki d\u00f6neme g\u00f6nderme de var! &#8220;Usuls\u00fczl\u00fcklerin tekrarlanmas\u0131n\u0131 \u00f6nlemek i\u00e7in i\u015fe ald\u0131m &#8220;"},"content":{"rendered":"\n<p><\/p>\n\n\n\n<p><em>Manavgat<\/em>&nbsp;Belediyesine y\u00f6nelik d\u00fczenlenen r\u00fc\u015fvet, irtikap ve zimmet operasyonunda tutuklanan ve \u0130\u00e7i\u015fleri Bakanl\u0131\u011f\u0131 taraf\u0131ndan g\u00f6revden uzakla\u015ft\u0131r\u0131lan&nbsp; Manavgat Belediye Ba\u015fkan\u0131 Niyazi Nefi Kara\u2019n\u0131n mahkeme ifadesi ortaya \u00e7\u0131kt\u0131.<\/p>\n\n\n\n<p>31 Mart 2024&#8217;te g\u00f6reve geldi\u011fini ve daha \u00f6nce de CHP milletvekilli\u011fi yapt\u0131\u011f\u0131n\u0131 hat\u0131rlatan Kara, tek amac\u0131n\u0131n vatana hizmet etmek oldu\u011funu ve ki\u015fisel menfaat pe\u015finde ko\u015fmad\u0131\u011f\u0131n\u0131 vurgulad\u0131.<\/p>\n\n\n\n<p>&#8221; Akrabalar\u0131m\u0131 Usuls\u00fczl\u00fckleri \u00d6nlemek \u0130\u00e7in \u0130\u015fe Ald\u0131m&#8221;<\/p>\n\n\n\n<p>Kara, 15 ayl\u0131k g\u00f6rev s\u00fcresince belediyenin borcunu 1 milyar 750 milyon TL&#8217;den 1 milyar 100 milyon TL&#8217;ye d\u00fc\u015f\u00fcrd\u00fc\u011f\u00fcn\u00fc belirtti. Akrabalar\u0131n\u0131 ve tan\u0131d\u0131klar\u0131n\u0131 \u00f6nemli konumlara getirdi\u011fi iddialar\u0131n\u0131 kabul eden Ba\u015fkan Kara, ancak bunun su\u00e7 i\u015flemek amac\u0131yla de\u011fil, ge\u00e7mi\u015f d\u00f6nemdeki usuls\u00fczl\u00fcklerin tekrarlanmas\u0131n\u0131 \u00f6nlemek ve su\u00e7lulu\u011fun \u00f6n\u00fcne ge\u00e7mek amac\u0131yla yap\u0131ld\u0131\u011f\u0131n\u0131 savundu. Su\u00e7a kar\u0131\u015fan belediye g\u00f6revlileri varsa bundan haberi olmad\u0131\u011f\u0131n\u0131 ifade eden Kara, hakk\u0131ndaki su\u00e7 \u00f6rg\u00fct\u00fc kurma iddialar\u0131n\u0131 kesinlikle reddetti.<\/p>\n\n\n\n<p>Villa Al\u0131m\u0131 ve R\u00fc\u015fvet \u0130ddialar\u0131<\/p>\n\n\n\n<p>Kemer Mahallesi&#8217;ndeki villas\u0131n\u0131 4.500.000 TL&#8217;ye elden nakit \u00f6deyerek ald\u0131\u011f\u0131n\u0131 s\u00f6yleyen Kara, bu paran\u0131n se\u00e7im d\u00f6neminden kalan ve yan\u0131nda nakit olarak bulunan Euro&#8217;lar oldu\u011funu ifade etti. Villan\u0131n de\u011ferinin iddia edildi\u011fi gibi 650.000 Euro olmad\u0131\u011f\u0131n\u0131, evin eksikleri ve izolasyon sorunlar\u0131 nedeniyle de\u011ferinin makul oldu\u011funu belirtti.<\/p>\n\n\n\n<p>Kara, 650.000 Euro&#8217;nun 350.000 Euro&#8217;sunu Kadirhan B.&#8217;den almad\u0131\u011f\u0131n\u0131, ayr\u0131ca Kadirhan B.&#8217;nin bar ve restoran a\u00e7mas\u0131 i\u00e7in y\u00f6nlendirdi\u011fi ki\u015fi arac\u0131l\u0131\u011f\u0131yla 1.500.000 TL almad\u0131\u011f\u0131n\u0131 kaydetti. Kadirhan B.&#8217;nin ka\u00e7ak yap\u0131la\u015fma nedeniyle hakk\u0131ndaki C\u0130MER ba\u015fvurular\u0131n\u0131n H\u00fcseyin Cem G. arac\u0131l\u0131\u011f\u0131yla kapat\u0131ld\u0131\u011f\u0131 ve H\u00fcseyin Cem G.&#8217;ye 1.000.000 TL verildi\u011fi iddias\u0131n\u0131n da do\u011fru olmad\u0131\u011f\u0131n\u0131 belirten Kara, H\u00fcseyin Cem G.&#8217;nin b\u00f6yle bir yetkisinin olmad\u0131\u011f\u0131n\u0131, alm\u0131\u015f ise de haberinin olmad\u0131\u011f\u0131n\u0131 ve kendisinin kimseden para almad\u0131\u011f\u0131n\u0131 s\u00f6yledi.<\/p>\n\n\n\n<p>B\u00fc\u015fra Deveci \/ Haber<\/p>\n","protected":false},"excerpt":{"rendered":"<p>Manavgat&nbsp;Belediyesine y\u00f6nelik d\u00fczenlenen r\u00fc\u015fvet, irtikap ve zimmet operasyonunda tutuklanan ve \u0130\u00e7i\u015fleri Bakanl\u0131\u011f\u0131 taraf\u0131ndan g\u00f6revden uzakla\u015ft\u0131r\u0131lan&nbsp; Manavgat Belediye Ba\u015fkan\u0131 Niyazi Nefi Kara\u2019n\u0131n mahkeme ifadesi ortaya \u00e7\u0131kt\u0131. <a href=\"https:\/\/akdenizhaber.com.tr\/index.php\/2025\/07\/10\/manavgat-belediye-baskani-niyazi-nefi-karanin-savunmasinda-onceki-doneme-gonderme-de-var-usulsuzluklerin-tekrarlanmasini-onlemek-icin-ise-aldim\/\" class=\"read-more-link\">[more&#8230;]<\/a><\/p>\n","protected":false},"author":2,"featured_media":29433,"comment_status":"open","ping_status":"open","sticky":false,"template":"","format":"standard","meta":{"footnotes":""},"categories":[2],"tags":[],"class_list":["post-29431","post","type-post","status-publish","format-standard","has-post-thumbnail","hentry","category-gundem"],"_links":{"self":[{"href":"https:\/\/akdenizhaber.com.tr\/index.php\/wp-json\/wp\/v2\/posts\/29431","targetHints":{"allow":["GET"]}}],"collection":[{"href":"https:\/\/akdenizhaber.com.tr\/index.php\/wp-json\/wp\/v2\/posts"}],"about":[{"href":"https:\/\/akdenizhaber.com.tr\/index.php\/wp-json\/wp\/v2\/types\/post"}],"author":[{"embeddable":true,"href":"https:\/\/akdenizhaber.com.tr\/index.php\/wp-json\/wp\/v2\/users\/2"}],"replies":[{"embeddable":true,"href":"https:\/\/akdenizhaber.com.tr\/index.php\/wp-json\/wp\/v2\/comments?post=29431"}],"version-history":[{"count":1,"href":"https:\/\/akdenizhaber.com.tr\/index.php\/wp-json\/wp\/v2\/posts\/29431\/revisions"}],"predecessor-version":[{"id":29434,"href":"https:\/\/akdenizhaber.com.tr\/index.php\/wp-json\/wp\/v2\/posts\/29431\/revisions\/29434"}],"wp:featuredmedia":[{"embeddable":true,"href":"https:\/\/akdenizhaber.com.tr\/index.php\/wp-json\/wp\/v2\/media\/29433"}],"wp:attachment":[{"href":"https:\/\/akdenizhaber.com.tr\/index.php\/wp-json\/wp\/v2\/media?parent=29431"}],"wp:term":[{"taxonomy":"category","embeddable":true,"href":"https:\/\/akdenizhaber.com.tr\/index.php\/wp-json\/wp\/v2\/categories?post=29431"},{"taxonomy":"post_tag","embeddable":true,"href":"https:\/\/akdenizhaber.com.tr\/index.php\/wp-json\/wp\/v2\/tags?post=29431"}],"curies":[{"name":"wp","href":"https:\/\/api.w.org\/{rel}","templated":true}]}}