{"id":29428,"date":"2025-07-08T15:07:24","date_gmt":"2025-07-08T12:07:24","guid":{"rendered":"https:\/\/akdenizhaber.com.tr\/?p=29428"},"modified":"2025-07-08T15:07:25","modified_gmt":"2025-07-08T12:07:25","slug":"turkiyenin-ilk-ilce-basin-muzesi-acildi","status":"publish","type":"post","link":"https:\/\/akdenizhaber.com.tr\/index.php\/2025\/07\/08\/turkiyenin-ilk-ilce-basin-muzesi-acildi\/","title":{"rendered":"T\u00fcrkiye&#8217;nin ilk il\u00e7e Bas\u0131n M\u00fczesi a\u00e7\u0131ld\u0131"},"content":{"rendered":"\n<p>Sivas&#8217;\u0131n G\u00fcr\u00fcn il\u00e7esi Kaymakaml\u0131\u011f\u0131 yerel medyaya verdi\u011fi \u00f6nemi g\u00f6stermek amac\u0131yla G\u00fcr\u00fcn Bas\u0131n M\u00fczesi&#8217;ni hizmete sundu.<\/p>\n\n\n\n<p>G\u00fcr\u00fcn\u2019de Bas\u0131n Tarihine I\u015f\u0131k Tutan M\u00fcze: &#8220;Ercihan \u00c7akmak G\u00fcr\u00fcn Bas\u0131n M\u00fczesi&#8221; A\u00e7\u0131ld\u0131.922 il\u00e7e&#8217;nin bulundu\u011fu T\u00fcrkiye&#8217;de G\u00fcr\u00fcn Bas\u0131n M\u00fczesi , Anadolu Lisesi b\u00fcnyesinde 150 metrekarelik alanda hizmet veriyor.<\/p>\n\n\n\n<p>\u0130L\u00c7EN\u0130N EVLADI<\/p>\n\n\n\n<p>Sivas\u2019\u0131n G\u00fcr\u00fcn il\u00e7esi, tarihi ve k\u00fclt\u00fcrel miras\u0131na bir yenisini daha ekledi. T\u00fcrk bas\u0131n\u0131n\u0131n haf\u0131zas\u0131n\u0131 ya\u015fatacak \u00f6nemli bir ad\u0131m at\u0131larak T\u00fcrkiye Gazeteciler Federasyonu y\u00f6netim kurulu \u00fcyesi ,T\u00fcrk \u0130nternet Medya Birli\u011fi \u0130\u00e7 Anadolu B\u00f6lge Ba\u015fkan\u0131 , K\u0131r\u0131kkale Gazeteciler Cemiyeti ba\u015fkan\u0131 35 y\u0131ll\u0131k Gazeteci-Yazar Ercihan \u00c7akmak taraf\u0131ndan, do\u011fdu\u011fu topraklarda &#8220;Ercihan \u00c7akmak G\u00fcr\u00fcn Bas\u0131n M\u00fczesi&#8221; kuruldu. G\u00fcr\u00fcn Kaymakaml\u0131\u011f\u0131 G\u00fcr\u00fcn Anadolu Lisesi b\u00fcnyesinde kurulan m\u00fcze G\u00fcr\u00fcn&#8217;\u00fcn y\u00fczy\u0131ll\u0131k ge\u00e7mi\u015fine \u0131\u015f\u0131k tutuyor.\u0130l\u00e7ede g\u00f6rev yapt\u0131g\u0131 d\u00f6nemde G\u00fcr\u00fcn Kaymakam\u0131 Abdullah Sar\u0131 ,Mevcut Belediye Ba\u015fkan\u0131 Nami \u00c7ift\u00e7i ,\u0130l\u00e7e Milli Egitim M\u00fcd\u00fcr\u00fc Muharrem Demir il\u00e7enin tarihi ge\u00e7mi\u015finin g\u00fcn \u0131\u015f\u0131\u011f\u0131na \u00e7\u0131kar\u0131lmas\u0131 y\u00f6n\u00fcnde ki tan\u0131t\u0131m,kitap,m\u00fcze \u00e7al\u0131\u015fmalar\u0131na b\u00fcy\u00fck destek sa\u011fl\u0131yorlar.<\/p>\n\n\n\n<p>100 YILLIK AR\u015e\u0130VLER<\/p>\n\n\n\n<p>G\u00fcr\u00fcn Anadolu Lisesi b\u00fcnyesinde kurulan bu \u00f6zel m\u00fcze, il\u00e7ede daha \u00f6nce a\u00e7\u0131lm\u0131\u015f olan Milli E\u011fitim M\u00fczesi, \u015eehitler M\u00fczesi ve Kent Kitapl\u0131\u011f\u0131 M\u00fczesi gibi k\u00fclt\u00fcrel olu\u015fumlara d\u00f6rd\u00fcnc\u00fc halka olarak eklendi.<br>150 metrekare alan \u00fczerinde kurulan m\u00fczenin salon b\u00f6l\u00fcm\u00fc foto\u011fraflardan olu\u015fuyor. Di\u011fer kapal\u0131 b\u00f6l\u00fcmde ise G\u00fcr\u00fcn il\u00e7esinin son 100 y\u0131ll\u0131k Zengin bas\u0131n tarihinin ar\u015fivini g\u00f6zler \u00f6n\u00fcne seriyor. Bu y\u00f6n\u00fcyle G\u00fcr\u00fcn Anadolu Lisesi, adeta &#8220;M\u00fcze Okulu&#8221; kimli\u011fini peki\u015ftirmi\u015f oldu.<br>Gazetecilik mesle\u011fine y\u0131llar\u0131n\u0131 vermi\u015f olan G\u00fcr\u00fcnl\u00fc Ercihan \u00c7akmak, ki\u015fisel ar\u015fivini, tarihi gazeteler ,bas\u0131n kartlar\u0131n\u0131, yaz\u0131 makinelerini ,radyo, televizyon ,gazete, dergi ve sosyal medya ba\u015fta olmak \u00fczere say\u0131da de\u011ferli materyali bu m\u00fczede bir araya getirerek, ge\u00e7mi\u015ften bug\u00fcne T\u00fcrk bas\u0131n tarihine \u0131\u015f\u0131k tutmay\u0131 hedefledi. M\u00fczeye g\u00f6sterilen ilgi, b\u00f6lgenin k\u00fclt\u00fcrel zenginli\u011fini bir kez daha g\u00f6zler \u00f6n\u00fcne serdi.<\/p>\n\n\n\n<p>M\u00dcZELER OKULU<\/p>\n\n\n\n<p>Projenin hayata ge\u00e7mesinde G\u00fcr\u00fcn Milli E\u011fitim M\u00fcd\u00fcr\u00fc Muharrem Demir ve M\u00fczeyi b\u00fcnyesinde bulunduran G\u00fcr\u00fcn Anadolu Lisesi&#8217;nin M\u00fcd\u00fcr\u00fc Orhan Memi\u015f \u00f6zel gayret g\u00f6sterdiler.<\/p>\n\n\n\n<p>G\u00fcr\u00fcn\u2019e K\u00fclt\u00fcrel Bir Miras Daha<br>G\u00fcr\u00fcn Kaymakaml\u0131\u011f\u0131\u2019n\u0131n deste\u011fiyle hayata ge\u00e7irilen Ercihan \u00c7akmak G\u00fcr\u00fcn Bas\u0131n M\u00fczesi, yaln\u0131zca bas\u0131n tarihine de\u011fil, ayn\u0131 zamanda yerel kimli\u011fe ve e\u011fitime de katk\u0131 sa\u011flayacak. M\u00fczeyi ziyaret edecek \u00f6\u011frenciler, bas\u0131n tarihiyle birebir temas kurarak hem tarihi belgeleri inceleme f\u0131rsat\u0131 bulacak hem de ileti\u015fim alan\u0131na dair ilham alacak.<\/p>\n\n\n\n<p>\u0130L\u00c7EN\u0130N HAFIZASI<\/p>\n\n\n\n<p>G\u00fcr\u00fcn, bu yeni m\u00fcze ile yaln\u0131zca bir Anadolu kasabas\u0131 olman\u0131n \u00f6tesinde, k\u00fclt\u00fcrel haf\u0131zas\u0131n\u0131 koruyan ve gelecek ku\u015faklara aktaran bir e\u011fitim ve k\u00fclt\u00fcr merkezi kimli\u011fini daha da sa\u011flamla\u015ft\u0131r\u0131yor. M\u00fczenin haz\u0131rlanmas\u0131nda ve kurulum a\u015famas\u0131nda kamu kayna\u011f\u0131 kullan\u0131lmamas\u0131 dikkat \u00e7ekiyor.<\/p>\n\n\n\n<p>ZENG\u0130N \u0130\u00c7ER\u0130K<\/p>\n\n\n\n<p>G\u00fcr\u00fcn Bas\u0131n M\u00fczesi b\u00fcnyesinde eski foto\u011fraflar b\u00f6l\u00fcm\u00fc, G\u00fcr\u00fcnl\u00fc Gazeteciler ve medya hizmetinde bulunanlar ,G\u00fcr\u00fcn&#8217;\u00fcn do\u011fal g\u00fczelliklerini anlatan foto\u011fraf galerisi, hat\u0131ra foto\u011fraf\u0131n \u00e7ekildi\u011fi b\u00f6l\u00fcm yer al\u0131yor. M\u00fczenin 2. b\u00f6l\u00fcm\u00fcnde ise foto\u011fraf makineleri , foto\u011fraf\u00e7\u0131lar \u0130l\u00e7ede kullan\u0131lan eski radyolar televizyonlar, daktilolar ,G\u00fcr\u00fcn Bas\u0131n\u0131 hakk\u0131nda bilgiler, ,yay\u0131nlanan eski gazeteler, dergiler yer al\u0131rken m\u00fczenin bir b\u00f6l\u00fcm\u00fcnde Atat\u00fcrk kitaplar\u0131 ,Sivas&#8217;la ilgili kitaplar ve \u00fcr\u00fcnler ilgili kitaplar b\u00f6l\u00fcm\u00fc hizmet veriyor. M\u00fczede ayr\u0131ca son y\u00fczy\u0131ll\u0131k \u00f6nemli tarihi geli\u015fmeleri yans\u0131tan belgelere de yer veriliyor. M\u00fczede 3 adet tarihi orjinal G\u00fcr\u00fcn \u015eal\u0131&#8217;n\u0131da g\u00f6rebilirsiniz.<\/p>\n\n\n\n<p>TUR\u0130ZM B\u00d6LGES\u0130<\/p>\n\n\n\n<p>Gazeteci Ercihan \u00c7akmak taraf\u0131ndan daha \u00f6nce de 3 ciltlik G\u00fcr\u00fcn Belediyesi&#8217;nin katk\u0131lar\u0131 ile G\u00fcr\u00fcn Bas\u0131n Tarihi kitab\u0131 ve G\u00fcr\u00fcn \u015eallar\u0131 haz\u0131rlanarak yay\u0131nlanm\u0131\u015ft\u0131. \u00c7akmak \u015fu s\u0131ralar G\u00fcr\u00fcn turizmine y\u00f6nelik kitap haz\u0131rl\u0131\u011f\u0131nda bulunuyor. G\u00fcr\u00fcn Bas\u0131n M\u00fczesinin resmi a\u00e7\u0131l\u0131\u015f\u0131 ilerleyen g\u00fcnlerde ger\u00e7ekle\u015fecek.<\/p>\n\n\n\n<p>Haber Merkezi<\/p>\n","protected":false},"excerpt":{"rendered":"<p>Sivas&#8217;\u0131n G\u00fcr\u00fcn il\u00e7esi Kaymakaml\u0131\u011f\u0131 yerel medyaya verdi\u011fi \u00f6nemi g\u00f6stermek amac\u0131yla G\u00fcr\u00fcn Bas\u0131n M\u00fczesi&#8217;ni hizmete sundu. G\u00fcr\u00fcn\u2019de Bas\u0131n Tarihine I\u015f\u0131k Tutan M\u00fcze: &#8220;Ercihan \u00c7akmak G\u00fcr\u00fcn Bas\u0131n <a href=\"https:\/\/akdenizhaber.com.tr\/index.php\/2025\/07\/08\/turkiyenin-ilk-ilce-basin-muzesi-acildi\/\" class=\"read-more-link\">[more&#8230;]<\/a><\/p>\n","protected":false},"author":2,"featured_media":29429,"comment_status":"open","ping_status":"open","sticky":false,"template":"","format":"standard","meta":{"footnotes":""},"categories":[2],"tags":[],"class_list":["post-29428","post","type-post","status-publish","format-standard","has-post-thumbnail","hentry","category-gundem"],"_links":{"self":[{"href":"https:\/\/akdenizhaber.com.tr\/index.php\/wp-json\/wp\/v2\/posts\/29428","targetHints":{"allow":["GET"]}}],"collection":[{"href":"https:\/\/akdenizhaber.com.tr\/index.php\/wp-json\/wp\/v2\/posts"}],"about":[{"href":"https:\/\/akdenizhaber.com.tr\/index.php\/wp-json\/wp\/v2\/types\/post"}],"author":[{"embeddable":true,"href":"https:\/\/akdenizhaber.com.tr\/index.php\/wp-json\/wp\/v2\/users\/2"}],"replies":[{"embeddable":true,"href":"https:\/\/akdenizhaber.com.tr\/index.php\/wp-json\/wp\/v2\/comments?post=29428"}],"version-history":[{"count":1,"href":"https:\/\/akdenizhaber.com.tr\/index.php\/wp-json\/wp\/v2\/posts\/29428\/revisions"}],"predecessor-version":[{"id":29430,"href":"https:\/\/akdenizhaber.com.tr\/index.php\/wp-json\/wp\/v2\/posts\/29428\/revisions\/29430"}],"wp:featuredmedia":[{"embeddable":true,"href":"https:\/\/akdenizhaber.com.tr\/index.php\/wp-json\/wp\/v2\/media\/29429"}],"wp:attachment":[{"href":"https:\/\/akdenizhaber.com.tr\/index.php\/wp-json\/wp\/v2\/media?parent=29428"}],"wp:term":[{"taxonomy":"category","embeddable":true,"href":"https:\/\/akdenizhaber.com.tr\/index.php\/wp-json\/wp\/v2\/categories?post=29428"},{"taxonomy":"post_tag","embeddable":true,"href":"https:\/\/akdenizhaber.com.tr\/index.php\/wp-json\/wp\/v2\/tags?post=29428"}],"curies":[{"name":"wp","href":"https:\/\/api.w.org\/{rel}","templated":true}]}}