{"id":29371,"date":"2025-07-03T16:04:13","date_gmt":"2025-07-03T13:04:13","guid":{"rendered":"https:\/\/akdenizhaber.com.tr\/?p=29371"},"modified":"2025-07-03T16:04:14","modified_gmt":"2025-07-03T13:04:14","slug":"dolbazlar-ve-ilicadaki-orman-yanginlari-kontrol-altina-alindi","status":"publish","type":"post","link":"https:\/\/akdenizhaber.com.tr\/index.php\/2025\/07\/03\/dolbazlar-ve-ilicadaki-orman-yanginlari-kontrol-altina-alindi\/","title":{"rendered":"Dolbazlar ve Il\u0131ca\u2019daki Orman Yang\u0131nlar\u0131 Kontrol Alt\u0131na Al\u0131nd\u0131"},"content":{"rendered":"\n<p>Manavgat\u2019\u0131n Dolbazlar ve Il\u0131ca mahallelerindeki ormanl\u0131k alanlarda \u00e7\u0131kan yang\u0131nlar, ilgili kurumlar\u0131n koordineli m\u00fcdahalesiyle kontrol alt\u0131na al\u0131narak s\u00f6nd\u00fcr\u00fcld\u00fc. Yang\u0131nlara, Antalya B\u00fcy\u00fck\u015fehir Belediyesi \u0130tfaiyesi Manavgat Birimi, Manavgat Belediyesi Afet \u0130\u015fleri M\u00fcd\u00fcrl\u00fc\u011f\u00fc, Park ve Bah\u00e7eler M\u00fcd\u00fcrl\u00fc\u011f\u00fc, Fen \u0130\u015fleri M\u00fcd\u00fcrl\u00fc\u011f\u00fc, Temizlik \u0130\u015fleri M\u00fcd\u00fcrl\u00fc\u011f\u00fc, Zab\u0131ta M\u00fcd\u00fcrl\u00fc\u011f\u00fc ile Orman \u0130\u015fletme M\u00fcd\u00fcrl\u00fc\u011f\u00fc ve Jandarma ekipleri k\u0131sa s\u00fcrede m\u00fcdahale etti.<\/p>\n\n\n\n<p>Yang\u0131n\u0131n etkili oldu\u011fu alanlarda hem havadan hem karadan ger\u00e7ekle\u015ftirilen yo\u011fun \u00e7al\u0131\u015fmalar sonucunda alevlerin daha geni\u015f bir alana yay\u0131lmas\u0131 \u00f6nlendi. Ekiplerin h\u0131zl\u0131 ve koordineli m\u00fcdahalesi sayesinde yang\u0131nlar k\u0131sa s\u00fcrede kontrol alt\u0131na al\u0131narak so\u011futma \u00e7al\u0131\u015fmalar\u0131na ge\u00e7ildi.<\/p>\n\n\n\n<p>Manavgat Belediye Ba\u015fkan\u0131 Op. Dr. Niyazi Nefi Kara, yang\u0131nlarla ilgili yapt\u0131\u011f\u0131 a\u00e7\u0131klamada \u015funlar\u0131 kaydetti:<\/p>\n\n\n\n<p>\u201cYang\u0131nlardan etkilenen t\u00fcm vatanda\u015flar\u0131m\u0131za ge\u00e7mi\u015f olsun dileklerimi iletiyor, yang\u0131nla m\u00fccadele eden t\u00fcm ekiplerimize te\u015fekk\u00fcr ediyorum. Y\u00fcksek s\u0131cakl\u0131klar\u0131n ve r\u00fczgar\u0131n etkisiyle yang\u0131n riskinin artt\u0131\u011f\u0131 bu g\u00fcnlerde t\u00fcm vatanda\u015flar\u0131m\u0131zdan ricam\u0131z; yang\u0131na sebebiyet verebilecek en k\u00fc\u00e7\u00fck ihmallerden dahi ka\u00e7\u0131nmalar\u0131, ormanl\u0131k alanlarda daha dikkatli ve duyarl\u0131 olmalar\u0131d\u0131r. Bir k\u0131v\u0131lc\u0131m\u0131n felakete d\u00f6n\u00fc\u015fmesini engellemek elimizde. Ormanlar\u0131m\u0131z\u0131 birlikte koruyal\u0131m, birlikte ya\u015fatal\u0131m.\u201d<\/p>\n\n\n\n<p>Manavgat Belediyesi \/ B\u00fclten<\/p>\n","protected":false},"excerpt":{"rendered":"<p>Manavgat\u2019\u0131n Dolbazlar ve Il\u0131ca mahallelerindeki ormanl\u0131k alanlarda \u00e7\u0131kan yang\u0131nlar, ilgili kurumlar\u0131n koordineli m\u00fcdahalesiyle kontrol alt\u0131na al\u0131narak s\u00f6nd\u00fcr\u00fcld\u00fc. Yang\u0131nlara, Antalya B\u00fcy\u00fck\u015fehir Belediyesi \u0130tfaiyesi Manavgat Birimi, Manavgat <a href=\"https:\/\/akdenizhaber.com.tr\/index.php\/2025\/07\/03\/dolbazlar-ve-ilicadaki-orman-yanginlari-kontrol-altina-alindi\/\" class=\"read-more-link\">[more&#8230;]<\/a><\/p>\n","protected":false},"author":2,"featured_media":29372,"comment_status":"open","ping_status":"open","sticky":false,"template":"","format":"standard","meta":{"footnotes":""},"categories":[2],"tags":[],"class_list":["post-29371","post","type-post","status-publish","format-standard","has-post-thumbnail","hentry","category-gundem"],"_links":{"self":[{"href":"https:\/\/akdenizhaber.com.tr\/index.php\/wp-json\/wp\/v2\/posts\/29371","targetHints":{"allow":["GET"]}}],"collection":[{"href":"https:\/\/akdenizhaber.com.tr\/index.php\/wp-json\/wp\/v2\/posts"}],"about":[{"href":"https:\/\/akdenizhaber.com.tr\/index.php\/wp-json\/wp\/v2\/types\/post"}],"author":[{"embeddable":true,"href":"https:\/\/akdenizhaber.com.tr\/index.php\/wp-json\/wp\/v2\/users\/2"}],"replies":[{"embeddable":true,"href":"https:\/\/akdenizhaber.com.tr\/index.php\/wp-json\/wp\/v2\/comments?post=29371"}],"version-history":[{"count":1,"href":"https:\/\/akdenizhaber.com.tr\/index.php\/wp-json\/wp\/v2\/posts\/29371\/revisions"}],"predecessor-version":[{"id":29373,"href":"https:\/\/akdenizhaber.com.tr\/index.php\/wp-json\/wp\/v2\/posts\/29371\/revisions\/29373"}],"wp:featuredmedia":[{"embeddable":true,"href":"https:\/\/akdenizhaber.com.tr\/index.php\/wp-json\/wp\/v2\/media\/29372"}],"wp:attachment":[{"href":"https:\/\/akdenizhaber.com.tr\/index.php\/wp-json\/wp\/v2\/media?parent=29371"}],"wp:term":[{"taxonomy":"category","embeddable":true,"href":"https:\/\/akdenizhaber.com.tr\/index.php\/wp-json\/wp\/v2\/categories?post=29371"},{"taxonomy":"post_tag","embeddable":true,"href":"https:\/\/akdenizhaber.com.tr\/index.php\/wp-json\/wp\/v2\/tags?post=29371"}],"curies":[{"name":"wp","href":"https:\/\/api.w.org\/{rel}","templated":true}]}}