{"id":29366,"date":"2025-07-03T16:02:51","date_gmt":"2025-07-03T13:02:51","guid":{"rendered":"https:\/\/akdenizhaber.com.tr\/?p=29366"},"modified":"2025-07-03T16:03:22","modified_gmt":"2025-07-03T13:03:22","slug":"manavgat-belediyesi-kent-tiyatrosu-perdelerini-acti","status":"publish","type":"post","link":"https:\/\/akdenizhaber.com.tr\/index.php\/2025\/07\/03\/manavgat-belediyesi-kent-tiyatrosu-perdelerini-acti\/","title":{"rendered":"Manavgat Belediyesi Kent Tiyatrosu Perdelerini A\u00e7t\u0131"},"content":{"rendered":"\n<p>Kurumsal kimli\u011fine kavu\u015fan Manavgat Belediyesi Kent Tiyatrosu (MAKET), ilk oyunuyla tiyatroseverlerin kar\u015f\u0131s\u0131na \u00e7\u0131kt\u0131. 3 Haziran 2025 tarihinde al\u0131nan belediye meclis karar\u0131yla resmiyet kazanan Manavgat Belediyesi Kent Tiyatrosu, Atat\u00fcrk K\u00fclt\u00fcr Merkezi\u2019nde sahnelenen \u201cBir Haz\u0131rl\u0131k Manifestosu\u201d adl\u0131 oyunun pr\u00f6miyeri ile perdelerini a\u00e7t\u0131.<\/p>\n\n\n\n<p>Pr\u00f6miyere, belediye ba\u015fkan yard\u0131mc\u0131lar\u0131, belediye meclis \u00fcyeleri, sivil toplum kurulu\u015fu temsilcileri, oda ba\u015fkanlar\u0131, muhtarlar ve \u00e7ok say\u0131da vatanda\u015f kat\u0131ld\u0131.<\/p>\n\n\n\n<p>Genel Sanat Y\u00f6netmenli\u011fini Kosta Kortidis\u2019in \u00fcstlendi\u011fi MAKET\u2019in ilk oyunu, yine Kortidis\u2019in yaz\u0131p y\u00f6netti\u011fi tek perdelik abs\u00fcrt komedi t\u00fcr\u00fcndeki \u201cBir Haz\u0131rl\u0131k Manifestosu\u201d oldu. Cumhuriyetin kazan\u0131mlar\u0131n\u0131, gen\u00e7li\u011fin sorgulay\u0131c\u0131 bak\u0131\u015f\u0131n\u0131 ve tiyatronun d\u00f6n\u00fc\u015ft\u00fcr\u00fcc\u00fc g\u00fcc\u00fcn\u00fc sahneye ta\u015f\u0131yan bu \u00f6zel oyun, izleyicilerden tam not ald\u0131. Seyircilerin dakikalarca ayakta alk\u0131\u015flad\u0131\u011f\u0131 pr\u00f6miyerde, sanat\u0131n toplumsal de\u011fi\u015fimdeki rol\u00fc bir kez daha vurguland\u0131.<\/p>\n\n\n\n<p>Oyunun ard\u0131ndan a\u00e7\u0131klamalarda bulunan MAKET Genel Sanat Y\u00f6netmeni Kosta Kortidis, tiyatronun Manavgat\u2019ta kurumsal bir yap\u0131ya kavu\u015fmas\u0131n\u0131n \u00f6nemine dikkat \u00e7ekerek \u015funlar\u0131 s\u00f6yledi:<\/p>\n\n\n\n<p>\u201cManavgat, farkl\u0131 yelpazedeki oyunlarla T\u00fcrk tiyatrosunun yerelden ulusala uzanan geni\u015f sahnesinde yerini almaya devam edecek. Her t\u00fcrl\u00fc sanatsal ve k\u00fclt\u00fcrel altyap\u0131s\u0131yla ko\u015far ad\u0131m ilerleyen bir \u015fehirde, tiyatro da art\u0131k kal\u0131c\u0131 bir yap\u0131 kazanm\u0131\u015f durumda. Bu s\u00fcre\u00e7te bizlere her t\u00fcrl\u00fc deste\u011fi veren Say\u0131n Belediye Ba\u015fkan\u0131m\u0131z Op. Dr. Niyazi Nefi Kara\u2019ya te\u015fekk\u00fcr ediyorum.\u201d<\/p>\n\n\n\n<p>Kortidis ayr\u0131ca, Manavgat Kent Tiyatrosu\u2019nun Eyl\u00fcl ay\u0131ndan itibaren d\u00fczenli olarak sahne almaya ba\u015flayaca\u011f\u0131n\u0131 belirterek, \u201cHer hafta farkl\u0131 bir oyunla seyircilerimizle bulu\u015faca\u011f\u0131z. G\u00f6n\u00fcll\u00fc kadromuzu muhafaza ederek profesyonel bir ekiple d\u00f6rt d\u00f6rtl\u00fck bir tiyatro ser\u00fcvenini sizlere sunmak istiyoruz.\u201d dedi.<\/p>\n\n\n\n<p>Manavgat Belediyesi \/ B\u00fclten<\/p>\n","protected":false},"excerpt":{"rendered":"<p>Kurumsal kimli\u011fine kavu\u015fan Manavgat Belediyesi Kent Tiyatrosu (MAKET), ilk oyunuyla tiyatroseverlerin kar\u015f\u0131s\u0131na \u00e7\u0131kt\u0131. 3 Haziran 2025 tarihinde al\u0131nan belediye meclis karar\u0131yla resmiyet kazanan Manavgat Belediyesi <a href=\"https:\/\/akdenizhaber.com.tr\/index.php\/2025\/07\/03\/manavgat-belediyesi-kent-tiyatrosu-perdelerini-acti\/\" class=\"read-more-link\">[more&#8230;]<\/a><\/p>\n","protected":false},"author":2,"featured_media":29369,"comment_status":"open","ping_status":"open","sticky":false,"template":"","format":"standard","meta":{"footnotes":""},"categories":[2],"tags":[],"class_list":["post-29366","post","type-post","status-publish","format-standard","has-post-thumbnail","hentry","category-gundem"],"_links":{"self":[{"href":"https:\/\/akdenizhaber.com.tr\/index.php\/wp-json\/wp\/v2\/posts\/29366","targetHints":{"allow":["GET"]}}],"collection":[{"href":"https:\/\/akdenizhaber.com.tr\/index.php\/wp-json\/wp\/v2\/posts"}],"about":[{"href":"https:\/\/akdenizhaber.com.tr\/index.php\/wp-json\/wp\/v2\/types\/post"}],"author":[{"embeddable":true,"href":"https:\/\/akdenizhaber.com.tr\/index.php\/wp-json\/wp\/v2\/users\/2"}],"replies":[{"embeddable":true,"href":"https:\/\/akdenizhaber.com.tr\/index.php\/wp-json\/wp\/v2\/comments?post=29366"}],"version-history":[{"count":1,"href":"https:\/\/akdenizhaber.com.tr\/index.php\/wp-json\/wp\/v2\/posts\/29366\/revisions"}],"predecessor-version":[{"id":29370,"href":"https:\/\/akdenizhaber.com.tr\/index.php\/wp-json\/wp\/v2\/posts\/29366\/revisions\/29370"}],"wp:featuredmedia":[{"embeddable":true,"href":"https:\/\/akdenizhaber.com.tr\/index.php\/wp-json\/wp\/v2\/media\/29369"}],"wp:attachment":[{"href":"https:\/\/akdenizhaber.com.tr\/index.php\/wp-json\/wp\/v2\/media?parent=29366"}],"wp:term":[{"taxonomy":"category","embeddable":true,"href":"https:\/\/akdenizhaber.com.tr\/index.php\/wp-json\/wp\/v2\/categories?post=29366"},{"taxonomy":"post_tag","embeddable":true,"href":"https:\/\/akdenizhaber.com.tr\/index.php\/wp-json\/wp\/v2\/tags?post=29366"}],"curies":[{"name":"wp","href":"https:\/\/api.w.org\/{rel}","templated":true}]}}