{"id":29365,"date":"2025-07-03T16:01:48","date_gmt":"2025-07-03T13:01:48","guid":{"rendered":"https:\/\/akdenizhaber.com.tr\/?p=29365"},"modified":"2025-07-03T16:01:48","modified_gmt":"2025-07-03T13:01:48","slug":"buyuksehir-vektorel-mucadele-calismalarini-mesire-alanlarinda-da-surduruyor","status":"publish","type":"post","link":"https:\/\/akdenizhaber.com.tr\/index.php\/2025\/07\/03\/buyuksehir-vektorel-mucadele-calismalarini-mesire-alanlarinda-da-surduruyor\/","title":{"rendered":"B\u00fcy\u00fck\u015fehir vekt\u00f6rel m\u00fccadele \u00e7al\u0131\u015fmalar\u0131n\u0131 mesire alanlar\u0131nda da s\u00fcrd\u00fcr\u00fcyor"},"content":{"rendered":"\n<p><br>Antalya B\u00fcy\u00fck\u015fehir Belediyesi, yaz aylar\u0131n\u0131n gelmesiyle birlikte halk\u0131n yo\u011fun olarak kulland\u0131\u011f\u0131 park, piknik ve mesire alanlar\u0131 ile sahil kenarlar\u0131nda ha\u015ferelere kar\u015f\u0131 ila\u00e7lama \u00e7al\u0131\u015fmalar\u0131n\u0131 aral\u0131ks\u0131z s\u00fcrd\u00fcr\u00fcyor.<br><br><\/p>\n\n\n\n<p>Antalya B\u00fcy\u00fck\u015fehir Belediyesi, sivrisinek ve ha\u015ferelere kar\u015f\u0131 kapsaml\u0131 bir \u015fekilde<\/p>\n\n\n\n<p>ba\u015flatt\u0131\u011f\u0131 ila\u00e7lama \u00e7al\u0131\u015fmalar\u0131na t\u00fcm h\u0131z\u0131yla devam ediyor. Vatanda\u015flar\u0131n konforlu ve daha rahat bir yaz ge\u00e7irmeleri i\u00e7in ila\u00e7lama \u00e7al\u0131\u015fmalar\u0131n\u0131 ger\u00e7ekle\u015ftiren B\u00fcy\u00fck\u015fehir Belediyesi ekipleri, park ve mesire alanlar\u0131nda ila\u00e7lama yaparak ha\u015ferelerin \u00fcremesine f\u0131rsat vermiyor.<\/p>\n\n\n\n<p>BELED\u0130YE EK\u0130PLER\u0130 7\/24 G\u00d6REV BA\u015eINDA<br>Antalya B\u00fcy\u00fck\u015fehir Belediyesi\u2019ne \u00e7evre ila\u00e7lamas\u0131 konusunda dan\u0131\u015fmanl\u0131k yapan Akdeniz \u00dcniversitesi Fen Fak\u00fcltesi Biyoloji B\u00f6l\u00fcm\u00fc \u00d6\u011fretim \u00dcyesi Prof. Dr. H\u00fcseyin \u00c7etin, ila\u00e7lama \u00e7al\u0131\u015fmalar\u0131n\u0131n b\u00fcy\u00fck bir \u00f6zveriyle s\u00fcrd\u00fc\u011f\u00fcn\u00fc s\u00f6yledi.<br>Antalya B\u00fcy\u00fck\u015fehir Belediyesi\u2019nin 19 il\u00e7ede 1700 personelle sivrisinek, karasinek, kene, pire, fare ve hamamb\u00f6ce\u011fi gibi ha\u015ferelere kar\u015f\u0131 aral\u0131ks\u0131z m\u00fccadele etti\u011fini vurgulayan Prof. Dr. \u00c7etin, \u201cEkipler, Beach Park, mesire alanlar\u0131 ve sahil kesimlerinde sabah saatlerinde ila\u00e7lama yap\u0131yor. \u0130nsanlar rahats\u0131z olmas\u0131n diye erken saatlerde ila\u00e7lama \u00e7al\u0131\u015fmas\u0131 ger\u00e7ekle\u015ftiriliyor. Ancak vatanda\u015flar bu \u00e7al\u0131\u015fmalar\u0131 g\u00f6rmedikleri i\u00e7in ila\u00e7lama yap\u0131lmad\u0131\u011f\u0131n\u0131 d\u00fc\u015f\u00fcn\u00fcyor. Bu da yanl\u0131\u015f bir alg\u0131ya sebep oluyor\u201d dedi.<\/p>\n\n\n\n<p>KENE VAKALARINI DE\u011eERLEND\u0130RD\u0130<br>Prof. Dr. \u00c7etin, \u201cSon g\u00fcnlerde K\u0131r\u0131m Kongo hastal\u0131\u011f\u0131yla ilgili bir art\u0131\u015f varm\u0131\u015f gibi bir alg\u0131 yarat\u0131l\u0131yor. Ancak bu hastal\u0131\u011f\u0131 ta\u015f\u0131yan kene t\u00fcrleri \u015fehir merkezinde de\u011fil, y\u00fcksek rak\u0131ml\u0131 mera alanlar\u0131nda g\u00f6r\u00fcl\u00fcr. Antalya merkezinde ya da sahil kesimlerinde bu kenelerin bulunma olas\u0131l\u0131\u011f\u0131 \u00e7ok d\u00fc\u015f\u00fckt\u00fcr. Sahil kesiminde kar\u015f\u0131la\u015f\u0131lan keneler genellikle k\u00f6pek kenesi ya da kaplumba\u011fa kenesidir. Bu t\u00fcrlerin insanlara bula\u015fma riski \u00e7ok d\u00fc\u015f\u00fckt\u00fcr. Ge\u00e7ti\u011fimiz g\u00fcnlerde Sar\u0131su\u2019da bir kene g\u00f6r\u00fcld\u00fc. Yap\u0131lan incelemede bu kenenin kaplumba\u011fa kenesi oldu\u011fu tespit edildi. \u0130nsanlardan kan emme ihtimali son derece d\u00fc\u015f\u00fckt\u00fcr\u201d diye konu\u015ftu.<\/p>\n\n\n\n<p>HALK ARASINDA DO\u011eRU B\u0130L\u0130NEN YANLI\u015eLAR<br>Kene \u0131s\u0131rmalar\u0131yla ilgili halk aras\u0131nda do\u011fru bilinen yanl\u0131\u015flara da de\u011finen \u00c7etin, \u201cNas\u0131l ki her sivrisinek \u0131s\u0131rmas\u0131ndan hastal\u0131k bula\u015fm\u0131yorsa, her kene \u0131s\u0131rmas\u0131 da hastal\u0131\u011fa sebep olmaz. E\u011fer bir kene v\u00fccudunuza tutunduysa ve birka\u00e7 dakika i\u00e7inde bir sa\u011fl\u0131k kurulu\u015funa ula\u015fabiliyorsan\u0131z, mutlaka bir sa\u011fl\u0131k g\u00f6revlisine ba\u015fvurun. \u00dczerine kimyasal d\u00f6kmek, yakmak ya da patlatmak gibi y\u00f6ntemler son derece yanl\u0131\u015ft\u0131r\u201d dedi.<\/p>\n\n\n\n<p>\u201cUZMAN OLMAYANLARIN A\u00c7IKLAMALARI YANILTIYOR\u201d<br>Biyoloji B\u00f6l\u00fcm\u00fc \u00d6\u011fretim \u00dcyesi Prof. Dr. \u00c7etin, kamuoyunda yer alan baz\u0131 a\u00e7\u0131klamalar\u0131n halk\u0131 gereksiz yere pani\u011fe sevk etti\u011fine dikkat \u00e7ekerek \u015f\u00f6yle konu\u015ftu: \u201cBiz, gerek Antalya halk\u0131n\u0131n gerekse yerli ve yabanc\u0131 turistlerin sa\u011fl\u0131\u011f\u0131ndan sorumlu ki\u015fileriz. B\u00fcy\u00fck\u015fehir Belediyesi ve Sa\u011fl\u0131k M\u00fcd\u00fcrl\u00fc\u011f\u00fc ekipleri, insan sa\u011fl\u0131\u011f\u0131n\u0131 korumaya y\u00f6nelik \u00e7al\u0131\u015fmalar\u0131 titizlikle y\u00fcr\u00fct\u00fcyor. T\u00fcrkiye n\u00fcfusunun \u00fc\u00e7te biri kadar ziyaret\u00e7inin Antalya\u2019ya geldi\u011fi g\u00f6z \u00f6n\u00fcnde bulundurulursa, olumsuz bir durum ya\u015fanmamas\u0131 i\u00e7in b\u00fcy\u00fck \u00f6zen g\u00f6steriliyor. Kullan\u0131lan t\u00fcm ila\u00e7lar da Sa\u011fl\u0131k Bakanl\u0131\u011f\u0131 onayl\u0131d\u0131r.\u201d<\/p>\n\n\n\n<p>Antalya B\u00fcy\u00fck\u015fehir Belediyesi \/ B\u00fclten<\/p>\n","protected":false},"excerpt":{"rendered":"<p>Antalya B\u00fcy\u00fck\u015fehir Belediyesi, yaz aylar\u0131n\u0131n gelmesiyle birlikte halk\u0131n yo\u011fun olarak kulland\u0131\u011f\u0131 park, piknik ve mesire alanlar\u0131 ile sahil kenarlar\u0131nda ha\u015ferelere kar\u015f\u0131 ila\u00e7lama \u00e7al\u0131\u015fmalar\u0131n\u0131 aral\u0131ks\u0131z s\u00fcrd\u00fcr\u00fcyor. <a href=\"https:\/\/akdenizhaber.com.tr\/index.php\/2025\/07\/03\/buyuksehir-vektorel-mucadele-calismalarini-mesire-alanlarinda-da-surduruyor\/\" class=\"read-more-link\">[more&#8230;]<\/a><\/p>\n","protected":false},"author":2,"featured_media":29367,"comment_status":"open","ping_status":"open","sticky":false,"template":"","format":"standard","meta":{"footnotes":""},"categories":[2],"tags":[],"class_list":["post-29365","post","type-post","status-publish","format-standard","has-post-thumbnail","hentry","category-gundem"],"_links":{"self":[{"href":"https:\/\/akdenizhaber.com.tr\/index.php\/wp-json\/wp\/v2\/posts\/29365","targetHints":{"allow":["GET"]}}],"collection":[{"href":"https:\/\/akdenizhaber.com.tr\/index.php\/wp-json\/wp\/v2\/posts"}],"about":[{"href":"https:\/\/akdenizhaber.com.tr\/index.php\/wp-json\/wp\/v2\/types\/post"}],"author":[{"embeddable":true,"href":"https:\/\/akdenizhaber.com.tr\/index.php\/wp-json\/wp\/v2\/users\/2"}],"replies":[{"embeddable":true,"href":"https:\/\/akdenizhaber.com.tr\/index.php\/wp-json\/wp\/v2\/comments?post=29365"}],"version-history":[{"count":1,"href":"https:\/\/akdenizhaber.com.tr\/index.php\/wp-json\/wp\/v2\/posts\/29365\/revisions"}],"predecessor-version":[{"id":29368,"href":"https:\/\/akdenizhaber.com.tr\/index.php\/wp-json\/wp\/v2\/posts\/29365\/revisions\/29368"}],"wp:featuredmedia":[{"embeddable":true,"href":"https:\/\/akdenizhaber.com.tr\/index.php\/wp-json\/wp\/v2\/media\/29367"}],"wp:attachment":[{"href":"https:\/\/akdenizhaber.com.tr\/index.php\/wp-json\/wp\/v2\/media?parent=29365"}],"wp:term":[{"taxonomy":"category","embeddable":true,"href":"https:\/\/akdenizhaber.com.tr\/index.php\/wp-json\/wp\/v2\/categories?post=29365"},{"taxonomy":"post_tag","embeddable":true,"href":"https:\/\/akdenizhaber.com.tr\/index.php\/wp-json\/wp\/v2\/tags?post=29365"}],"curies":[{"name":"wp","href":"https:\/\/api.w.org\/{rel}","templated":true}]}}