{"id":29362,"date":"2025-07-01T11:34:52","date_gmt":"2025-07-01T08:34:52","guid":{"rendered":"https:\/\/akdenizhaber.com.tr\/?p=29362"},"modified":"2025-07-01T11:34:52","modified_gmt":"2025-07-01T08:34:52","slug":"manavgatta-koruyucu-aile-gunu-kutlandi","status":"publish","type":"post","link":"https:\/\/akdenizhaber.com.tr\/index.php\/2025\/07\/01\/manavgatta-koruyucu-aile-gunu-kutlandi\/","title":{"rendered":"Manavgat\u2019ta Koruyucu Aile G\u00fcn\u00fc Kutland\u0131"},"content":{"rendered":"\n<p>30 Haziran Koruyucu Aile G\u00fcn\u00fc dolay\u0131s\u0131yla Manavgat Sosyal Hizmet Merkezi M\u00fcd\u00fcrl\u00fc\u011f\u00fc, il\u00e7ede ya\u015fayan koruyucu aileler ve \u00e7ocuklarla anlaml\u0131 bir bulu\u015fma ger\u00e7ekle\u015ftirdi.<\/p>\n\n\n\n<p>Manavgat Gen\u00e7lik Hizmetleri ve Spor \u0130l\u00e7e M\u00fcd\u00fcrl\u00fc\u011f\u00fc personelinin de katk\u0131 sundu\u011fu etkinlikte, \u00e7ocuklar \u00e7e\u015fitli oyunlarla e\u011flenirken m\u00fczik e\u015fli\u011finde keyifli vakit ge\u00e7irdi. Kutlama hem \u00e7ocuklara hem de ailelerine moral ve motivasyon sa\u011flayan s\u0131cak bir atmosferde ger\u00e7ekle\u015fti.<\/p>\n\n\n\n<p>Etkinlik kapsam\u0131nda yap\u0131lan a\u00e7\u0131klamada, koruyucu aile olman\u0131n yaln\u0131zca bir \u00e7ocu\u011fun sorumlulu\u011funu \u00fcstlenmek de\u011fil, ayn\u0131 zamanda ona umut olmak, g\u00fcven vermek ve sevgiyle topluma kazand\u0131rmak anlam\u0131na geldi\u011fi vurguland\u0131. \u201cBir \u00e7ocu\u011fun hayat\u0131na sevgiyle dokunmak d\u00fcnyadaki en g\u00fczel mirast\u0131r. \u00c7\u00fcnk\u00fc her \u00e7ocuk, sevgiyle b\u00fcy\u00fcrse hayat\u0131n en g\u00fc\u00e7l\u00fc kahraman\u0131 olur,\u201d ifadelerine yer verildi.<\/p>\n\n\n\n<p>\u201c\u00c7ocuklara verilecek en g\u00fczel hediye ailedir\u201d ilkesiyle y\u00fcr\u00fct\u00fclen Koruyucu Aile Hizmeti sayesinde, \u00e7ocuklara s\u0131cak bir yuva sunan ve can ba\u011f\u0131yla ba\u011f kuran Manavgatl\u0131 koruyucu ailelere te\u015fekk\u00fcr edildi.<\/p>\n\n\n\n<p>Etkinlik, \u201cKo\u015fulsuz bir sevgi ile her \u015feyi de\u011fi\u015ftirmek m\u00fcmk\u00fcn. \u00c7\u00fcnk\u00fc baz\u0131 \u00e7ocuklar anne ve babalar\u0131n\u0131n kalbinden do\u011far\u201d mesaj\u0131yla sona erdi.<\/p>\n\n\n\n<p>B\u00fc\u015fra Deveci \/ Haber<\/p>\n","protected":false},"excerpt":{"rendered":"<p>30 Haziran Koruyucu Aile G\u00fcn\u00fc dolay\u0131s\u0131yla Manavgat Sosyal Hizmet Merkezi M\u00fcd\u00fcrl\u00fc\u011f\u00fc, il\u00e7ede ya\u015fayan koruyucu aileler ve \u00e7ocuklarla anlaml\u0131 bir bulu\u015fma ger\u00e7ekle\u015ftirdi. Manavgat Gen\u00e7lik Hizmetleri ve <a href=\"https:\/\/akdenizhaber.com.tr\/index.php\/2025\/07\/01\/manavgatta-koruyucu-aile-gunu-kutlandi\/\" class=\"read-more-link\">[more&#8230;]<\/a><\/p>\n","protected":false},"author":2,"featured_media":29363,"comment_status":"open","ping_status":"open","sticky":false,"template":"","format":"standard","meta":{"footnotes":""},"categories":[2],"tags":[],"class_list":["post-29362","post","type-post","status-publish","format-standard","has-post-thumbnail","hentry","category-gundem"],"_links":{"self":[{"href":"https:\/\/akdenizhaber.com.tr\/index.php\/wp-json\/wp\/v2\/posts\/29362","targetHints":{"allow":["GET"]}}],"collection":[{"href":"https:\/\/akdenizhaber.com.tr\/index.php\/wp-json\/wp\/v2\/posts"}],"about":[{"href":"https:\/\/akdenizhaber.com.tr\/index.php\/wp-json\/wp\/v2\/types\/post"}],"author":[{"embeddable":true,"href":"https:\/\/akdenizhaber.com.tr\/index.php\/wp-json\/wp\/v2\/users\/2"}],"replies":[{"embeddable":true,"href":"https:\/\/akdenizhaber.com.tr\/index.php\/wp-json\/wp\/v2\/comments?post=29362"}],"version-history":[{"count":1,"href":"https:\/\/akdenizhaber.com.tr\/index.php\/wp-json\/wp\/v2\/posts\/29362\/revisions"}],"predecessor-version":[{"id":29364,"href":"https:\/\/akdenizhaber.com.tr\/index.php\/wp-json\/wp\/v2\/posts\/29362\/revisions\/29364"}],"wp:featuredmedia":[{"embeddable":true,"href":"https:\/\/akdenizhaber.com.tr\/index.php\/wp-json\/wp\/v2\/media\/29363"}],"wp:attachment":[{"href":"https:\/\/akdenizhaber.com.tr\/index.php\/wp-json\/wp\/v2\/media?parent=29362"}],"wp:term":[{"taxonomy":"category","embeddable":true,"href":"https:\/\/akdenizhaber.com.tr\/index.php\/wp-json\/wp\/v2\/categories?post=29362"},{"taxonomy":"post_tag","embeddable":true,"href":"https:\/\/akdenizhaber.com.tr\/index.php\/wp-json\/wp\/v2\/tags?post=29362"}],"curies":[{"name":"wp","href":"https:\/\/api.w.org\/{rel}","templated":true}]}}